{"id":442,"date":"2009-08-06T15:53:05","date_gmt":"2009-08-06T12:53:05","guid":{"rendered":"http:\/\/privacy.cyber-rights.org.tr\/?p=442"},"modified":"2009-08-06T15:53:13","modified_gmt":"2009-08-06T12:53:13","slug":"radikal-iletisim-baskanina-facebook-davasi","status":"publish","type":"post","link":"https:\/\/privacy.cyber-rights.org.tr\/?p=442","title":{"rendered":"Radikal: \u0130leti\u015fim Ba\u015fkan\u0131&#8217;na Facebook davas\u0131"},"content":{"rendered":"<p><a href=\"http:\/\/www.radikal.com.tr\/Radikal.aspx?aType=RadikalDetay&#038;ArticleID=948486&#038;Date=06.08.2009&#038;CategoryID=77\">\u0130leti\u015fim Ba\u015fkan\u0131&#8217;na Facebook davas\u0131 \/ T\u00fcrkiye \/ Radikal \u0130nternet<\/a>: &#8220;\u0130leti\u015fim Ba\u015fkan\u0131&#8217;na Facebook davas\u0131<\/p>\n<p>06\/08\/2009 10:58<\/p>\n<p>Sincan 1. A\u011f\u0131r Ceza Mahkemesi, CHP Grup Ba\u015fkanvekili Kemal K\u0131l\u0131\u00e7daro\u011flu&#8217;nun \u015fikayeti \u00fczerine, Ankara Cumhuriyet Ba\u015fsavc\u0131l\u0131\u011f\u0131nca ba\u015flat\u0131lan soru\u015fturma sonunda Telekom\u00fcnikasyon \u0130leti\u015fim Ba\u015fkan\u0131 (T\u0130B) Fethi \u015eim\u015fek hakk\u0131nda verilen &#8216;takipsizlik&#8217; karar\u0131n\u0131 kald\u0131rd\u0131.<\/p>\n<p>Mahkeme, Fethi \u015eim\u015fek\u2019in su\u00e7lu olup olmad\u0131\u011f\u0131na yarg\u0131lama sonucu karar verilmesi gerekti\u011fine i\u015faret ederek, \u015eim\u015fek\u2019in &#8216;Mahkeme karar\u0131n\u0131 yerine getirmemek sureti ile g\u00f6revi k\u00f6t\u00fcye kullanma&#8217; su\u00e7undan yarg\u0131lanmas\u0131na h\u00fckmetti.<br \/>\nKemal K\u0131l\u0131\u00e7daro\u011flu, son yerel se\u00e7imler \u00f6ncesinde, Facebook\u2019ta, ismiyle kurulan bir grupla ki\u015filik haklar\u0131na sald\u0131r\u0131da bulunuldu\u011fu gerek\u00e7esiyle avukat\u0131 Mutluhan Karag\u00f6zo\u011flu arac\u0131l\u0131\u011f\u0131yla mahkemeye ba\u015fvurmu\u015f, m\u00fcmk\u00fcnse gruba, m\u00fcmk\u00fcn olmamas\u0131 halinde Facebook\u2019a eri\u015fimin engellenmesi talebinde bulunmu\u015ftu.<br \/>\nBa\u015fvuruyu yerinde bulan Ankara 19. Asliye Hukuk Mahkemesi, gruba olmad\u0131\u011f\u0131 takdirde, Facebook\u2019a eri\u015fimin engellenmesine h\u00fckmetmi\u015fti.<br \/>\nKarar\u0131n tebli\u011f edildi\u011fi T\u0130B ise 20 Mart 2009\u2019da, mahkeme karar\u0131n\u0131n uygulanmas\u0131n\u0131n, 5651 say\u0131l\u0131 \u0130nternet Ortam\u0131nda Yap\u0131lan Yay\u0131nlar\u0131n D\u00fczenlenmesi ve Bu Yay\u0131nlar Yoluyla \u0130\u015flenen Su\u00e7larla M\u00fccadele Edilmesi Hakk\u0131nda Kanun h\u00fck\u00fcmleri \u00e7er\u00e7evesinde m\u00fcmk\u00fcn olmad\u0131\u011f\u0131n\u0131 bildirmi\u015fti.<br \/>\nBunun \u00fczerine K\u0131l\u0131\u00e7daro\u011flu\u2019nun avukatlar\u0131, \u015eim\u015fek hakk\u0131nda, &#8216;mahkeme karar\u0131n\u0131 yerine getirmemek suretiyle g\u00f6revi k\u00f6t\u00fcye kulland\u0131\u011f\u0131&#8217; iddias\u0131yla su\u00e7 duyurusunda bulunmu\u015ftu.<br \/>\nAnkara Cumhuriyet Ba\u015fsavc\u0131l\u0131\u011f\u0131, soru\u015fturmada &#8216;kovu\u015fturmaya yer olmad\u0131\u011f\u0131na&#8217; karar vermi\u015fti.<br \/>\nTakipsizlik karar\u0131nda, T\u0130B\u2019in, 5651 say\u0131l\u0131 Kanun\u2019un &#8216;Eri\u015fimin engellenmesi karar\u0131 ve yerine getirilmesi&#8217; ba\u015fl\u0131kl\u0131 8. maddesinde say\u0131lan su\u00e7lar d\u0131\u015f\u0131nda kurumun uygulayabilece\u011fi herhangi bir tedbirin bulunmad\u0131\u011f\u0131n\u0131 belirtti\u011fi kaydedilerek, &#8216;kurum ba\u015fkanl\u0131\u011f\u0131n\u0131n, katalog su\u00e7 i\u00e7inde yer almayan olayla ilgili tedbire y\u00f6nelik mahkeme karar\u0131n\u0131 infaz etme g\u00f6rev ve sorumlulu\u011funun bulunmad\u0131\u011f\u0131n\u0131n anla\u015f\u0131ld\u0131\u011f\u0131&#8217; ifade edilmi\u015fti.<br \/>\n\u015eim\u015fek\u2019in, &#8216;mahkeme karar\u0131n\u0131 yerine getirmeme kast\u0131 ile eylemde bulunmad\u0131\u011f\u0131&#8217; belirtilen kararda, kovu\u015fturmaya yer olmad\u0131\u011f\u0131na karar verildi\u011fi kaydedilmi\u015fti.<br \/>\nK\u0131l\u0131\u00e7daro\u011flu\u2019nun avukatlar\u0131 ise kovu\u015fturmaya yer olmad\u0131\u011f\u0131 y\u00f6n\u00fcndeki karara, Sincan A\u011f\u0131r Ceza Mahkemesi arac\u0131l\u0131\u011f\u0131yla itirazda bulunmu\u015ftu.<br \/>\n\u0130tiraz dilek\u00e7esinde, ba\u011f\u0131ms\u0131z mahkemelerin karar\u0131na herkesin uymas\u0131 gerekti\u011fi vurgulanarak, &#8216;\u0130dari makamlar\u0131n ve bunlar\u0131n ba\u015f\u0131nda bulunan y\u00f6neticilerin, temyiz ve itiraz merci gibi davranarak, mahkemelerin kararlar\u0131n\u0131n hukuken ge\u00e7erli olup olmad\u0131\u011f\u0131n\u0131 tart\u0131\u015fma gibi bir hak ve yetkileri bulunmamaktad\u0131r&#8217; denilmi\u015fti.<br \/>\nDilek\u00e7ede, Ankara Cumhuriyet Ba\u015fsavc\u0131l\u0131\u011f\u0131n\u0131n kovu\u015fturmaya yer olmad\u0131\u011f\u0131 karar\u0131 kald\u0131r\u0131larak, \u015eim\u015fek hakk\u0131nda kamu davas\u0131 a\u00e7\u0131lmas\u0131 talep edilmi\u015fti.(aa)<\/p>\n","protected":false},"excerpt":{"rendered":"<p>\u0130leti\u015fim Ba\u015fkan\u0131&#8217;na Facebook davas\u0131 \/ T\u00fcrkiye \/ Radikal \u0130nternet: &#8220;\u0130leti\u015fim Ba\u015fkan\u0131&#8217;na Facebook davas\u0131 06\/08\/2009 10:58 Sincan 1. A\u011f\u0131r Ceza Mahkemesi, CHP Grup Ba\u015fkanvekili Kemal K\u0131l\u0131\u00e7daro\u011flu&#8217;nun \u015fikayeti \u00fczerine, Ankara Cumhuriyet Ba\u015fsavc\u0131l\u0131\u011f\u0131nca ba\u015flat\u0131lan soru\u015fturma sonunda Telekom\u00fcnikasyon \u0130leti\u015fim Ba\u015fkan\u0131 (T\u0130B) Fethi \u015eim\u015fek hakk\u0131nda verilen &#8216;takipsizlik&#8217; karar\u0131n\u0131 kald\u0131rd\u0131. Mahkeme, Fethi \u015eim\u015fek\u2019in su\u00e7lu olup olmad\u0131\u011f\u0131na yarg\u0131lama sonucu karar verilmesi gerekti\u011fine i\u015faret ederek, \u015eim\u015fek\u2019in &#8216;Mahkeme karar\u0131n\u0131&#8230;<\/p>\n","protected":false},"author":1,"featured_media":0,"comment_status":"open","ping_status":"closed","sticky":false,"template":"","format":"standard","meta":{"jetpack_post_was_ever_published":false,"_jetpack_newsletter_access":"","_jetpack_dont_email_post_to_subs":false,"_jetpack_newsletter_tier_id":0,"_jetpack_memberships_contains_paywalled_content":false,"_jetpack_memberships_contains_paid_content":false,"footnotes":"","jetpack_publicize_message":"","jetpack_publicize_feature_enabled":true,"jetpack_social_post_already_shared":false,"jetpack_social_options":{"image_generator_settings":{"template":"highway","default_image_id":0,"font":"","enabled":false},"version":2}},"categories":[22,55,28,17],"tags":[],"class_list":["post-442","post","type-post","status-publish","format-standard","hentry","category-5651-nolu-kanun","category-facebook","category-hakaret","category-tib"],"jetpack_publicize_connections":[],"jetpack_featured_media_url":"","jetpack_sharing_enabled":true,"jetpack_shortlink":"https:\/\/wp.me\/p7wjA8-78","jetpack-related-posts":[],"_links":{"self":[{"href":"https:\/\/privacy.cyber-rights.org.tr\/index.php?rest_route=\/wp\/v2\/posts\/442","targetHints":{"allow":["GET"]}}],"collection":[{"href":"https:\/\/privacy.cyber-rights.org.tr\/index.php?rest_route=\/wp\/v2\/posts"}],"about":[{"href":"https:\/\/privacy.cyber-rights.org.tr\/index.php?rest_route=\/wp\/v2\/types\/post"}],"author":[{"embeddable":true,"href":"https:\/\/privacy.cyber-rights.org.tr\/index.php?rest_route=\/wp\/v2\/users\/1"}],"replies":[{"embeddable":true,"href":"https:\/\/privacy.cyber-rights.org.tr\/index.php?rest_route=%2Fwp%2Fv2%2Fcomments&post=442"}],"version-history":[{"count":0,"href":"https:\/\/privacy.cyber-rights.org.tr\/index.php?rest_route=\/wp\/v2\/posts\/442\/revisions"}],"wp:attachment":[{"href":"https:\/\/privacy.cyber-rights.org.tr\/index.php?rest_route=%2Fwp%2Fv2%2Fmedia&parent=442"}],"wp:term":[{"taxonomy":"category","embeddable":true,"href":"https:\/\/privacy.cyber-rights.org.tr\/index.php?rest_route=%2Fwp%2Fv2%2Fcategories&post=442"},{"taxonomy":"post_tag","embeddable":true,"href":"https:\/\/privacy.cyber-rights.org.tr\/index.php?rest_route=%2Fwp%2Fv2%2Ftags&post=442"}],"curies":[{"name":"wp","href":"https:\/\/api.w.org\/{rel}","templated":true}]}}