{"id":444,"date":"2009-08-07T16:29:20","date_gmt":"2009-08-07T13:29:20","guid":{"rendered":"http:\/\/privacy.cyber-rights.org.tr\/?p=444"},"modified":"2009-08-07T16:29:32","modified_gmt":"2009-08-07T13:29:32","slug":"iletisim-baskanina-facebook-davasi","status":"publish","type":"post","link":"https:\/\/privacy.cyber-rights.org.tr\/?p=444","title":{"rendered":"\u0130leti\u015fim Ba\u015fkan\u0131&#8217;na Facebook davas\u0131"},"content":{"rendered":"<p><a href=\"http:\/\/www.ntvmsnbc.com\/id\/24989498\/\">\u0130leti\u015fim Ba\u015fkan\u0131&#8217;na Facebook davas\u0131<\/a>: &#8220;<\/p>\n<p><a href=\"http:\/\/www.ntvmsnbc.com\/id\/24989498\/\"><img data-recalc-dims=\"1\" decoding=\"async\" align=\"left\" border=\"0\" src=\"https:\/\/i0.wp.com\/media.ntvmsnbc.com\/j\/NTVMSNBC\/Components\/ArtAndPhoto-Fronts\/Sections-StoryLevel\/T%C3%BCrkiye\/Polis%20Adliye\/fethi.thumb.jpg\" alt=\"\" style=\"margin:0 5px 5px 0\" \/><\/a>Facebook&#8217;ta &#8216;Kemal K\u0131l\u0131\u00e7daro\u011flu PKK&#8217;l\u0131d\u0131r&#8217; iddias\u0131yla kurulan grubun engellenmesi y\u00f6n\u00fcndeki mahkeme karar\u0131n\u0131 &#8216;yetkim de\u011fil&#8217; diyerek uygulamayan Fethi \u015eim\u015fek, g\u00f6revini k\u00f6t\u00fcye kullanmakla su\u00e7lan\u0131yor.<\/p>\n<p><br clear=\"all\" \/>&#8220;<\/p>\n<p>(Via <a href=\"http:\/\/www.ntvmsnbc.com\/id\/24927683\/\">NTVMSNBC.com: T\u00fcrkiye<\/a>.)<\/p>\n","protected":false},"excerpt":{"rendered":"<p>\u0130leti\u015fim Ba\u015fkan\u0131&#8217;na Facebook davas\u0131: &#8220; Facebook&#8217;ta &#8216;Kemal K\u0131l\u0131\u00e7daro\u011flu PKK&#8217;l\u0131d\u0131r&#8217; iddias\u0131yla kurulan grubun engellenmesi y\u00f6n\u00fcndeki mahkeme karar\u0131n\u0131 &#8216;yetkim de\u011fil&#8217; diyerek uygulamayan Fethi \u015eim\u015fek, g\u00f6revini k\u00f6t\u00fcye kullanmakla su\u00e7lan\u0131yor. &#8220; (Via NTVMSNBC.com: T\u00fcrkiye.)<\/p>\n","protected":false},"author":1,"featured_media":0,"comment_status":"open","ping_status":"closed","sticky":false,"template":"","format":"standard","meta":{"jetpack_post_was_ever_published":false,"_jetpack_newsletter_access":"","_jetpack_dont_email_post_to_subs":false,"_jetpack_newsletter_tier_id":0,"_jetpack_memberships_contains_paywalled_content":false,"_jetpack_memberships_contains_paid_content":false,"footnotes":"","jetpack_publicize_message":"","jetpack_publicize_feature_enabled":true,"jetpack_social_post_already_shared":false,"jetpack_social_options":{"image_generator_settings":{"template":"highway","default_image_id":0,"font":"","enabled":false},"version":2}},"categories":[22,21,55,28],"tags":[],"class_list":["post-444","post","type-post","status-publish","format-standard","hentry","category-5651-nolu-kanun","category-erisim-engelleme","category-facebook","category-hakaret"],"jetpack_publicize_connections":[],"jetpack_featured_media_url":"","jetpack_sharing_enabled":true,"jetpack_shortlink":"https:\/\/wp.me\/p7wjA8-7a","jetpack-related-posts":[],"_links":{"self":[{"href":"https:\/\/privacy.cyber-rights.org.tr\/index.php?rest_route=\/wp\/v2\/posts\/444","targetHints":{"allow":["GET"]}}],"collection":[{"href":"https:\/\/privacy.cyber-rights.org.tr\/index.php?rest_route=\/wp\/v2\/posts"}],"about":[{"href":"https:\/\/privacy.cyber-rights.org.tr\/index.php?rest_route=\/wp\/v2\/types\/post"}],"author":[{"embeddable":true,"href":"https:\/\/privacy.cyber-rights.org.tr\/index.php?rest_route=\/wp\/v2\/users\/1"}],"replies":[{"embeddable":true,"href":"https:\/\/privacy.cyber-rights.org.tr\/index.php?rest_route=%2Fwp%2Fv2%2Fcomments&post=444"}],"version-history":[{"count":0,"href":"https:\/\/privacy.cyber-rights.org.tr\/index.php?rest_route=\/wp\/v2\/posts\/444\/revisions"}],"wp:attachment":[{"href":"https:\/\/privacy.cyber-rights.org.tr\/index.php?rest_route=%2Fwp%2Fv2%2Fmedia&parent=444"}],"wp:term":[{"taxonomy":"category","embeddable":true,"href":"https:\/\/privacy.cyber-rights.org.tr\/index.php?rest_route=%2Fwp%2Fv2%2Fcategories&post=444"},{"taxonomy":"post_tag","embeddable":true,"href":"https:\/\/privacy.cyber-rights.org.tr\/index.php?rest_route=%2Fwp%2Fv2%2Ftags&post=444"}],"curies":[{"name":"wp","href":"https:\/\/api.w.org\/{rel}","templated":true}]}}