{"id":449,"date":"2009-08-18T18:10:21","date_gmt":"2009-08-18T15:10:21","guid":{"rendered":"http:\/\/privacy.cyber-rights.org.tr\/?p=449"},"modified":"2009-08-18T18:10:33","modified_gmt":"2009-08-18T15:10:33","slug":"birgun-fisleme-durdurulmalidir","status":"publish","type":"post","link":"https:\/\/privacy.cyber-rights.org.tr\/?p=449","title":{"rendered":"BirG\u00fcn: F\u0130\u015eLEME DURDURULMALIDIR"},"content":{"rendered":"<p><a href=\"http:\/\/www.birgun.net\/actuel_index.php?news_code=1250585106&#038;year=2009&#038;month=08&#038;day=18\">Halk\u0131n Gazetesi BirG\u00fcn &#8230;<\/a> \u2018F\u0130\u015eLEME DURDURULMALIDIR\u2019<\/p>\n<p>11:45 18 A\u011fustos 2009<\/p>\n<p>Bir ki\u015finin kamu kurumlar\u0131nda ya\u015fad\u0131\u011f\u0131 s\u0131k\u0131nt\u0131 sonucunda &#8216;Bilgi Edinme Hakk\u0131&#8217;n\u0131 kullanarak fi\u015flendi\u011fini \u00f6\u011frenmesinin ard\u0131ndan a\u00e7\u0131klama yapan Yarg\u0131\u00e7lar ve Savc\u0131lar Birli\u011fi (YARSAV) Ba\u015fkan\u0131 \u00d6mer Faruk Emina\u011fao\u011flu,  fi\u015fleme uygulamalar\u0131n\u0131n yo\u011fun \u015fekilde s\u00fcrd\u00fc\u011f\u00fcn\u00fcn anla\u015f\u0131ld\u0131\u011f\u0131n\u0131 belirtti ve &#8216;Hi\u00e7 kimse fi\u015flenerek, d\u00fcnya g\u00f6r\u00fc\u015f\u00fc, do\u011fum yeri gibi nedenlerle ayr\u0131mc\u0131 i\u015flemlere tabi tutulmamal\u0131d\u0131r&#8217; dedi.<br \/>\nEmina\u011fao\u011flu, yapt\u0131\u011f\u0131 yaz\u0131l\u0131 a\u00e7\u0131klamada, Adalet Bakanl\u0131\u011f\u0131na da \u00e7a\u011fr\u0131da bulundu, yarg\u0131\u00e7 adaylar\u0131n\u0131 fi\u015flememesini istedi.<br \/>\nAdalet Bakanl\u0131\u011f\u0131n\u0131n yarg\u0131\u00e7 ve Cumhuriyet savc\u0131lar\u0131 hakk\u0131nda y\u00fcr\u00fctt\u00fc\u011f\u00fc ileti\u015fimin tesbiti, kayda al\u0131nmas\u0131, sinyal bilgilerinin de\u011ferlendirilmesi, gizli g\u00f6revli g\u00f6revlendirmesi, teknik ara\u00e7la izleme gibi y\u00f6ntemlerin de hukuka ayk\u0131r\u0131 oldu\u011funu ifade eden Emina\u011fao\u011flu \u015funlar\u0131 kaydetti:<br \/>\n&#8216;Adalet Bakanl\u0131\u011f\u0131, bir hukuk devletinde i\u015flemleriyle hukuku ihlal eden birinci kurum olmaktan \u00e7\u0131kmal\u0131d\u0131r. Bu tablo yarg\u0131 ba\u011f\u0131ms\u0131zl\u0131\u011f\u0131n\u0131n ve hukuk devletinin ne durumda oldu\u011funu g\u00f6stermektedir. Hukuk devletinin olmazsa olmaz ko\u015fulu ve varl\u0131\u011f\u0131, yarg\u0131 ve yarg\u0131 ba\u011f\u0131ms\u0131zl\u0131\u011f\u0131na ba\u011fl\u0131d\u0131r. Fi\u015flenen ve fi\u015flenerek etkisizle\u015ftirilmeye \u00e7al\u0131\u015f\u0131lan yarg\u0131 bu s\u00fcrece elbette dur diyecektir. Hi\u00e7 kimse g\u00fcd\u00fcml\u00fc bir yarg\u0131 yaratma projesi i\u00e7inde olmamal\u0131d\u0131r.&#8217;<br \/>\nFi\u015fleme uygulamas\u0131n\u0131n devam etti\u011fi, iki y\u0131ld\u0131r h\u00e2kimlik s\u0131navlar\u0131n\u0131 kazanan ancak m\u00fclakatlar\u0131 kaybeden M.D.&#8217;nin Adalet Bakanl\u0131\u011f\u0131\u2019na ba\u015fvurmas\u0131yla ortaya \u00e7\u0131kt\u0131. \u2018\u00d6\u011frencili\u011fi s\u0131ras\u0131nda \u00f6rg\u00fctsel eylemlere kat\u0131lm\u0131\u015f olabilir\u2019 diye fi\u015flendi\u011fini \u00f6\u011frenenen M.D.&#8217;nin kay\u0131tlar\u0131n\u0131n, 2000 y\u0131l\u0131nda \u00e7\u0131kan y\u00f6netmeli\u011fe g\u00f6re silinmesi gerekiyordu. S\u00f6z konusu y\u00f6netmeli\u011fe g\u00f6re her t\u00fcrl\u00fc fi\u015flemenin silinmesi gerekiyordu.<\/p>\n","protected":false},"excerpt":{"rendered":"<p>Halk\u0131n Gazetesi BirG\u00fcn &#8230; \u2018F\u0130\u015eLEME DURDURULMALIDIR\u2019 11:45 18 A\u011fustos 2009 Bir ki\u015finin kamu kurumlar\u0131nda ya\u015fad\u0131\u011f\u0131 s\u0131k\u0131nt\u0131 sonucunda &#8216;Bilgi Edinme Hakk\u0131&#8217;n\u0131 kullanarak fi\u015flendi\u011fini \u00f6\u011frenmesinin ard\u0131ndan a\u00e7\u0131klama yapan Yarg\u0131\u00e7lar ve Savc\u0131lar Birli\u011fi (YARSAV) Ba\u015fkan\u0131 \u00d6mer Faruk Emina\u011fao\u011flu, fi\u015fleme uygulamalar\u0131n\u0131n yo\u011fun \u015fekilde s\u00fcrd\u00fc\u011f\u00fcn\u00fcn anla\u015f\u0131ld\u0131\u011f\u0131n\u0131 belirtti ve &#8216;Hi\u00e7 kimse fi\u015flenerek, d\u00fcnya g\u00f6r\u00fc\u015f\u00fc, do\u011fum yeri gibi nedenlerle ayr\u0131mc\u0131 i\u015flemlere tabi tutulmamal\u0131d\u0131r&#8217; dedi. Emina\u011fao\u011flu, yapt\u0131\u011f\u0131 yaz\u0131l\u0131&#8230;<\/p>\n","protected":false},"author":1,"featured_media":0,"comment_status":"open","ping_status":"closed","sticky":false,"template":"","format":"standard","meta":{"jetpack_post_was_ever_published":false,"_jetpack_newsletter_access":"","_jetpack_dont_email_post_to_subs":false,"_jetpack_newsletter_tier_id":0,"_jetpack_memberships_contains_paywalled_content":false,"_jetpack_memberships_contains_paid_content":false,"footnotes":"","jetpack_publicize_message":"","jetpack_publicize_feature_enabled":true,"jetpack_social_post_already_shared":false,"jetpack_social_options":{"image_generator_settings":{"template":"highway","default_image_id":0,"font":"","enabled":false},"version":2}},"categories":[68,92,20],"tags":[],"class_list":["post-449","post","type-post","status-publish","format-standard","hentry","category-bilgi-edinme-hakki","category-fisleme","category-kisisel-verilerin-korunmasi"],"jetpack_publicize_connections":[],"jetpack_featured_media_url":"","jetpack_sharing_enabled":true,"jetpack_shortlink":"https:\/\/wp.me\/p7wjA8-7f","jetpack-related-posts":[],"_links":{"self":[{"href":"https:\/\/privacy.cyber-rights.org.tr\/index.php?rest_route=\/wp\/v2\/posts\/449","targetHints":{"allow":["GET"]}}],"collection":[{"href":"https:\/\/privacy.cyber-rights.org.tr\/index.php?rest_route=\/wp\/v2\/posts"}],"about":[{"href":"https:\/\/privacy.cyber-rights.org.tr\/index.php?rest_route=\/wp\/v2\/types\/post"}],"author":[{"embeddable":true,"href":"https:\/\/privacy.cyber-rights.org.tr\/index.php?rest_route=\/wp\/v2\/users\/1"}],"replies":[{"embeddable":true,"href":"https:\/\/privacy.cyber-rights.org.tr\/index.php?rest_route=%2Fwp%2Fv2%2Fcomments&post=449"}],"version-history":[{"count":0,"href":"https:\/\/privacy.cyber-rights.org.tr\/index.php?rest_route=\/wp\/v2\/posts\/449\/revisions"}],"wp:attachment":[{"href":"https:\/\/privacy.cyber-rights.org.tr\/index.php?rest_route=%2Fwp%2Fv2%2Fmedia&parent=449"}],"wp:term":[{"taxonomy":"category","embeddable":true,"href":"https:\/\/privacy.cyber-rights.org.tr\/index.php?rest_route=%2Fwp%2Fv2%2Fcategories&post=449"},{"taxonomy":"post_tag","embeddable":true,"href":"https:\/\/privacy.cyber-rights.org.tr\/index.php?rest_route=%2Fwp%2Fv2%2Ftags&post=449"}],"curies":[{"name":"wp","href":"https:\/\/api.w.org\/{rel}","templated":true}]}}