{"id":450,"date":"2009-08-18T18:12:49","date_gmt":"2009-08-18T15:12:49","guid":{"rendered":"http:\/\/privacy.cyber-rights.org.tr\/?p=450"},"modified":"2009-08-18T18:13:04","modified_gmt":"2009-08-18T15:13:04","slug":"hurriyet-meger-devlet-fisleri-silmemis","status":"publish","type":"post","link":"https:\/\/privacy.cyber-rights.org.tr\/?p=450","title":{"rendered":"H\u00fcrriyet: Me\u011fer devlet fi\u015fleri silmemi\u015f"},"content":{"rendered":"<p><a href=\"http:\/\/www.hurriyet.com.tr\/gundem\/12289905.asp?gid=229\">Me\u011fer devlet fi\u015fleri silmemi\u015f &#8211; H\u00fcrriyet<\/a>Me\u011fer devlet fi\u015fleri silmemi\u015f\t<\/p>\n<p>Oya ARMUT\u00c7U \/ ANKARA \t17 A\u011fustos 2009<\/p>\n<p>\u0130ki y\u0131ld\u0131r girdi\u011fi h\u00e2kimlik s\u0131navlar\u0131n\u0131 kazanan ancak m\u00fclakatlar\u0131 kaybeden M.D., Adalet Bakanl\u0131\u011f\u0131\u2019na ba\u015fvurunca \u2018\u00d6\u011frencili\u011fi s\u0131ras\u0131nda \u00f6rg\u00fctsel eylemlere kat\u0131lm\u0131\u015f olabilir\u2019 diye fi\u015flendi\u011fini \u00f6\u011frendi. 2000 y\u0131l\u0131nda \u00e7\u0131kan y\u00f6netmeli\u011fe g\u00f6re her t\u00fcrl\u00fc fi\u015flemenin silinmesi gerekiyordu.<\/p>\n<p>EMN\u0130YET Genel M\u00fcd\u00fcrl\u00fc\u011f\u00fc\u2019n\u00fcn (EGM) iki y\u0131ld\u0131r h\u00e2kimlik s\u0131navlar\u0131na girip m\u00fclakatta elenen M.D.\u2019yi, \u2018\u00d6\u011frencili\u011fi s\u0131ras\u0131nda \u00f6rg\u00fctsel eylemlere kat\u0131lm\u0131\u015f olabilir\u2019 diye fi\u015fledi\u011fi ortaya \u00e7\u0131kt\u0131. Bilgi edinme ba\u015fvurusunda bulunarak, \u2018fi\u015flendi\u011fini\u2019 \u00f6\u011frenen M.D., EGM\u2019ye yeniden ba\u015fvurarak, bu \u2018fi\u015fi\u2019 iptal ettirdi ve elendi\u011fi m\u00fclakat s\u0131navlar\u0131 ile ilgili dava a\u00e7t\u0131. Halen askerlik yapmakta olan M.D.\u2019nin son \u015fans\u0131 aral\u0131ktaki s\u0131nav. Memuriyete giri\u015fteki 30 ya\u015f s\u0131n\u0131r\u0131 nedeniyle bu kez de yaz\u0131l\u0131y\u0131 kazan\u0131p m\u00fclakatta elenirse, art\u0131k h\u00e2kim olamayacak. M.D, 2007\u2019den bu yana t\u00fcm h\u00e2kimlik s\u0131navlar\u0131na girip kazand\u0131\u011f\u0131 halde, m\u00fclakatta elenince Yarg\u0131\u00e7lar ve Savc\u0131lar Birli\u011fi\u2019nden (YARSAV) yard\u0131m istedi. YARSAV\u2019\u0131n \u00f6nerisiyle, \u2018Bilgi Edinme Yasas\u0131\u2019 kapsam\u0131nda 2 Kas\u0131m 2008\u2019de Adalet Bakanl\u0131\u011f\u0131 ve EGM\u2019ye ba\u015fvurdu. M.D. \u2018fi\u015flendi\u011fini\u2019 bakanl\u0131ktan gelen resmi yaz\u0131yla \u00f6\u011frendi. B\u00f6ylece yasal d\u00fczenlemelere kar\u015f\u0131n fi\u015flemenin s\u00fcrd\u00fc\u011f\u00fc belgelendi.<br \/>\nEGM\u2019nin, Adalet Bakanl\u0131\u011f\u0131 Personel Genel M\u00fcd\u00fcrl\u00fc\u011f\u00fc\u2019ne g\u00f6nderdi\u011fi 9 Aral\u0131k 2008 tarihli yaz\u0131da fi\u015fleme \u015f\u00f6yle yer ald\u0131: \u2018M.D. isimli \u015fahs\u0131n Bilgi Edinme Hakk\u0131 Kanunu kapsam\u0131nda talep etti\u011fi bilgileri i\u00e7eren dilek\u00e7esi incelenmi\u015ftir. Ad\u0131 ge\u00e7en hakk\u0131nda, bakanl\u0131\u011f\u0131m\u0131z Personel Genel M\u00fcd\u00fcrl\u00fc\u011f\u00fc\u2019ne, \u2018\u015fah\u0131s ile ilgili \u00f6\u011frencilik d\u00f6neminde \u00f6rg\u00fctsel eylemlere i\u015ftirak etti\u011fi y\u00f6n\u00fcnde duyumlar al\u0131nm\u0131\u015f; ancak yap\u0131lan \u00e7al\u0131\u015fmalarda al\u0131nan duyumlar teyit edilemedi\u011finden, Bakanlar Kurulu\u2019nun 14.2.2000 tarihli ve 2000\/284 say\u0131l\u0131 ile \u00e7\u0131kard\u0131\u011f\u0131 G\u00fcvenlik Soru\u015fturmas\u0131 ve Ar\u015fiv Ara\u015ft\u0131rmas\u0131 Y\u00f6netmeli\u011fi h\u00fck\u00fcmleri gere\u011fince g\u00f6nderilmemi\u015f olup, ba\u015fka bir ar\u015fiv kayd\u0131na rastlanmam\u0131\u015ft\u0131r\u2019 \u015feklinde cevap verildi\u011fi anla\u015f\u0131lm\u0131\u015ft\u0131r.\u2019Yaz\u0131da, Bilgi Edinme Hakk\u0131 Kanunu\u2019nun uygulanmas\u0131na ili\u015fkin y\u00f6netmeli\u011fe g\u00f6re, \u2018\u0130stihbarata ili\u015fkin bilgi ve belgelerin ancak istihbari ara\u015ft\u0131rma ve soru\u015fturma isteyen kurulu\u015fun biriminden istenebilece\u011fi ve bu nedenle M.D.\u2019nin ba\u015fvurusunun \u2018gere\u011fi yap\u0131lmak\u2019 \u00fczere Adalet Bakanl\u0131\u011f\u0131\u2019na g\u00f6nderildi\u011fi belirtildi.<\/p>\n<p>Fi\u015fleme usul\u00fcyle elemeye son verilmeli<\/p>\n<p>YARSAV Ba\u015fkan\u0131 \u00d6mer Faruk Emina\u011fao\u011flu, 2000 tarihli y\u00f6netmeli\u011fe g\u00f6re fi\u015flerin silinmesi gerekti\u011fini ancak, M.D.\u2019nin fi\u015flendi\u011finin bakanl\u0131k yaz\u0131s\u0131ndan anla\u015f\u0131lmas\u0131n\u0131n ard\u0131ndan ba\u015fvurusu \u00fczerine kay\u0131tlar\u0131n\u0131n 2008\u2019de iptal edildi\u011fini s\u00f6yledi. Emina\u011fao\u011flu, h\u00e2kim adayl\u0131\u011f\u0131na kabulde g\u00fcvenlik soru\u015fturmas\u0131 yap\u0131ld\u0131\u011f\u0131n\u0131 vurgulayarak \u2018Fi\u015fleme usul\u00fcyle elemeye son verilmeli\u2019 dedi. Emina\u011fao\u011flu \u015funlar\u0131 s\u00f6yledi: \u2018Bu ki\u015fi hakk\u0131nda Adalet Bakanl\u0131\u011f\u0131\u2019na yaz\u0131lan yaz\u0131lar oldu\u011fu i\u00e7in bilinen ki\u015fi durumunda. Bu nedenle m\u00fclakatlarda \u015fans bulam\u0131yor ve eleniyor. \u2018H\u00e2kimlik s\u0131nav\u0131 m\u00fclakatlar\u0131nda kamera konulacak, sorular ki\u015fiye g\u00f6re de\u011fil, kupadan \u00e7ekilecek\u2019 diye yarg\u0131 kararlar\u0131 var. Ama bakanl\u0131k bunlar\u0131 uygulam\u0131yor. Bu konuda d\u00fczenlemeler hukukun genelli\u011fi i\u00e7inde herkes i\u00e7in yap\u0131lmal\u0131.\u2019<\/p>\n<p>\u0130lk d\u00fczenleme 1994\u2019te, ikincisi 2000\u2019de yap\u0131lm\u0131\u015ft\u0131<\/p>\n<p>F\u0130\u015eLEMELER\u0130N silinmesine ili\u015fkin ilk d\u00fczenleme \u2018G\u00fcvenlik soru\u015fturmas\u0131, baz\u0131 nedenlerle g\u00f6revlerine son verilen kamu personeli ile ilgili\u2019 4045 say\u0131l\u0131 kanunla 1994\u2019te yap\u0131ld\u0131. Kanunun ge\u00e7ici 4. maddesinde, \u2018G\u00fcvenlik soru\u015fturmas\u0131 ve ar\u015fiv ara\u015ft\u0131rmas\u0131na tabi olacaklar ile kanunun 1\u2019inci maddesi kapsam\u0131 d\u0131\u015f\u0131nda kalanlar\u0131n; bu kanunun y\u00fcr\u00fcrl\u00fc\u011fe girdi\u011fi tarihten \u00f6nce yap\u0131lan g\u00fcvenlik soru\u015fturmas\u0131 sonucunda ilgililerin dosyas\u0131na konulmu\u015f olan ve mahkemelerce verilen cezalara ili\u015fkin adli sicil kay\u0131tlar\u0131 d\u0131\u015f\u0131ndaki kay\u0131t ve fi\u015fler ilgilinin ba\u015fvurusu aranmaks\u0131z\u0131n dosyadan \u00e7\u0131kart\u0131l\u0131r\u2019 denildi. 2000\u2019de de G\u00fcvenlik Soru\u015fturmas\u0131 ve Ar\u015fiv Ara\u015ft\u0131rmas\u0131 Y\u00f6netmeli\u011fi\u2019nin ge\u00e7ici 2. maddesinde 4045 say\u0131l\u0131 kanun y\u00fcr\u00fcrl\u00fc\u011fe giri\u015finden \u00f6nce yap\u0131lm\u0131\u015f bulunan g\u00fcvenlik soru\u015fturmas\u0131 ve ar\u015fiv ara\u015ft\u0131rmas\u0131 sonucu dosyalar\u0131na konulan kay\u0131t ve fi\u015flerin ilgilinin ba\u015fvurusu aranmaks\u0131z\u0131n dosyadan \u00e7\u0131kart\u0131l\u0131p imha edilece\u011fi belirtildi.<\/p>\n","protected":false},"excerpt":{"rendered":"<p>Me\u011fer devlet fi\u015fleri silmemi\u015f &#8211; H\u00fcrriyetMe\u011fer devlet fi\u015fleri silmemi\u015f Oya ARMUT\u00c7U \/ ANKARA 17 A\u011fustos 2009 \u0130ki y\u0131ld\u0131r girdi\u011fi h\u00e2kimlik s\u0131navlar\u0131n\u0131 kazanan ancak m\u00fclakatlar\u0131 kaybeden M.D., Adalet Bakanl\u0131\u011f\u0131\u2019na ba\u015fvurunca \u2018\u00d6\u011frencili\u011fi s\u0131ras\u0131nda \u00f6rg\u00fctsel eylemlere kat\u0131lm\u0131\u015f olabilir\u2019 diye fi\u015flendi\u011fini \u00f6\u011frendi. 2000 y\u0131l\u0131nda \u00e7\u0131kan y\u00f6netmeli\u011fe g\u00f6re her t\u00fcrl\u00fc fi\u015flemenin silinmesi gerekiyordu. EMN\u0130YET Genel M\u00fcd\u00fcrl\u00fc\u011f\u00fc\u2019n\u00fcn (EGM) iki y\u0131ld\u0131r h\u00e2kimlik s\u0131navlar\u0131na girip m\u00fclakatta elenen M.D.\u2019yi,&#8230;<\/p>\n","protected":false},"author":1,"featured_media":0,"comment_status":"open","ping_status":"closed","sticky":false,"template":"","format":"standard","meta":{"jetpack_post_was_ever_published":false,"_jetpack_newsletter_access":"","_jetpack_dont_email_post_to_subs":false,"_jetpack_newsletter_tier_id":0,"_jetpack_memberships_contains_paywalled_content":false,"_jetpack_memberships_contains_paid_content":false,"footnotes":"","jetpack_publicize_message":"","jetpack_publicize_feature_enabled":true,"jetpack_social_post_already_shared":false,"jetpack_social_options":{"image_generator_settings":{"template":"highway","default_image_id":0,"font":"","enabled":false},"version":2}},"categories":[68,92,20],"tags":[],"class_list":["post-450","post","type-post","status-publish","format-standard","hentry","category-bilgi-edinme-hakki","category-fisleme","category-kisisel-verilerin-korunmasi"],"jetpack_publicize_connections":[],"jetpack_featured_media_url":"","jetpack_sharing_enabled":true,"jetpack_shortlink":"https:\/\/wp.me\/p7wjA8-7g","jetpack-related-posts":[],"_links":{"self":[{"href":"https:\/\/privacy.cyber-rights.org.tr\/index.php?rest_route=\/wp\/v2\/posts\/450","targetHints":{"allow":["GET"]}}],"collection":[{"href":"https:\/\/privacy.cyber-rights.org.tr\/index.php?rest_route=\/wp\/v2\/posts"}],"about":[{"href":"https:\/\/privacy.cyber-rights.org.tr\/index.php?rest_route=\/wp\/v2\/types\/post"}],"author":[{"embeddable":true,"href":"https:\/\/privacy.cyber-rights.org.tr\/index.php?rest_route=\/wp\/v2\/users\/1"}],"replies":[{"embeddable":true,"href":"https:\/\/privacy.cyber-rights.org.tr\/index.php?rest_route=%2Fwp%2Fv2%2Fcomments&post=450"}],"version-history":[{"count":0,"href":"https:\/\/privacy.cyber-rights.org.tr\/index.php?rest_route=\/wp\/v2\/posts\/450\/revisions"}],"wp:attachment":[{"href":"https:\/\/privacy.cyber-rights.org.tr\/index.php?rest_route=%2Fwp%2Fv2%2Fmedia&parent=450"}],"wp:term":[{"taxonomy":"category","embeddable":true,"href":"https:\/\/privacy.cyber-rights.org.tr\/index.php?rest_route=%2Fwp%2Fv2%2Fcategories&post=450"},{"taxonomy":"post_tag","embeddable":true,"href":"https:\/\/privacy.cyber-rights.org.tr\/index.php?rest_route=%2Fwp%2Fv2%2Ftags&post=450"}],"curies":[{"name":"wp","href":"https:\/\/api.w.org\/{rel}","templated":true}]}}