{"id":455,"date":"2009-09-07T17:01:02","date_gmt":"2009-09-07T14:01:02","guid":{"rendered":"http:\/\/privacy.cyber-rights.org.tr\/?p=455"},"modified":"2009-09-07T17:01:08","modified_gmt":"2009-09-07T14:01:08","slug":"gsm-kayitlari-5-yil-saklaniyor","status":"publish","type":"post","link":"https:\/\/privacy.cyber-rights.org.tr\/?p=455","title":{"rendered":"GSM kay\u0131tlar\u0131 5 y\u0131l saklan\u0131yor!"},"content":{"rendered":"<p><a href=\"http:\/\/www.ntvmsnbc.com\/id\/24997881\/\">GSM kay\u0131tlar\u0131 5 y\u0131l saklan\u0131yor!<\/a>: &#8220;<\/p>\n<p><a href=\"http:\/\/www.ntvmsnbc.com\/id\/24997881\/\"><img data-recalc-dims=\"1\" decoding=\"async\" align=\"left\" border=\"0\" src=\"https:\/\/i0.wp.com\/media.ntvmsnbc.com\/j\/NTVMSNBC\/Components\/ArtAndPhoto-Fronts\/Sections-StoryLevel\/T%C3%BCrkiye\/090906-gsm.thumb.jpg\" alt=\"\" style=\"margin:0 5px 5px 0\" \/><\/a>Ergenekon davas\u0131yla birle\u015ftirilen Dan\u0131\u015ftay sald\u0131r\u0131 ve bir cinayet davas\u0131yla birlikte, T\u00fcrkiye\u2019deki GSM operat\u00f6rlerinin ileti\u015fim kay\u0131tlar\u0131n\u0131 5 y\u0131l s\u00fcreyle sakl\u0131 tuttu\u011fu ortaya \u00e7\u0131kt\u0131. &#8216;Peki bu durum yasal m\u0131?&#8217; sorusuna Do\u00e7. Dr. Y\u0131lmaz Yaz\u0131c\u0131o\u011flu yan\u0131t verdi.<\/p>\n<p><br clear=\"all\" \/>&#8220;<\/p>\n<p>(Via <a href=\"http:\/\/www.ntvmsnbc.com\/id\/24927683\/\">NTVMSNBC.com: T\u00fcrkiye<\/a>.)<\/p>\n","protected":false},"excerpt":{"rendered":"<p>GSM kay\u0131tlar\u0131 5 y\u0131l saklan\u0131yor!: &#8220; Ergenekon davas\u0131yla birle\u015ftirilen Dan\u0131\u015ftay sald\u0131r\u0131 ve bir cinayet davas\u0131yla birlikte, T\u00fcrkiye\u2019deki GSM operat\u00f6rlerinin ileti\u015fim kay\u0131tlar\u0131n\u0131 5 y\u0131l s\u00fcreyle sakl\u0131 tuttu\u011fu ortaya \u00e7\u0131kt\u0131. &#8216;Peki bu durum yasal m\u0131?&#8217; sorusuna Do\u00e7. Dr. Y\u0131lmaz Yaz\u0131c\u0131o\u011flu yan\u0131t verdi. &#8220; (Via NTVMSNBC.com: T\u00fcrkiye.)<\/p>\n","protected":false},"author":1,"featured_media":0,"comment_status":"open","ping_status":"closed","sticky":false,"template":"","format":"standard","meta":{"jetpack_post_was_ever_published":false,"_jetpack_newsletter_access":"","_jetpack_dont_email_post_to_subs":false,"_jetpack_newsletter_tier_id":0,"_jetpack_memberships_contains_paywalled_content":false,"_jetpack_memberships_contains_paid_content":false,"footnotes":"","jetpack_publicize_message":"","jetpack_publicize_feature_enabled":true,"jetpack_social_post_already_shared":false,"jetpack_social_options":{"image_generator_settings":{"template":"highway","default_image_id":0,"font":"","enabled":false},"version":2}},"categories":[15,19,20,10,14,17],"tags":[],"class_list":["post-455","post","type-post","status-publish","format-standard","hentry","category-gizli-dinleme","category-izleme","category-kisisel-verilerin-korunmasi","category-mahremiyet","category-telekulak","category-tib"],"jetpack_publicize_connections":[],"jetpack_featured_media_url":"","jetpack_sharing_enabled":true,"jetpack_shortlink":"https:\/\/wp.me\/p7wjA8-7l","jetpack-related-posts":[],"_links":{"self":[{"href":"https:\/\/privacy.cyber-rights.org.tr\/index.php?rest_route=\/wp\/v2\/posts\/455","targetHints":{"allow":["GET"]}}],"collection":[{"href":"https:\/\/privacy.cyber-rights.org.tr\/index.php?rest_route=\/wp\/v2\/posts"}],"about":[{"href":"https:\/\/privacy.cyber-rights.org.tr\/index.php?rest_route=\/wp\/v2\/types\/post"}],"author":[{"embeddable":true,"href":"https:\/\/privacy.cyber-rights.org.tr\/index.php?rest_route=\/wp\/v2\/users\/1"}],"replies":[{"embeddable":true,"href":"https:\/\/privacy.cyber-rights.org.tr\/index.php?rest_route=%2Fwp%2Fv2%2Fcomments&post=455"}],"version-history":[{"count":0,"href":"https:\/\/privacy.cyber-rights.org.tr\/index.php?rest_route=\/wp\/v2\/posts\/455\/revisions"}],"wp:attachment":[{"href":"https:\/\/privacy.cyber-rights.org.tr\/index.php?rest_route=%2Fwp%2Fv2%2Fmedia&parent=455"}],"wp:term":[{"taxonomy":"category","embeddable":true,"href":"https:\/\/privacy.cyber-rights.org.tr\/index.php?rest_route=%2Fwp%2Fv2%2Fcategories&post=455"},{"taxonomy":"post_tag","embeddable":true,"href":"https:\/\/privacy.cyber-rights.org.tr\/index.php?rest_route=%2Fwp%2Fv2%2Ftags&post=455"}],"curies":[{"name":"wp","href":"https:\/\/api.w.org\/{rel}","templated":true}]}}