{"id":456,"date":"2009-09-08T09:46:42","date_gmt":"2009-09-08T06:46:42","guid":{"rendered":"http:\/\/privacy.cyber-rights.org.tr\/?p=456"},"modified":"2009-09-08T09:46:51","modified_gmt":"2009-09-08T06:46:51","slug":"vatan-yasadisi-kayit-dilekceyle-silinebilir","status":"publish","type":"post","link":"https:\/\/privacy.cyber-rights.org.tr\/?p=456","title":{"rendered":"Vatan: Yasad\u0131\u015f\u0131 kay\u0131t dilek\u00e7eyle silinebilir"},"content":{"rendered":"<p><a href=\"http:\/\/haber.gazetevatan.com\/haberdetay.asp?detay=Yasadisi_kayit_dilekceyle_silinebilir&#038;tarih=08.09.2009&#038;Newsid=258142&#038;Categoryid=1\">Yasad\u0131\u015f\u0131 kay\u0131t dilek\u00e7eyle silinebilir<\/a>: &#8220;Yasad\u0131\u015f\u0131 kay\u0131t dilek\u00e7eyle silinebilir<\/p>\n<p>Kenan BUTAKIN \/ VATAN HABER MERKEZ\u0130<\/p>\n<p>T\u00fcrkiye\u2019de, GSM \u015firketlerinin t\u00fcm g\u00f6r\u00fc\u015fme ve SMS trafikleri ile baz istasyonu bilgilerini geriye d\u00f6n\u00fck 5 y\u0131l saklanmas\u0131na tepkiler \u00e7\u0131\u011f gibi devam ediyor. \u2019Elektronik Haberle\u015fme Sekt\u00f6r\u00fcne \u0130li\u015fkin Yetkilendirme Y\u00f6netmeli\u011fi\u2019nde verilerin kay\u0131t alt\u0131nda tutma s\u00fcresinin sadece 1 y\u0131l oldu\u011fu belirtilmesine ra\u011fmen, uygulama 5 y\u0131l\u0131 kaps\u0131yor. Konuyla ilgili olarak VATAN\u2019\u0131n sorular\u0131n\u0131 yan\u0131tlayan \u0130ngiltere Leeds \u00dcniversitesi eski \u00d6\u011fretim \u00dcyesi ve Cyber Rights (Siber Haklar) Sivil Toplum Kurulu\u015fu Direkt\u00f6r\u00fc Do\u00e7. Dr. Yaman Akdeniz, AB Konseyi\u2019ne \u00fcye olan T\u00fcrkiye\u2019nin, 1981 y\u0131l\u0131ndan bu yana \u2019Ki\u015fisel Verilerin Korunmas\u0131 Kanunu\u2019nu \u00e7\u0131karamad\u0131\u011f\u0131n\u0131 kaydetti.<\/p>\n<p>Do\u00e7. Akdeniz, AB \u00fclkelerindeki durumu \u015f\u00f6yle anlatt\u0131: \u201811 Eyl\u00fcl sald\u0131r\u0131lar\u0131 ve \u0130ngiltere\u2019de 7 Temmuz 2005 tarihinde meydana gelen bombalama olaylar\u0131ndan sonra, bu konu Avrupa Birli\u011fi\u2019nde tart\u0131\u015f\u0131lmaya ba\u015fland\u0131. AB bir direktif yay\u0131nlayarak bu s\u0131n\u0131r\u0131n en fazla 24 ay olabilece\u011fini ve \u00fcye \u00fclkelerin bu s\u00fcreyi ge\u00e7emeyece\u011fini kaydetti. \u015eu anda AB\u2019ye \u00fcye baz\u0131 \u00fclkelerde 6 ay, \u0130ngiltere\u2019de 12 ay. Ancak ter\u00f6r sald\u0131r\u0131lar\u0131 gibi \u00fclkeleri tehdit edecek durumlarda bu en fazla 24 aya \u00e7\u0131kar\u0131l\u0131yor.\u2019<\/p>\n<p>Do\u00e7. Akdeniz, cep telefonu kullan\u0131c\u0131lar\u0131n\u0131n hukuka ba\u015fvurmalar\u0131n\u0131 \u00f6neriyor: \u2018\u00d6ncelikle i\u00e7 hukuk yollar\u0131 denenmeli. Vatanda\u015flar, Bilgi Teknolojileri ve \u0130leti\u015fim Kurumu\u2019na ba\u015fvurmal\u0131. Bir dilek\u00e7eyle kendilerine ait verilerin 1 y\u0131ldan fazlas\u0131n\u0131n silinmesi y\u00f6n\u00fcnde talepte bulunmal\u0131lar. Oradan sonu\u00e7 \u00e7\u0131kmazsa, \u0130dare Mahkemesi\u2019ne ihtar davas\u0131 a\u00e7mal\u0131lar. Bunun yan\u0131nda tazminatta talep edebilirler. Ordan da sonu\u00e7 \u00e7\u0131kmazsa. A\u0130HM\u2019ye ba\u015fvurabilirler.\u2019&#8221;<\/p>\n<p>(Via <a href=\"\"><\/a>.)<\/p>\n","protected":false},"excerpt":{"rendered":"<p>Yasad\u0131\u015f\u0131 kay\u0131t dilek\u00e7eyle silinebilir: &#8220;Yasad\u0131\u015f\u0131 kay\u0131t dilek\u00e7eyle silinebilir Kenan BUTAKIN \/ VATAN HABER MERKEZ\u0130 T\u00fcrkiye\u2019de, GSM \u015firketlerinin t\u00fcm g\u00f6r\u00fc\u015fme ve SMS trafikleri ile baz istasyonu bilgilerini geriye d\u00f6n\u00fck 5 y\u0131l saklanmas\u0131na tepkiler \u00e7\u0131\u011f gibi devam ediyor. \u2019Elektronik Haberle\u015fme Sekt\u00f6r\u00fcne \u0130li\u015fkin Yetkilendirme Y\u00f6netmeli\u011fi\u2019nde verilerin kay\u0131t alt\u0131nda tutma s\u00fcresinin sadece 1 y\u0131l oldu\u011fu belirtilmesine ra\u011fmen, uygulama 5 y\u0131l\u0131 kaps\u0131yor. Konuyla ilgili olarak&#8230;<\/p>\n","protected":false},"author":1,"featured_media":0,"comment_status":"open","ping_status":"closed","sticky":false,"template":"","format":"standard","meta":{"jetpack_post_was_ever_published":false,"_jetpack_newsletter_access":"","_jetpack_dont_email_post_to_subs":false,"_jetpack_newsletter_tier_id":0,"_jetpack_memberships_contains_paywalled_content":false,"_jetpack_memberships_contains_paid_content":false,"footnotes":"","jetpack_publicize_message":"","jetpack_publicize_feature_enabled":true,"jetpack_social_post_already_shared":false,"jetpack_social_options":{"image_generator_settings":{"template":"highway","default_image_id":0,"font":"","enabled":false},"version":2}},"categories":[15,66,19,20,10,14,17],"tags":[],"class_list":["post-456","post","type-post","status-publish","format-standard","hentry","category-gizli-dinleme","category-gozetim-devleti","category-izleme","category-kisisel-verilerin-korunmasi","category-mahremiyet","category-telekulak","category-tib"],"jetpack_publicize_connections":[],"jetpack_featured_media_url":"","jetpack_sharing_enabled":true,"jetpack_shortlink":"https:\/\/wp.me\/p7wjA8-7m","jetpack-related-posts":[],"_links":{"self":[{"href":"https:\/\/privacy.cyber-rights.org.tr\/index.php?rest_route=\/wp\/v2\/posts\/456","targetHints":{"allow":["GET"]}}],"collection":[{"href":"https:\/\/privacy.cyber-rights.org.tr\/index.php?rest_route=\/wp\/v2\/posts"}],"about":[{"href":"https:\/\/privacy.cyber-rights.org.tr\/index.php?rest_route=\/wp\/v2\/types\/post"}],"author":[{"embeddable":true,"href":"https:\/\/privacy.cyber-rights.org.tr\/index.php?rest_route=\/wp\/v2\/users\/1"}],"replies":[{"embeddable":true,"href":"https:\/\/privacy.cyber-rights.org.tr\/index.php?rest_route=%2Fwp%2Fv2%2Fcomments&post=456"}],"version-history":[{"count":0,"href":"https:\/\/privacy.cyber-rights.org.tr\/index.php?rest_route=\/wp\/v2\/posts\/456\/revisions"}],"wp:attachment":[{"href":"https:\/\/privacy.cyber-rights.org.tr\/index.php?rest_route=%2Fwp%2Fv2%2Fmedia&parent=456"}],"wp:term":[{"taxonomy":"category","embeddable":true,"href":"https:\/\/privacy.cyber-rights.org.tr\/index.php?rest_route=%2Fwp%2Fv2%2Fcategories&post=456"},{"taxonomy":"post_tag","embeddable":true,"href":"https:\/\/privacy.cyber-rights.org.tr\/index.php?rest_route=%2Fwp%2Fv2%2Ftags&post=456"}],"curies":[{"name":"wp","href":"https:\/\/api.w.org\/{rel}","templated":true}]}}