{"id":458,"date":"2009-09-09T17:14:35","date_gmt":"2009-09-09T14:14:35","guid":{"rendered":"http:\/\/privacy.cyber-rights.org.tr\/?p=458"},"modified":"2009-09-09T17:14:40","modified_gmt":"2009-09-09T14:14:40","slug":"milliyet-erisim-engelleme-gozden-gecirilecek","status":"publish","type":"post","link":"https:\/\/privacy.cyber-rights.org.tr\/?p=458","title":{"rendered":"Milliyet: Eri\u015fim engelleme g\u00f6zden ge\u00e7irilecek"},"content":{"rendered":"<p>Devlet Bakan\u0131 ve Ba\u015fm\u00fczakereci Egemen Ba\u011f\u0131\u015f, AB\u2019nin \u201cifade \u00f6zg\u00fcrl\u00fc\u011f\u00fc\u201d kapsam\u0131nda ele\u015ftirdi\u011fi internete eri\u015fim s\u0131n\u0131rlamas\u0131n\u0131n kald\u0131r\u0131lmas\u0131 y\u00f6n\u00fcnde \u00e7al\u0131\u015fmalar\u0131n ba\u015flat\u0131lmas\u0131 karar\u0131 al\u0131nd\u0131\u011f\u0131n\u0131 a\u00e7\u0131klad\u0131.<\/p>\n<p>Devlet Bakan\u0131 ve Ba\u015fm\u00fczakereci Egemen Ba\u011f\u0131\u015f, 17. Reform \u0130zleme Grubu\u2019nun toplant\u0131s\u0131 i\u00e7in geldi\u011fi Trabzon\u2019da yapt\u0131\u011f\u0131 a\u00e7\u0131klamada, AB\u2019nin \u201cifade \u00f6zg\u00fcrl\u00fc\u011f\u00fc\u201d kapsam\u0131nda ele\u015ftirdi\u011fi internete eri\u015fim s\u0131n\u0131rlamas\u0131n\u0131n kald\u0131r\u0131lmas\u0131 y\u00f6n\u00fcnde \u00e7al\u0131\u015fmalar\u0131n ba\u015flat\u0131lmas\u0131 karar\u0131 al\u0131nd\u0131\u011f\u0131n\u0131 a\u00e7\u0131klad\u0131.<\/p>\n<p>Ba\u011f\u0131\u015f, \u201cBu \u00e7er\u00e7evede internete eri\u015fim, TCK 301. maddesinin uygulanmas\u0131n\u0131n izlenmesi, TCK ve ifade \u00f6zg\u00fcrl\u00fc\u011f\u00fc ile ilgili di\u011fer konulardaki \u00e7al\u0131\u015fmalar\u0131n h\u0131zla s\u00fcrd\u00fcr\u00fclmesi kararla\u015ft\u0131r\u0131lm\u0131\u015ft\u0131r\u201d dedi. \u201cAB s\u00fcreci, asl\u0131nda kendi \u00f6z\u00fcm\u00fcze d\u00f6nme s\u00fcreci\u201d diyen Ba\u011f\u0131\u015f, ombudsmanl\u0131\u011f\u0131n AB\u2019ye, Osmanl\u0131\u2019n\u0131n ba\u015fkad\u0131l\u0131k sisteminden uyarland\u0131\u011f\u0131n\u0131 s\u00f6yledi.<\/p>\n<p>(Bahar Bak\u0131r\/Milliyet)<\/p>\n","protected":false},"excerpt":{"rendered":"<p>Devlet Bakan\u0131 ve Ba\u015fm\u00fczakereci Egemen Ba\u011f\u0131\u015f, AB\u2019nin \u201cifade \u00f6zg\u00fcrl\u00fc\u011f\u00fc\u201d kapsam\u0131nda ele\u015ftirdi\u011fi internete eri\u015fim s\u0131n\u0131rlamas\u0131n\u0131n kald\u0131r\u0131lmas\u0131 y\u00f6n\u00fcnde \u00e7al\u0131\u015fmalar\u0131n ba\u015flat\u0131lmas\u0131 karar\u0131 al\u0131nd\u0131\u011f\u0131n\u0131 a\u00e7\u0131klad\u0131. Devlet Bakan\u0131 ve Ba\u015fm\u00fczakereci Egemen Ba\u011f\u0131\u015f, 17. Reform \u0130zleme Grubu\u2019nun toplant\u0131s\u0131 i\u00e7in geldi\u011fi Trabzon\u2019da yapt\u0131\u011f\u0131 a\u00e7\u0131klamada, AB\u2019nin \u201cifade \u00f6zg\u00fcrl\u00fc\u011f\u00fc\u201d kapsam\u0131nda ele\u015ftirdi\u011fi internete eri\u015fim s\u0131n\u0131rlamas\u0131n\u0131n kald\u0131r\u0131lmas\u0131 y\u00f6n\u00fcnde \u00e7al\u0131\u015fmalar\u0131n ba\u015flat\u0131lmas\u0131 karar\u0131 al\u0131nd\u0131\u011f\u0131n\u0131 a\u00e7\u0131klad\u0131. Ba\u011f\u0131\u015f, \u201cBu \u00e7er\u00e7evede internete eri\u015fim, TCK 301. maddesinin&#8230;<\/p>\n","protected":false},"author":1,"featured_media":0,"comment_status":"open","ping_status":"closed","sticky":false,"template":"","format":"standard","meta":{"jetpack_post_was_ever_published":false,"_jetpack_newsletter_access":"","_jetpack_dont_email_post_to_subs":false,"_jetpack_newsletter_tier_id":0,"_jetpack_memberships_contains_paywalled_content":false,"_jetpack_memberships_contains_paid_content":false,"footnotes":"","jetpack_publicize_message":"","jetpack_publicize_feature_enabled":true,"jetpack_social_post_already_shared":false,"jetpack_social_options":{"image_generator_settings":{"template":"highway","default_image_id":0,"font":"","enabled":false},"version":2}},"categories":[22,5,21,3],"tags":[],"class_list":["post-458","post","type-post","status-publish","format-standard","hentry","category-5651-nolu-kanun","category-dusunce-ozgurlugu","category-erisim-engelleme","category-sansur"],"jetpack_publicize_connections":[],"jetpack_featured_media_url":"","jetpack_sharing_enabled":true,"jetpack_shortlink":"https:\/\/wp.me\/p7wjA8-7o","jetpack-related-posts":[],"_links":{"self":[{"href":"https:\/\/privacy.cyber-rights.org.tr\/index.php?rest_route=\/wp\/v2\/posts\/458","targetHints":{"allow":["GET"]}}],"collection":[{"href":"https:\/\/privacy.cyber-rights.org.tr\/index.php?rest_route=\/wp\/v2\/posts"}],"about":[{"href":"https:\/\/privacy.cyber-rights.org.tr\/index.php?rest_route=\/wp\/v2\/types\/post"}],"author":[{"embeddable":true,"href":"https:\/\/privacy.cyber-rights.org.tr\/index.php?rest_route=\/wp\/v2\/users\/1"}],"replies":[{"embeddable":true,"href":"https:\/\/privacy.cyber-rights.org.tr\/index.php?rest_route=%2Fwp%2Fv2%2Fcomments&post=458"}],"version-history":[{"count":0,"href":"https:\/\/privacy.cyber-rights.org.tr\/index.php?rest_route=\/wp\/v2\/posts\/458\/revisions"}],"wp:attachment":[{"href":"https:\/\/privacy.cyber-rights.org.tr\/index.php?rest_route=%2Fwp%2Fv2%2Fmedia&parent=458"}],"wp:term":[{"taxonomy":"category","embeddable":true,"href":"https:\/\/privacy.cyber-rights.org.tr\/index.php?rest_route=%2Fwp%2Fv2%2Fcategories&post=458"},{"taxonomy":"post_tag","embeddable":true,"href":"https:\/\/privacy.cyber-rights.org.tr\/index.php?rest_route=%2Fwp%2Fv2%2Ftags&post=458"}],"curies":[{"name":"wp","href":"https:\/\/api.w.org\/{rel}","templated":true}]}}