{"id":460,"date":"2009-09-18T09:46:10","date_gmt":"2009-09-18T06:46:10","guid":{"rendered":"http:\/\/privacy.cyber-rights.org.tr\/?p=460"},"modified":"2009-09-18T09:46:30","modified_gmt":"2009-09-18T06:46:30","slug":"radikal-obama-erdogana-hediye-verdi-mi-ogrenmek-imkansiz","status":"publish","type":"post","link":"https:\/\/privacy.cyber-rights.org.tr\/?p=460","title":{"rendered":"Radikal: Obama Erdo\u011fan&#8217;a hediye verdi mi \u00f6\u011frenmek imk\u00e2ns\u0131z"},"content":{"rendered":"<p><a href=\"http:\/\/www.radikal.com.tr\/Radikal.aspx?aType=RadikalDetay&#038;ArticleID=954877&#038;Date=17.09.2009&#038;CategoryID=77\">Obama Erdo\u011fan&#8217;a hediye verdi mi \u00f6\u011frenmek imk\u00e2ns\u0131z \/ T\u00fcrkiye \/ Radikal \u0130nternet<\/a><\/p>\n<p>17\/09\/2009 08:30<\/p>\n<p>Obama&#8217;n\u0131n T\u00fcrkiye ziyareti s\u0131ras\u0131nda Erdo\u011fan&#8217;a herhangi bir hediye verip vermedi\u011fi sorusunu hem Ba\u015fbakanl\u0131k Bilgi Edinme Birimi hem de Bilgi Edinme De\u011ferlendirme Kurulu yan\u0131ts\u0131z b\u0131rakt\u0131<\/p>\n<p>TARIK I\u015eIK<\/p>\n<p>\u2018Obama, Erdo\u011fan\u2019a bir \u015fey hediye etti mi?\u2019 sorusuna gelen resmi yan\u0131t: Hediye ki\u015fiseldir, resmi kayd\u0131 tutulmaz.<\/p>\n<p>ANKARA &#8211; ABD ba\u015fkanlar\u0131na verilen hediyeler Beyaz Saray\u2019\u0131n internet sitelerinden \u00f6\u011frenilebilirken, T\u00fcrkiye\u2019de Ba\u015fbakan\u2019a hediye verilip verilmede\u011fini \u00f6\u011frenmek bile neredeyse imkans\u0131z. Radikal, ABD Ba\u015fkan\u0131 Barack H\u00fcseyin Obama\u2019n\u0131n 6 Nisan 2009\u2019da ger\u00e7ekle\u015ftirdi\u011fi Ankara ziyaretinin hemen ertesi g\u00fcn\u00fc, Ba\u015fbakanl\u0131k Bilgi Edinme Birimi\u2019ne m\u00fcracaat ederek, iki lider aras\u0131nda \u2018hediye al\u0131\u015f-veri\u015fi\u2019 olup olmad\u0131\u011f\u0131n\u0131 sordu. Ba\u015fbakanl\u0131k, soruya net bir yan\u0131t vermek yerine \u2018hediyele\u015fmenin\u2019 d\u00fcnyada kabul g\u00f6ren yerle\u015fik bir protokol kural\u0131 oldu\u011funu hat\u0131rlatmakla yetindi. Bunun \u00fczerine, konuyu Bilgi Bilgi Edinme De\u011ferlendirme Kurulu\u2019na ta\u015f\u0131yan Radikal\u2019e, T\u00fcrkiye\u2019de siyasetin \u015feffafl\u0131k konusunda seviyesini g\u00f6steren \u00f6rnek bir yan\u0131t geldi:<\/p>\n<p>\u2018Talep edilen bilgi Ba\u015fbakanl\u0131k Makam\u0131\u2019n\u0131n kamusal veya y\u00f6netsel faaliyetleri kapsam\u0131nda olu\u015fan bir bilgi olmamas\u0131 sebebiyle tutulan resmi bir kay\u0131t yok. Ayr\u0131ca hediyele\u015fme nezaket ve protokol kurullar\u0131 gere\u011fi ki\u015fisel mahiyeti var.\u2019<\/p>\n<p>T\u00fcrkiye\u2019ye gelmesinden k\u0131sa bir s\u00fcre \u00f6nce Britanya\u2019da d\u00fczenlenen G20 zirvesinde Krali\u00e7e 2. Elizabeth\u2019e bir iPod hediye eden ABD Ba\u015fkan\u0131 Obama\u2019n\u0131n Ba\u015fbakan Erdo\u011fan\u2019a da son teknolojik bir \u00fcr\u00fcn m\u00fc, yoksa daha geleneksel bir hediye mi verdi\u011fini \u00f6\u011frenmek i\u00e7in Ba\u015fbakanl\u0131k Bilgi Edinme Birimi\u2019ne ba\u015fvurduk. Yasal s\u0131n\u0131r \u201815 i\u015f g\u00fcn\u00fc\u2019 olmas\u0131na kar\u015f\u0131n 19 i\u015f g\u00fcn\u00fc sonra gelen yan\u0131tta iki liderin verdi\u011fi ve ald\u0131\u011f\u0131 hediyelerle ilgili en k\u00fc\u00e7\u00fck bir bilgi yoktu:<\/p>\n<p>\u2018Devlet adamlar\u0131n\u0131n yabanc\u0131 \u00fclkeleri ziyaretlerinde muhataplar\u0131 ile hediye teatisinde bulunmalar\u0131 b\u00fct\u00fcn d\u00fcnyada kabul g\u00f6ren yerle\u015fik bir protokol kural\u0131d\u0131r. S\u00f6z konusu hediye teatisi genellikle devlet adamlar\u0131n\u0131n huzurunda iki \u00fclkenin protokol g\u00f6revlileri aras\u0131nda yap\u0131lmaktad\u0131r. Hediyeler devleti temsilen Ba\u015fbakan\u2019\u0131n \u015fahs\u0131na verilmektedir. 4982 say\u0131l\u0131 Kanun uyar\u0131nca bilginize arz ederiz.\u2019<br \/>\n\u0130\u00e7inde bilgi bulunmayan bu \u2018yan\u0131t\u2019a Bilgi Bilgi Edinme De\u011ferlendirme Kurulu\u2019na ba\u015fvurarak itiraz ettik ve s\u0131r gibi saklanan hediye al\u0131\u015f-veri\u015fini \u00f6\u011frenmeye \u00e7al\u0131\u015ft\u0131k. Ba\u015fvurunun \u00fczerinden yakla\u015f\u0131k d\u00f6rt ay ge\u00e7tikten sonra itiraza \u2018ret\u2019 yan\u0131t\u0131 geldi.<\/p>\n<p>Bilgi Bilgi Edinme De\u011ferlendirme Kurulu\u2019nun \u2018ret\u2019 yan\u0131t\u0131n\u0131n gerek\u00e7esi ilgin\u00e7ti: \u2018\u0130taraz konusu ba\u015fvuruya talip edilen bilginin, Ba\u015fbakanl\u0131k Makam\u0131\u2019n\u0131n kamusal veya y\u00f6netsel faaliyetleri kapsam\u0131nda olu\u015fan bir bilgi niteli\u011finde olmamas\u0131 sebebiyle, tutulan resmi bir kayd\u0131n bulunmad\u0131\u011f\u0131 Sekreteryam\u0131zca yap\u0131lan ara\u015ft\u0131rmadan anla\u015f\u0131lm\u0131\u015ft\u0131r. Bu itibarla \u00fclkeler aras\u0131 ziyaretlerde nezaket ve protokol kurallar\u0131n\u0131n gere\u011fi olarak, ki\u015fisel mahiyeti bulunan bir team\u00fcl uygulamas\u0131na dair oldu\u011fu ve 4982 say\u0131l\u0131 Bilgi Edinme Hakk\u0131 Kanunu kapsam\u0131nda eri\u015fime a\u00e7\u0131lma zorunlulu\u011funun bulunmad\u0131\u011f\u0131 de\u011ferlendirilmekle itiraz\u0131n reddedildi\u011finin ba\u015fvuru sahibine bildirilmesine oybirli\u011fi ile karar verilmi\u015ftir.\u2019<\/p>\n","protected":false},"excerpt":{"rendered":"<p>Obama Erdo\u011fan&#8217;a hediye verdi mi \u00f6\u011frenmek imk\u00e2ns\u0131z \/ T\u00fcrkiye \/ Radikal \u0130nternet 17\/09\/2009 08:30 Obama&#8217;n\u0131n T\u00fcrkiye ziyareti s\u0131ras\u0131nda Erdo\u011fan&#8217;a herhangi bir hediye verip vermedi\u011fi sorusunu hem Ba\u015fbakanl\u0131k Bilgi Edinme Birimi hem de Bilgi Edinme De\u011ferlendirme Kurulu yan\u0131ts\u0131z b\u0131rakt\u0131 TARIK I\u015eIK \u2018Obama, Erdo\u011fan\u2019a bir \u015fey hediye etti mi?\u2019 sorusuna gelen resmi yan\u0131t: Hediye ki\u015fiseldir, resmi kayd\u0131 tutulmaz. ANKARA &#8211; ABD ba\u015fkanlar\u0131na&#8230;<\/p>\n","protected":false},"author":1,"featured_media":0,"comment_status":"open","ping_status":"closed","sticky":false,"template":"","format":"standard","meta":{"jetpack_post_was_ever_published":false,"_jetpack_newsletter_access":"","_jetpack_dont_email_post_to_subs":false,"_jetpack_newsletter_tier_id":0,"_jetpack_memberships_contains_paywalled_content":false,"_jetpack_memberships_contains_paid_content":false,"footnotes":"","jetpack_publicize_message":"","jetpack_publicize_feature_enabled":true,"jetpack_social_post_already_shared":false,"jetpack_social_options":{"image_generator_settings":{"template":"highway","default_image_id":0,"font":"","enabled":false},"version":2}},"categories":[69,68,70,67],"tags":[],"class_list":["post-460","post","type-post","status-publish","format-standard","hentry","category-aciklik","category-bilgi-edinme-hakki","category-seffaflik","category-turkiye"],"jetpack_publicize_connections":[],"jetpack_featured_media_url":"","jetpack_sharing_enabled":true,"jetpack_shortlink":"https:\/\/wp.me\/p7wjA8-7q","jetpack-related-posts":[],"_links":{"self":[{"href":"https:\/\/privacy.cyber-rights.org.tr\/index.php?rest_route=\/wp\/v2\/posts\/460","targetHints":{"allow":["GET"]}}],"collection":[{"href":"https:\/\/privacy.cyber-rights.org.tr\/index.php?rest_route=\/wp\/v2\/posts"}],"about":[{"href":"https:\/\/privacy.cyber-rights.org.tr\/index.php?rest_route=\/wp\/v2\/types\/post"}],"author":[{"embeddable":true,"href":"https:\/\/privacy.cyber-rights.org.tr\/index.php?rest_route=\/wp\/v2\/users\/1"}],"replies":[{"embeddable":true,"href":"https:\/\/privacy.cyber-rights.org.tr\/index.php?rest_route=%2Fwp%2Fv2%2Fcomments&post=460"}],"version-history":[{"count":1,"href":"https:\/\/privacy.cyber-rights.org.tr\/index.php?rest_route=\/wp\/v2\/posts\/460\/revisions"}],"predecessor-version":[{"id":461,"href":"https:\/\/privacy.cyber-rights.org.tr\/index.php?rest_route=\/wp\/v2\/posts\/460\/revisions\/461"}],"wp:attachment":[{"href":"https:\/\/privacy.cyber-rights.org.tr\/index.php?rest_route=%2Fwp%2Fv2%2Fmedia&parent=460"}],"wp:term":[{"taxonomy":"category","embeddable":true,"href":"https:\/\/privacy.cyber-rights.org.tr\/index.php?rest_route=%2Fwp%2Fv2%2Fcategories&post=460"},{"taxonomy":"post_tag","embeddable":true,"href":"https:\/\/privacy.cyber-rights.org.tr\/index.php?rest_route=%2Fwp%2Fv2%2Ftags&post=460"}],"curies":[{"name":"wp","href":"https:\/\/api.w.org\/{rel}","templated":true}]}}