{"id":466,"date":"2009-09-21T00:55:16","date_gmt":"2009-09-20T21:55:16","guid":{"rendered":"http:\/\/privacy.cyber-rights.org.tr\/?p=466"},"modified":"2009-09-21T00:55:21","modified_gmt":"2009-09-20T21:55:21","slug":"last-fm-ve-myspace-de-erisime-kapatildi","status":"publish","type":"post","link":"https:\/\/privacy.cyber-rights.org.tr\/?p=466","title":{"rendered":"Last FM ve MySpace de Eri\u015fime Kapat\u0131ld\u0131"},"content":{"rendered":"<p><a href=\"http:\/\/www.bianet.org\/bianet\/ifade-ozgurlugu\/117163-last-fm-ve-myspace-de-erisime-kapatildi\">Last FM ve MySpace de Eri\u015fime Kapat\u0131ld\u0131<\/a>: &#8220;Beyo\u011flu Cumhuriyet Ba\u015fsavc\u0131l\u0131\u011f\u0131&#8217;n\u0131n Haziran&#8217;da ald\u0131\u011f\u0131 kararla kapat\u0131lan MySpace ve Last FM, d\u00fcnyan\u0131n en b\u00fcy\u00fck sosyalle\u015fme sitelerinin ba\u015f\u0131nda geliyor. sansuresansur.org, kullan\u0131c\u0131lar\u0131 eyleme haz\u0131rlan\u0131rken, m\u00fczisyen Asl\u0131m ve m\u00fczik yazar\u0131 Tez, karara tepkili.&#8221;<\/p>\n<p>(Via <a href=\"http:\/\/www.bianet.org\/bianet\">Bianet :: Bianet<\/a>.)<\/p>\n","protected":false},"excerpt":{"rendered":"<p>Last FM ve MySpace de Eri\u015fime Kapat\u0131ld\u0131: &#8220;Beyo\u011flu Cumhuriyet Ba\u015fsavc\u0131l\u0131\u011f\u0131&#8217;n\u0131n Haziran&#8217;da ald\u0131\u011f\u0131 kararla kapat\u0131lan MySpace ve Last FM, d\u00fcnyan\u0131n en b\u00fcy\u00fck sosyalle\u015fme sitelerinin ba\u015f\u0131nda geliyor. sansuresansur.org, kullan\u0131c\u0131lar\u0131 eyleme haz\u0131rlan\u0131rken, m\u00fczisyen Asl\u0131m ve m\u00fczik yazar\u0131 Tez, karara tepkili.&#8221; (Via Bianet :: Bianet.)<\/p>\n","protected":false},"author":1,"featured_media":0,"comment_status":"open","ping_status":"closed","sticky":false,"template":"","format":"standard","meta":{"jetpack_post_was_ever_published":false,"_jetpack_newsletter_access":"","_jetpack_dont_email_post_to_subs":false,"_jetpack_newsletter_tier_id":0,"_jetpack_memberships_contains_paywalled_content":false,"_jetpack_memberships_contains_paid_content":false,"footnotes":"","jetpack_publicize_message":"","jetpack_publicize_feature_enabled":true,"jetpack_social_post_already_shared":false,"jetpack_social_options":{"image_generator_settings":{"template":"highway","default_image_id":0,"font":"","enabled":false},"version":2}},"categories":[98,21,36,96,29,97,3],"tags":[],"class_list":["post-466","post","type-post","status-publish","format-standard","hentry","category-akilli-tv","category-erisim-engelleme","category-fikri-haklar","category-last-fm","category-muyap","category-myspace","category-sansur"],"jetpack_publicize_connections":[],"jetpack_featured_media_url":"","jetpack_sharing_enabled":true,"jetpack_shortlink":"https:\/\/wp.me\/p7wjA8-7w","jetpack-related-posts":[],"_links":{"self":[{"href":"https:\/\/privacy.cyber-rights.org.tr\/index.php?rest_route=\/wp\/v2\/posts\/466","targetHints":{"allow":["GET"]}}],"collection":[{"href":"https:\/\/privacy.cyber-rights.org.tr\/index.php?rest_route=\/wp\/v2\/posts"}],"about":[{"href":"https:\/\/privacy.cyber-rights.org.tr\/index.php?rest_route=\/wp\/v2\/types\/post"}],"author":[{"embeddable":true,"href":"https:\/\/privacy.cyber-rights.org.tr\/index.php?rest_route=\/wp\/v2\/users\/1"}],"replies":[{"embeddable":true,"href":"https:\/\/privacy.cyber-rights.org.tr\/index.php?rest_route=%2Fwp%2Fv2%2Fcomments&post=466"}],"version-history":[{"count":1,"href":"https:\/\/privacy.cyber-rights.org.tr\/index.php?rest_route=\/wp\/v2\/posts\/466\/revisions"}],"predecessor-version":[{"id":467,"href":"https:\/\/privacy.cyber-rights.org.tr\/index.php?rest_route=\/wp\/v2\/posts\/466\/revisions\/467"}],"wp:attachment":[{"href":"https:\/\/privacy.cyber-rights.org.tr\/index.php?rest_route=%2Fwp%2Fv2%2Fmedia&parent=466"}],"wp:term":[{"taxonomy":"category","embeddable":true,"href":"https:\/\/privacy.cyber-rights.org.tr\/index.php?rest_route=%2Fwp%2Fv2%2Fcategories&post=466"},{"taxonomy":"post_tag","embeddable":true,"href":"https:\/\/privacy.cyber-rights.org.tr\/index.php?rest_route=%2Fwp%2Fv2%2Ftags&post=466"}],"curies":[{"name":"wp","href":"https:\/\/api.w.org\/{rel}","templated":true}]}}