{"id":478,"date":"2009-09-22T14:34:38","date_gmt":"2009-09-22T11:34:38","guid":{"rendered":"http:\/\/privacy.cyber-rights.org.tr\/?p=478"},"modified":"2009-09-22T14:34:45","modified_gmt":"2009-09-22T11:34:45","slug":"miray-kurtulus-mira-basin-aciklamasi-myspacein-kapatilmasiyla-ilgili","status":"publish","type":"post","link":"https:\/\/privacy.cyber-rights.org.tr\/?p=478","title":{"rendered":"Miray Kurtulu\u015f (Mira) Bas\u0131n A\u00e7\u0131klamas\u0131: Myspace&#8217;in kapat\u0131lmas\u0131yla ilgili&#8230;"},"content":{"rendered":"<p>Myspace T\u00fcrkiye ve Last Fm 18 Eyl\u00fcl 2009\u2019da, 26 Haziran 2009 tarihinde verilmi\u015f mahkeme karar\u0131 sebebiyle kapat\u0131ld\u0131. Haziran\u2019dan bu yana ge\u00e7en zaman boyunca ve 18 Eyl\u00fcl s\u00fcresince de, hi\u00e7bir a\u00e7\u0131klama yap\u0131lmamas\u0131 nedeniyle, bu karardan en son sanat\u00e7\u0131lar\u0131n haberi oldu. Bas\u0131ndan takip etti\u011fimiz kadar\u0131yla kapat\u0131lma karar\u0131 M\u00dcYAP\u2019\u0131n su\u00e7 duyurusu sonucunda ger\u00e7ekle\u015fmi\u015f. M\u00dcYAP\u2019\u0131n bu dava sonucunda elde etmek istedi\u011fi \u015fey M\u00dcYAP\u2019a \u00fcye yap\u0131mc\u0131 ve plak \u015firketlerinin kendilerine ba\u011fl\u0131 sanat\u00e7\u0131lar\u0131n eserlerinden telif kazanmalar\u0131n\u0131 sa\u011flamak. Ancak Myspace ve Last Fm \u00f6ncelikle ba\u011f\u0131ms\u0131z, \u015firket boyunduru\u011funda \u00fcretmemeyi se\u00e7en \u00f6zg\u00fcr sanat\u00e7\u0131lar\u0131n ifade alan\u0131d\u0131r. Bu kararla birlikte hem ba\u011f\u0131ms\u0131z hem de M\u00dcYAP \u00fcyesi olmayan \u015firketlere ba\u011fl\u0131 \u00fcreten sanat\u00e7\u0131lar\u0131n ifade \u00f6zg\u00fcrl\u00fc\u011f\u00fcne engel olunmu\u015ftur.<\/p>\n<p>T\u00fcrkiye her zaman iktidarlar\u0131n g\u00fc\u00e7 sava\u015flar\u0131nda ma\u011fdur olan insanlarla dolu bir \u00fclke olmu\u015ftur. Bu ma\u011fduriyet gen\u00e7lerin d\u00fc\u015f\u00fcnce ve kararlar\u0131na g\u00fcveni ve sayg\u0131s\u0131 olmayan \u00e7\u0131karc\u0131 bir bak\u0131\u015f a\u00e7\u0131s\u0131n\u0131n eseridir. Kendimizi her ifade edi\u015fimizde susturulma ihtimalimizi akl\u0131m\u0131zda tutup, hayal kurdu\u011fumuz takdirde sorumsuz olarak etiketlenip, her an her konuda yarg\u0131lanabilece\u011fimiz hissiyle ya\u015f\u0131yoruz. \u0130nsanlar\u0131n birbirine yabanc\u0131la\u015ft\u0131\u011f\u0131, iktidarlar\u0131n politik meseleleri sebebiyle sava\u015ft\u0131\u011f\u0131, kendi \u00e7ocuklar\u0131n\u0131n gelece\u011fini hi\u00e7e sayan bu \u00fclkede kitle ileti\u015fim ara\u00e7lar\u0131 ve \u00f6zellikle sanat gittik\u00e7e daha b\u00fcy\u00fck bir \u00f6neme sahip olmaktad\u0131r. Bunlar i\u00e7imizdeki umutsuzlu\u011fu umuda d\u00f6n\u00fc\u015ft\u00fcrd\u00fc\u011f\u00fcm\u00fcz, farkl\u0131l\u0131klara tahamm\u00fcl edemeyenlere inat ortakl\u0131klar kurdu\u011fumuz s\u0131n\u0131rlar\u0131 yok edip d\u00fcnyan\u0131n hepimizin evi oldu\u011funu hat\u0131rlatan ara\u00e7lard\u0131r.<\/p>\n<p>M\u00fczi\u011fe emek verenler olarak, hepimiz eme\u011fimizin kar\u015f\u0131l\u0131\u011f\u0131n\u0131 almak isteriz. Ancak bunu bir sebep olarak g\u00f6sterip, sans\u00fcr\u00fc \u00e7\u00f6z\u00fcm olarak \u00f6ne s\u00fcren anlay\u0131\u015f\u0131n bu \u00fclkedeki sanat ve sanat\u00e7\u0131yla olan kopuklu\u011fu a\u00e7\u0131kt\u0131r. Bu tek tarafl\u0131, hepimizin ad\u0131na fikrimiz sorulmaks\u0131z\u0131n verilmi\u015f bir karard\u0131r.<\/p>\n<p>Youtube\u2019dan sonra Myspace ve Last Fm\u2019in de kapanm\u0131\u015f olmas\u0131 pek \u00e7ok internet kullan\u0131c\u0131s\u0131 i\u00e7in bir \u015fey ifade etmiyor olabilir. Basit bir dns ayar\u0131 de\u011fi\u015fikli\u011fi ile Youtube\u2019a giriyorduk, Myspace\u2019e de girmeye devam edebiliriz. Ancak Myspace\u2019i cezaland\u0131rmak isterken, beraberinde bir \u00e7ok insan\u0131n hakk\u0131n\u0131 yiyen ve bunu \u201cbilin\u00e7lendirme\u201d ad\u0131na yapt\u0131\u011f\u0131n\u0131 \u00f6ne s\u00fcren zihniyeti k\u0131n\u0131yoruz. \u201c\u0130nsanlar biraz bilin\u00e7lendiyse, biz yedi\u011fimiz k\u00fcf\u00fcrlere raz\u0131y\u0131z.\u201d B\u00fclent Forta, M\u00dcYAP<\/p>\n","protected":false},"excerpt":{"rendered":"<p>Myspace T\u00fcrkiye ve Last Fm 18 Eyl\u00fcl 2009\u2019da, 26 Haziran 2009 tarihinde verilmi\u015f mahkeme karar\u0131 sebebiyle kapat\u0131ld\u0131. Haziran\u2019dan bu yana ge\u00e7en zaman boyunca ve 18 Eyl\u00fcl s\u00fcresince de, hi\u00e7bir a\u00e7\u0131klama yap\u0131lmamas\u0131 nedeniyle, bu karardan en son sanat\u00e7\u0131lar\u0131n haberi oldu. Bas\u0131ndan takip etti\u011fimiz kadar\u0131yla kapat\u0131lma karar\u0131 M\u00dcYAP\u2019\u0131n su\u00e7 duyurusu sonucunda ger\u00e7ekle\u015fmi\u015f. M\u00dcYAP\u2019\u0131n bu dava sonucunda elde etmek istedi\u011fi \u015fey M\u00dcYAP\u2019a \u00fcye&#8230;<\/p>\n","protected":false},"author":1,"featured_media":0,"comment_status":"open","ping_status":"closed","sticky":false,"template":"","format":"standard","meta":{"jetpack_post_was_ever_published":false,"_jetpack_newsletter_access":"","_jetpack_dont_email_post_to_subs":false,"_jetpack_newsletter_tier_id":0,"_jetpack_memberships_contains_paywalled_content":false,"_jetpack_memberships_contains_paid_content":false,"footnotes":"","jetpack_publicize_message":"","jetpack_publicize_feature_enabled":true,"jetpack_social_post_already_shared":false,"jetpack_social_options":{"image_generator_settings":{"template":"highway","default_image_id":0,"font":"","enabled":false},"version":2}},"categories":[98,21,36,96,29,97,67],"tags":[],"class_list":["post-478","post","type-post","status-publish","format-standard","hentry","category-akilli-tv","category-erisim-engelleme","category-fikri-haklar","category-last-fm","category-muyap","category-myspace","category-turkiye"],"jetpack_publicize_connections":[],"jetpack_featured_media_url":"","jetpack_sharing_enabled":true,"jetpack_shortlink":"https:\/\/wp.me\/p7wjA8-7I","jetpack-related-posts":[],"_links":{"self":[{"href":"https:\/\/privacy.cyber-rights.org.tr\/index.php?rest_route=\/wp\/v2\/posts\/478","targetHints":{"allow":["GET"]}}],"collection":[{"href":"https:\/\/privacy.cyber-rights.org.tr\/index.php?rest_route=\/wp\/v2\/posts"}],"about":[{"href":"https:\/\/privacy.cyber-rights.org.tr\/index.php?rest_route=\/wp\/v2\/types\/post"}],"author":[{"embeddable":true,"href":"https:\/\/privacy.cyber-rights.org.tr\/index.php?rest_route=\/wp\/v2\/users\/1"}],"replies":[{"embeddable":true,"href":"https:\/\/privacy.cyber-rights.org.tr\/index.php?rest_route=%2Fwp%2Fv2%2Fcomments&post=478"}],"version-history":[{"count":1,"href":"https:\/\/privacy.cyber-rights.org.tr\/index.php?rest_route=\/wp\/v2\/posts\/478\/revisions"}],"predecessor-version":[{"id":479,"href":"https:\/\/privacy.cyber-rights.org.tr\/index.php?rest_route=\/wp\/v2\/posts\/478\/revisions\/479"}],"wp:attachment":[{"href":"https:\/\/privacy.cyber-rights.org.tr\/index.php?rest_route=%2Fwp%2Fv2%2Fmedia&parent=478"}],"wp:term":[{"taxonomy":"category","embeddable":true,"href":"https:\/\/privacy.cyber-rights.org.tr\/index.php?rest_route=%2Fwp%2Fv2%2Fcategories&post=478"},{"taxonomy":"post_tag","embeddable":true,"href":"https:\/\/privacy.cyber-rights.org.tr\/index.php?rest_route=%2Fwp%2Fv2%2Ftags&post=478"}],"curies":[{"name":"wp","href":"https:\/\/api.w.org\/{rel}","templated":true}]}}