{"id":494,"date":"2009-09-23T10:15:13","date_gmt":"2009-09-23T07:15:13","guid":{"rendered":"http:\/\/privacy.cyber-rights.org.tr\/?p=494"},"modified":"2009-09-23T10:25:04","modified_gmt":"2009-09-23T07:25:04","slug":"vatan-tuna-kiremitci-gericilik-ilerliyor","status":"publish","type":"post","link":"https:\/\/privacy.cyber-rights.org.tr\/?p=494","title":{"rendered":"Vatan (Tuna Kiremit\u00e7i): Gericilik ilerliyor"},"content":{"rendered":"<p><a href=\"http:\/\/haber.gazetevatan.com\/haberdetay.asp?tarih=23.09.2009&#038;Newsid=260662&#038;Categoryid=4&#038;wid=141#\">Vatan (Tuna Kiremit\u00e7i): Gericilik ilerliyor <\/a><\/p>\n<p>Vatan (Tuna Kiremit\u00e7i): Gericilik ilerliyor<br \/>\nYazara ula\u015fmak i\u00e7in : tkiremitci@gazetevatan.com<br \/>\n23.09.2009<\/p>\n<p>Eskiden N\u00e2z\u0131m Hikmet\u2019in kitaplar\u0131n\u0131 yasakl\u0131yorlard\u0131, \u015fimdi Youtube\u2019u yasakl\u0131yorlar.<\/p>\n<p>Eskiden Y\u0131lmaz G\u00fcney\u2019in filmlerini yasaklayarak zarar veriyorlard\u0131 T\u00fcrkiye\u2019ye, \u015fimdi Myspace\u2019i ve LastFM\u2019i yasakl\u0131yorlar.<\/p>\n<p>Yak\u0131nda Facebook\u2019u, Google\u2019\u0131 falan da yasaklayacaklar, s\u00f6ylemedi demeyin.<\/p>\n<p>***<\/p>\n<p>\u2018Youtube mudur nedir, bir diskete kaydedip getirin de bakal\u0131m, neymi\u015f\u2019 diyen yetkilinin f\u0131kras\u0131n\u0131 duydunuz mu?<\/p>\n<p>Do\u011frusu bana pek hayal \u00fcr\u00fcn\u00fc gibi gelmedi. D\u00fcnyan\u0131n en \u00f6nemli payla\u015f\u0131m sitesini yasaklayan beyefendi bunu da s\u00f6yleyebilir pek\u00e2l\u00e2.<\/p>\n<p>Sonra da neymi\u015f, demokratikle\u015fiyormu\u015fuz&#8230;<\/p>\n<p>Neymi\u015f, Avrupa Birli\u011fi\u2019ne haz\u0131rlan\u0131yormu\u015fuz&#8230;<\/p>\n<p>Neymi\u015f,T\u00fcrkiye ilerliyormu\u015f&#8230;<\/p>\n<p>Ge\u00e7iniz efendim, ge\u00e7iniz. T\u00fcrkiye\u2019deki egemen kafa yap\u0131s\u0131n\u0131n elli y\u0131lda arpa boyu yol ald\u0131\u011f\u0131 yok.<\/p>\n<p>\u0130lerleyen tek \u015fey, zamana ayak uydurmay\u0131 ba\u015faran gericilik. T\u00fcrkiye\u2019yi d\u0131\u015f d\u00fcnyada alay konusu yapan o zihniyet.<\/p>\n<p>***<\/p>\n<p>Kafa ayn\u0131 gerici kafa. Sadece zamana ayak uyduruyor.<\/p>\n<p>O zamanlar N\u00e2z\u0131m Hikmet \u015fiirlerinin anlam ve \u00f6nemini kavrayam\u0131yorlard\u0131, bug\u00fcn de Youtube ve Myspace ne demek onu anlayam\u0131yorlar.<\/p>\n<p>O zamanlar sinema ne demek kavrayam\u0131yorlard\u0131, bug\u00fcn de interneti kavrayam\u0131yorlar.<\/p>\n<p>Niyetleri ayn\u0131: T\u00fcrkiye\u2019yi \u00e7a\u011fda\u015f d\u00fcnyan\u0131n d\u0131\u015f\u0131nda kalan bir yasaklar \u00fclkesi haline getirmek.<\/p>\n<p>Kafalar\u0131m\u0131z\u0131n i\u00e7ini, s\u00f6yledi\u011fimiz s\u00f6zleri, hatta m\u00fcmk\u00fcnse ald\u0131\u011f\u0131m\u0131z nefesi kontrol etmek.<\/p>\n<p>Belki de gizli kapakl\u0131 i\u015flerin \u00fclkesi oldu\u011fumuz i\u00e7in internetin \u015feffafl\u0131\u011f\u0131 fazla geliyor bize.<\/p>\n<p>***<\/p>\n<p>E\u011fer derseniz ki \u2018ne yapal\u0131m, yasalar bunu gerektiriyor&#8230;\u2019<\/p>\n<p>O zaman h\u00e2l\u00e2 bizi y\u00f6neten 12 Eyl\u00fcl anayasas\u0131na internetle ilgili maddeleri kimin koydu\u011funu sormam\u0131z laz\u0131m.<\/p>\n<p>Hatta o anayasay\u0131 niye bir t\u00fcrl\u00fc de\u011fi\u015ftiremedi\u011fimizi sormam\u0131z laz\u0131m.<\/p>\n<p>Bunu yapam\u0131yorsak da hi\u00e7 \u015fik\u00e2yet etmememiz laz\u0131m \u2018vay bizim internetimizi sans\u00fcrl\u00fcyorlar\u2019 diye.<\/p>\n","protected":false},"excerpt":{"rendered":"<p>Vatan (Tuna Kiremit\u00e7i): Gericilik ilerliyor Vatan (Tuna Kiremit\u00e7i): Gericilik ilerliyor Yazara ula\u015fmak i\u00e7in : tkiremitci@gazetevatan.com 23.09.2009 Eskiden N\u00e2z\u0131m Hikmet\u2019in kitaplar\u0131n\u0131 yasakl\u0131yorlard\u0131, \u015fimdi Youtube\u2019u yasakl\u0131yorlar. Eskiden Y\u0131lmaz G\u00fcney\u2019in filmlerini yasaklayarak zarar veriyorlard\u0131 T\u00fcrkiye\u2019ye, \u015fimdi Myspace\u2019i ve LastFM\u2019i yasakl\u0131yorlar. Yak\u0131nda Facebook\u2019u, Google\u2019\u0131 falan da yasaklayacaklar, s\u00f6ylemedi demeyin. *** \u2018Youtube mudur nedir, bir diskete kaydedip getirin de bakal\u0131m, neymi\u015f\u2019 diyen yetkilinin f\u0131kras\u0131n\u0131 duydunuz&#8230;<\/p>\n","protected":false},"author":1,"featured_media":0,"comment_status":"open","ping_status":"closed","sticky":false,"template":"","format":"standard","meta":{"jetpack_post_was_ever_published":false,"_jetpack_newsletter_access":"","_jetpack_dont_email_post_to_subs":false,"_jetpack_newsletter_tier_id":0,"_jetpack_memberships_contains_paywalled_content":false,"_jetpack_memberships_contains_paid_content":false,"footnotes":"","jetpack_publicize_message":"","jetpack_publicize_feature_enabled":true,"jetpack_social_post_already_shared":false,"jetpack_social_options":{"image_generator_settings":{"template":"highway","default_image_id":0,"font":"","enabled":false},"version":2}},"categories":[5,21,96,97,3,67,4],"tags":[],"class_list":["post-494","post","type-post","status-publish","format-standard","hentry","category-dusunce-ozgurlugu","category-erisim-engelleme","category-last-fm","category-myspace","category-sansur","category-turkiye","category-youtube"],"jetpack_publicize_connections":[],"jetpack_featured_media_url":"","jetpack_sharing_enabled":true,"jetpack_shortlink":"https:\/\/wp.me\/p7wjA8-7Y","jetpack-related-posts":[],"_links":{"self":[{"href":"https:\/\/privacy.cyber-rights.org.tr\/index.php?rest_route=\/wp\/v2\/posts\/494","targetHints":{"allow":["GET"]}}],"collection":[{"href":"https:\/\/privacy.cyber-rights.org.tr\/index.php?rest_route=\/wp\/v2\/posts"}],"about":[{"href":"https:\/\/privacy.cyber-rights.org.tr\/index.php?rest_route=\/wp\/v2\/types\/post"}],"author":[{"embeddable":true,"href":"https:\/\/privacy.cyber-rights.org.tr\/index.php?rest_route=\/wp\/v2\/users\/1"}],"replies":[{"embeddable":true,"href":"https:\/\/privacy.cyber-rights.org.tr\/index.php?rest_route=%2Fwp%2Fv2%2Fcomments&post=494"}],"version-history":[{"count":3,"href":"https:\/\/privacy.cyber-rights.org.tr\/index.php?rest_route=\/wp\/v2\/posts\/494\/revisions"}],"predecessor-version":[{"id":497,"href":"https:\/\/privacy.cyber-rights.org.tr\/index.php?rest_route=\/wp\/v2\/posts\/494\/revisions\/497"}],"wp:attachment":[{"href":"https:\/\/privacy.cyber-rights.org.tr\/index.php?rest_route=%2Fwp%2Fv2%2Fmedia&parent=494"}],"wp:term":[{"taxonomy":"category","embeddable":true,"href":"https:\/\/privacy.cyber-rights.org.tr\/index.php?rest_route=%2Fwp%2Fv2%2Fcategories&post=494"},{"taxonomy":"post_tag","embeddable":true,"href":"https:\/\/privacy.cyber-rights.org.tr\/index.php?rest_route=%2Fwp%2Fv2%2Ftags&post=494"}],"curies":[{"name":"wp","href":"https:\/\/api.w.org\/{rel}","templated":true}]}}