{"id":500,"date":"2009-09-23T14:36:21","date_gmt":"2009-09-23T11:36:21","guid":{"rendered":"http:\/\/privacy.cyber-rights.org.tr\/?p=500"},"modified":"2009-09-23T14:36:25","modified_gmt":"2009-09-23T11:36:25","slug":"bianet-yasak-karsitlari-muyapa-protesto-cdleri-gonderiyor","status":"publish","type":"post","link":"https:\/\/privacy.cyber-rights.org.tr\/?p=500","title":{"rendered":"Bianet: Yasak Kar\u015f\u0131tlar\u0131 M\u00dcYAP&#8217;a Protesto Cd&#8217;leri G\u00f6nderiyor"},"content":{"rendered":"<p><a href=\"http:\/\/www.bianet.org\/bianet\/bilisim\/117192-yasak-karsitlari-muyapa-protesto-cdleri-gonderiyor\">Bianet: Yasak Kar\u015f\u0131tlar\u0131 M\u00dcYAP&#8217;a Protesto Cd&#8217;leri G\u00f6nderiyor &#8211; Bianet<\/a> Yasak Kar\u015f\u0131tlar\u0131 M\u00dcYAP&#8217;a Protesto Cd&#8217;leri G\u00f6nderiyor<\/p>\n<p>Emine \u00d6ZCAN\u00f6 emine@bianet.org<br \/>\n\u0130stanbul &#8211; B\u0130A Haber Merkezi<br \/>\n23 Eyl\u00fcl 2009, \u00c7ar\u015famba<\/p>\n<div style=\"text-align:center;\"><img data-recalc-dims=\"1\" loading=\"lazy\" decoding=\"async\" src=\"https:\/\/i0.wp.com\/cyberlaw.org.uk\/wp-content\/uploads\/2009\/09\/490-325.jpg?resize=490%2C325\" alt=\"490-325.jpg\" border=\"0\" width=\"490\" height=\"325\" \/><\/div>\n<p>\u0130nternet \u00fczerinden \u00f6rg\u00fctlenen ve MySpace ile Last fm sitelerinin kapat\u0131lmas\u0131n\u0131 protesto eden yasak kar\u015f\u0131tlar\u0131, postalad\u0131klar\u0131 &#8216;\u00f6zg\u00fcr m\u00fczi\u011fe dokunma&#8217; yaz\u0131l\u0131 cd&#8217;lerle M\u00dcYAP&#8217;\u0131 ger\u00e7ek &#8216;spam&#8217;lere bo\u011fmay\u0131 ama\u00e7l\u0131yor.<\/p>\n<p>MySpace ve Last.fm sitelerinin iddia edildi\u011fine g\u00f6re Ba\u011flant\u0131l\u0131 Hak Sahibi Fonogram Yap\u0131mc\u0131lar\u0131 Meslek Birli\u011fi&#8217;nin (M\u00dcYAP) a\u00e7t\u0131\u011f\u0131 dava sonucunda kapat\u0131lmas\u0131na kar\u015f\u0131 \u00e7\u0131kan ve kendilerine &#8220;\u0130nternet Vatanda\u015flar\u0131&#8221; diyen bir grup insan, bug\u00fcn (23 Eyl\u00fcl)  M\u00dcYAP&#8217;a, kapa\u011f\u0131nda &#8220;\u00f6zg\u00fcr m\u00fczi\u011fe dokunma&#8221; yaz\u0131l\u0131 bo\u015f cd&#8217;leri g\u00f6nderiyor.<\/p>\n<p>\u0130nternetle birlikte plak \u015firketlerinin bir &#8220;da\u011f\u0131t\u0131m kanal\u0131&#8221; olma \u00f6zelli\u011finin b\u00fcy\u00fck bir tehditle kar\u015f\u0131 kar\u015f\u0131ya kald\u0131\u011f\u0131n\u0131,  m\u00fczisyenlerin MySpace, Last.fm ve benzeri pek \u00e7ok platform sayesinde kendi m\u00fcziklerini dinleyicileriyle payla\u015ft\u0131klar\u0131n\u0131,  ba\u011f\u0131ms\u0131z plak \u015firketleri arac\u0131l\u0131\u011f\u0131yla \u00fcrettikleri\/da\u011f\u0131tt\u0131klar\u0131 alb\u00fcmlerinin promosyonunu yapt\u0131klar\u0131n\u0131 s\u00f6yleyen &#8220;\u0130nternet vatanda\u015flar\u0131&#8221; \u015f\u00f6yle diyor:<\/p>\n<p>&#8220;\u0130nternet m\u00fczik i\u00e7in yeni bir da\u011f\u0131t\u0131m kanal\u0131 olma \u00f6zelli\u011fi ta\u015f\u0131yor. Do\u011fal olarak onlarca y\u0131ld\u0131r i\u015f g\u00f6rd\u00fckleri klasik sistemi s\u00fcrd\u00fcrmeye \u00e7al\u0131\u015fan m\u00fczik end\u00fcstrisi i\u00e7in bu bir k\u00e2bus!&#8221;<br \/>\n&#8220;M\u00fczik end\u00fcstrisinin temsilcileri yalan s\u00f6yl\u00fcyorlar&#8221;<\/p>\n<p>Sitelere eri\u015fimin engellenmesini friendfeed, twitter ve bloglar \u00fczerinden protesto eden yasak kar\u015f\u0131tlar\u0131 yay\u0131nlad\u0131klar\u0131 bildiride \u015f\u00f6yle diyor:<\/p>\n<p>&#8220;MySpace ve Last.fm&#8217;e eri\u015fimin engellenme nedenini ara\u015ft\u0131rd\u0131k, kar\u015f\u0131m\u0131za &#8216;telif haklar\u0131 ihl\u00e2li&#8217; gerek\u00e7esi \u00e7\u0131kt\u0131. Bu sitelerin kapat\u0131lmas\u0131 i\u00e7in dava a\u00e7an kurum ise T\u00fcrkiyeli m\u00fczik yap\u0131mc\u0131lar\u0131n\u0131 bir \u00e7at\u0131 alt\u0131nda toplayan M\u00dcYAP&#8217;t\u0131. \u00dcstelik hem MySpace, hem de Last.fm yasal i\u00e7erik sunan internet siteleri. Bug\u00fcnk\u00fc telif kanunlar\u0131 \u00e7er\u00e7evesinde bile &#8216;telif haklar\u0131 ihl\u00e2li&#8217; gibi bir durum bu iki site i\u00e7in ge\u00e7erli de\u011fil. Engelleme karar\u0131n\u0131n M\u00dcYAP taraf\u0131ndan telif nedeniyle ald\u0131r\u0131ld\u0131\u011f\u0131 ileri s\u00fcr\u00fcl\u00fcrken, bu kararla M\u00dcYAP&#8217;a ba\u011fl\u0131 bulunmayan ba\u011f\u0131ms\u0131z m\u00fczisyenlerin eserlerine eri\u015fim de engellenmi\u015f oluyor. Yani yap\u0131mc\u0131lar talebi art\u0131rmak yerine, arz\u0131 adil olmayan bir \u015fekilde kontrol etmeye, onu bask\u0131 alt\u0131nda tutmaya \u00e7al\u0131\u015f\u0131yor.&#8221;<\/p>\n<p>M\u00dcYAP&#8217;a protesto cd&#8217;si g\u00f6ndererek ger\u00e7ekle\u015ftirdikleri eylem i\u00e7in &#8220;M\u00fczik end\u00fcstrisinin \u00e7\u0131karlar\u0131n\u0131n, toplumun ve m\u00fczisyenlerin \u00e7\u0131karlar\u0131yla uyu\u015fmad\u0131\u011f\u0131n\u0131, onlar\u0131n toplumun \u00e7\u0131karlar\u0131na ayk\u0131r\u0131 hareket etti\u011fini g\u00f6stermek ve bir kamuoyu bilinci olu\u015fturabilmek istedik&#8221; diyen yasak kar\u015f\u0131tlar\u0131 t\u00fcm &#8220;\u0130nternet vatanda\u015flar\u0131&#8221;n\u0131 protestoya \u00e7a\u011f\u0131r\u0131yor:<\/p>\n<p>&#8220;L\u00fctfen m\u00fczik end\u00fcstrisinin temsilcilerine inanmayal\u0131m, bize yalan s\u00f6yl\u00fcyorlar!&#8221;<\/p>\n<p>Protesto i\u00e7in M\u00dcYAP&#8217;\u0131n adresi \u015f\u00f6yle: Ba\u011flant\u0131l\u0131 Hak Sahibi Fonogram Yap\u0131mc\u0131lar\u0131 Meslek Birli\u011fi Kulo\u011flu Mah. Turnac\u0131ba\u015f\u0131 Sok. No:16 Kat:5 80070 Beyo\u011flu \u0130stanbul.<\/p>\n<p><a href=\"http:\/\/friendfeed-media.com\/c2213f00fe2ad655a1379ae5a54cc4879d9fcc64\">&#8220;\u00d6zg\u00fcr M\u00fczi\u011fe Dokunma&#8221; yaz\u0131l\u0131 protesto cd kapa\u011f\u0131n\u0131 indirmek i\u00e7in t\u0131klay\u0131n\u0131z.<\/a> (EZ\u00d6)<\/p>\n","protected":false},"excerpt":{"rendered":"<p>Bianet: Yasak Kar\u015f\u0131tlar\u0131 M\u00dcYAP&#8217;a Protesto Cd&#8217;leri G\u00f6nderiyor &#8211; Bianet Yasak Kar\u015f\u0131tlar\u0131 M\u00dcYAP&#8217;a Protesto Cd&#8217;leri G\u00f6nderiyor Emine \u00d6ZCAN\u00f6 emine@bianet.org \u0130stanbul &#8211; B\u0130A Haber Merkezi 23 Eyl\u00fcl 2009, \u00c7ar\u015famba \u0130nternet \u00fczerinden \u00f6rg\u00fctlenen ve MySpace ile Last fm sitelerinin kapat\u0131lmas\u0131n\u0131 protesto eden yasak kar\u015f\u0131tlar\u0131, postalad\u0131klar\u0131 &#8216;\u00f6zg\u00fcr m\u00fczi\u011fe dokunma&#8217; yaz\u0131l\u0131 cd&#8217;lerle M\u00dcYAP&#8217;\u0131 ger\u00e7ek &#8216;spam&#8217;lere bo\u011fmay\u0131 ama\u00e7l\u0131yor. MySpace ve Last.fm sitelerinin iddia edildi\u011fine g\u00f6re Ba\u011flant\u0131l\u0131&#8230;<\/p>\n","protected":false},"author":1,"featured_media":0,"comment_status":"open","ping_status":"closed","sticky":false,"template":"","format":"standard","meta":{"jetpack_post_was_ever_published":false,"_jetpack_newsletter_access":"","_jetpack_dont_email_post_to_subs":false,"_jetpack_newsletter_tier_id":0,"_jetpack_memberships_contains_paywalled_content":false,"_jetpack_memberships_contains_paid_content":false,"footnotes":"","jetpack_publicize_message":"","jetpack_publicize_feature_enabled":true,"jetpack_social_post_already_shared":false,"jetpack_social_options":{"image_generator_settings":{"template":"highway","default_image_id":0,"font":"","enabled":false},"version":2}},"categories":[21,36,33,96,29,97,3,67],"tags":[],"class_list":["post-500","post","type-post","status-publish","format-standard","hentry","category-erisim-engelleme","category-fikri-haklar","category-korsan","category-last-fm","category-muyap","category-myspace","category-sansur","category-turkiye"],"jetpack_publicize_connections":[],"jetpack_featured_media_url":"","jetpack_sharing_enabled":true,"jetpack_shortlink":"https:\/\/wp.me\/p7wjA8-84","jetpack-related-posts":[],"_links":{"self":[{"href":"https:\/\/privacy.cyber-rights.org.tr\/index.php?rest_route=\/wp\/v2\/posts\/500","targetHints":{"allow":["GET"]}}],"collection":[{"href":"https:\/\/privacy.cyber-rights.org.tr\/index.php?rest_route=\/wp\/v2\/posts"}],"about":[{"href":"https:\/\/privacy.cyber-rights.org.tr\/index.php?rest_route=\/wp\/v2\/types\/post"}],"author":[{"embeddable":true,"href":"https:\/\/privacy.cyber-rights.org.tr\/index.php?rest_route=\/wp\/v2\/users\/1"}],"replies":[{"embeddable":true,"href":"https:\/\/privacy.cyber-rights.org.tr\/index.php?rest_route=%2Fwp%2Fv2%2Fcomments&post=500"}],"version-history":[{"count":1,"href":"https:\/\/privacy.cyber-rights.org.tr\/index.php?rest_route=\/wp\/v2\/posts\/500\/revisions"}],"predecessor-version":[{"id":501,"href":"https:\/\/privacy.cyber-rights.org.tr\/index.php?rest_route=\/wp\/v2\/posts\/500\/revisions\/501"}],"wp:attachment":[{"href":"https:\/\/privacy.cyber-rights.org.tr\/index.php?rest_route=%2Fwp%2Fv2%2Fmedia&parent=500"}],"wp:term":[{"taxonomy":"category","embeddable":true,"href":"https:\/\/privacy.cyber-rights.org.tr\/index.php?rest_route=%2Fwp%2Fv2%2Fcategories&post=500"},{"taxonomy":"post_tag","embeddable":true,"href":"https:\/\/privacy.cyber-rights.org.tr\/index.php?rest_route=%2Fwp%2Fv2%2Ftags&post=500"}],"curies":[{"name":"wp","href":"https:\/\/api.w.org\/{rel}","templated":true}]}}