{"id":506,"date":"2009-09-23T17:24:18","date_gmt":"2009-09-23T14:24:18","guid":{"rendered":"http:\/\/privacy.cyber-rights.org.tr\/?p=506"},"modified":"2009-09-23T17:24:22","modified_gmt":"2009-09-23T14:24:22","slug":"bianet-muyap-last-fm-ve-myspacein-erisime-kapatilmasini-istemedik","status":"publish","type":"post","link":"https:\/\/privacy.cyber-rights.org.tr\/?p=506","title":{"rendered":"Bianet: M\u00dcYAP: Last FM ve MySpace&#8217;in Eri\u015fime Kapat\u0131lmas\u0131n\u0131 \u0130stemedik"},"content":{"rendered":"<p><a href=\"http:\/\/bianet.org\/bianet\/ifade-ozgurlugu\/117196-muyap-last-fm-ve-myspacein-erisime-kapatilmasini-istemedik#\">Bianet: M\u00dcYAP: Last FM ve MySpace&#8217;in Eri\u015fime Kapat\u0131lmas\u0131n\u0131 \u0130stemedik<\/a><\/p>\n<p>&#8216;Fikir \u00e7al\u0131n\u0131yor, biz de hak m\u00fccadelesi veriyoruz&#8217; diyen M\u00dcYAP ba\u015fkan\u0131 Forta, &#8216;siteleri eri\u015fime kapatan T\u00fcrkiye&#8217;deki yasalar&#8217; dedi. Site kullan\u0131c\u0131lar\u0131n\u0131n tepkilerini &#8216;bilin\u00e7siz&#8217; olarak de\u011ferlendirdi. Forta, anla\u015ft\u0131klar\u0131n\u0131 s\u00f6yledi\u011fi MySpace&#8217;in iki g\u00fcn i\u00e7inde a\u00e7\u0131laca\u011f\u0131n\u0131 kaydetti.<\/p>\n<p>Bawer \u00c7AKIR, bawer@bianet.org<br \/>\n\u0130stanbul &#8211; B\u0130A Haber Merkezi<br \/>\n23 Eyl\u00fcl 2009, \u00c7ar\u015famba<\/p>\n<p>MySpace ve Last FM sitelerinin eri\u015fime kapat\u0131lmas\u0131yla ilgili g\u00f6r\u00fc\u015ft\u00fc\u011f\u00fcm\u00fcz Ba\u011flant\u0131l\u0131 Hak Sahibi Fonogram Yap\u0131mc\u0131lar\u0131 Meslek Birli\u011fi (M\u00dcYAP) Ba\u015fkan\u0131 B\u00fclent Forta, &#8216;\u015eikayeti bizi yapt\u0131k. Fikri haklar \u00e7al\u0131n\u0131yor. Biz de hak m\u00fccadelesi yap\u0131yoruz&#8217; dedi.<\/p>\n<p>&#8216;Sahip oldu\u011fumuz i\u00e7erikler bu sitelerde yay\u0131mlan\u0131yor. Her g\u00fcn birileri bunlar\u0131 bedava kullan\u0131yor. Biz de M\u00dcYAP&#8217;a yetki vermi\u015f insanlar\u0131n haklar\u0131n\u0131 korumak i\u00e7in b\u00f6yle bir yola ba\u015fvurduk. Amac\u0131m\u0131z siteleri eri\u015fime kapatmak de\u011fildi. Bu T\u00fcrkiye&#8217;deki yasalar\u0131n sorunu. \u00c7\u00fcnk\u00fc, ba\u015fka t\u00fcrl\u00fc bir uygulama yok.&#8217;<br \/>\n&#8216;Sitelere eri\u015fimi biz talep etmedik, yasalar b\u00f6yle&#8217;<\/p>\n<p>D\u00fcnyan\u0131n en b\u00fcy\u00fck sosyalle\u015fme sitelerinden MySpace ve Last FM, M\u00dcYAP&#8217;\u0131n \u015fikayeti \u00fczerine 19 Eyl\u00fcl&#8217;de eri\u015fime kapat\u0131lm\u0131\u015ft\u0131.<\/p>\n<p>Forta, \u015fikayet gerek\u00e7elerini \u015f\u00f6yle anlatt\u0131:<\/p>\n<p>&#8216;Biz bu iki sitedeki i\u00e7eriklerin telifsiz kullan\u0131m\u0131n\u0131 engellemek i\u00e7in bir anla\u015fma yapmak istedik. \u00c7\u00fcnk\u00fc, d\u00fcnyan\u0131n en b\u00fcy\u00fck \u015firketleri aras\u0131nda yer alan ve bir\u00e7ok sanat\u00e7\u0131n\u0131n eserlerini kullan\u0131c\u0131lar\u0131na ula\u015ft\u0131rarak milyarlarca para kazanan bu firmalar bize telif \u00f6demeye yana\u015fmad\u0131lar.&#8217;<\/p>\n<p>Siteleri eri\u015fime kapatmak gibi bir niyetlerinin olmad\u0131\u011f\u0131n\u0131 belirten M\u00dcYAP ba\u015fkan\u0131 \u015f\u00f6yle devam etti:<\/p>\n<p>&#8216;MySpace ve Last FM, m\u00fczik i\u00e7eriklerinden para kazand\u0131klar\u0131 i\u00e7in Fikir ve Sanat Eserleri Yasas\u0131 gere\u011fi bizlere telif \u00f6demeleri gerekiyor. Ancak T\u00fcrkiye yasalar\u0131 bu konuda siteleri eri\u015fime kapatmak d\u0131\u015f\u0131nda bir \u015fey yapm\u0131yor. Oysa ki telifli i\u00e7erikleri \u00e7\u0131kartarak ya da sadece bu i\u00e7erikleri eri\u015fime kapatarak bu t\u00fcr bir soruna neden olunmayabilir.&#8217;<\/p>\n<p>&#8216;Ama&#8217; diyor Forta, &#8216;ne T\u00fcrkiye&#8217;deki teknoloji ne de yasalar buna elveri\u015fli.&#8217;<\/p>\n<p>&#8216;Art\u0131k d\u00fcnya m\u00fczik sekt\u00f6r\u00fcn\u00fcn bir par\u00e7as\u0131 say\u0131lan MySpace&#8217;le anla\u015fmaya vard\u0131klar\u0131n\u0131 ve sitenin bir iki g\u00fcne a\u00e7\u0131laca\u011f\u0131&#8217; bilgisini veren Forta, &#8216;Last FM&#8217;in kendilerine telif \u00f6dememekte \u0131srar etti\u011fini&#8217; kaydetti.<br \/>\nForta&#8217;ya g\u00f6re tepkiler bilin\u00e7li de\u011fil<\/p>\n<p>&#8221;Sans\u00fcr, \u00f6zg\u00fcr ileti\u015fimin engellendi\u011fi gibi ele\u015ftirileri do\u011fru bulmuyorum. Bizim \u00f6zg\u00fcrl\u00fc\u011f\u00fcm\u00fcz bu tip b\u00fcy\u00fck i\u015fletmelere kald\u0131ysa vay halimize&#8217; diyen Forta, kendilerine gelen tepkileri \u015f\u00f6yle de\u011ferlendiriyor:<\/p>\n<p>&#8216;Bu tepkiler bilin\u00e7li tepkiler de\u011fil. Evet, 80&#8217;li y\u0131llarda plak \u015firketlerine kar\u015f\u0131 hakl\u0131 bir antipati vard\u0131. Ama bug\u00fcn b\u00f6yle bir durum kalmad\u0131. Art\u0131k, MySpace ve Last FM gibi \u015firketler var, plak firmalar\u0131ndan daha \u00e7ok kazan\u0131yorlar.&#8217;<\/p>\n<p>\u00d6te yandan, MySpace ve Last FM kullan\u0131c\u0131lar\u0131 sitelerin eri\u015fime kapat\u0131lmas\u0131na kar\u015f\u0131 harekete ge\u00e7tiler. Sosyalle\u015fme sitesi Friendfeed&#8217;de bir araya gelenler M\u00dcYAP&#8217;a &#8216;\u00d6zg\u00fcr m\u00fczi\u011fe dokunma&#8217; yazan kapaklar\u0131n i\u00e7ine yerle\u015ftirdikleri bo\u015f CD&#8217;leri yollayacaklar.(B\u00c7)<\/p>\n","protected":false},"excerpt":{"rendered":"<p>Bianet: M\u00dcYAP: Last FM ve MySpace&#8217;in Eri\u015fime Kapat\u0131lmas\u0131n\u0131 \u0130stemedik &#8216;Fikir \u00e7al\u0131n\u0131yor, biz de hak m\u00fccadelesi veriyoruz&#8217; diyen M\u00dcYAP ba\u015fkan\u0131 Forta, &#8216;siteleri eri\u015fime kapatan T\u00fcrkiye&#8217;deki yasalar&#8217; dedi. Site kullan\u0131c\u0131lar\u0131n\u0131n tepkilerini &#8216;bilin\u00e7siz&#8217; olarak de\u011ferlendirdi. Forta, anla\u015ft\u0131klar\u0131n\u0131 s\u00f6yledi\u011fi MySpace&#8217;in iki g\u00fcn i\u00e7inde a\u00e7\u0131laca\u011f\u0131n\u0131 kaydetti. Bawer \u00c7AKIR, bawer@bianet.org \u0130stanbul &#8211; B\u0130A Haber Merkezi 23 Eyl\u00fcl 2009, \u00c7ar\u015famba MySpace ve Last FM sitelerinin eri\u015fime kapat\u0131lmas\u0131yla&#8230;<\/p>\n","protected":false},"author":1,"featured_media":0,"comment_status":"open","ping_status":"closed","sticky":false,"template":"","format":"standard","meta":{"jetpack_post_was_ever_published":false,"_jetpack_newsletter_access":"","_jetpack_dont_email_post_to_subs":false,"_jetpack_newsletter_tier_id":0,"_jetpack_memberships_contains_paywalled_content":false,"_jetpack_memberships_contains_paid_content":false,"footnotes":"","jetpack_publicize_message":"","jetpack_publicize_feature_enabled":true,"jetpack_social_post_already_shared":false,"jetpack_social_options":{"image_generator_settings":{"template":"highway","default_image_id":0,"font":"","enabled":false},"version":2}},"categories":[5,21,36,33,96,29,97,3,67],"tags":[],"class_list":["post-506","post","type-post","status-publish","format-standard","hentry","category-dusunce-ozgurlugu","category-erisim-engelleme","category-fikri-haklar","category-korsan","category-last-fm","category-muyap","category-myspace","category-sansur","category-turkiye"],"jetpack_publicize_connections":[],"jetpack_featured_media_url":"","jetpack_sharing_enabled":true,"jetpack_shortlink":"https:\/\/wp.me\/p7wjA8-8a","jetpack-related-posts":[],"_links":{"self":[{"href":"https:\/\/privacy.cyber-rights.org.tr\/index.php?rest_route=\/wp\/v2\/posts\/506","targetHints":{"allow":["GET"]}}],"collection":[{"href":"https:\/\/privacy.cyber-rights.org.tr\/index.php?rest_route=\/wp\/v2\/posts"}],"about":[{"href":"https:\/\/privacy.cyber-rights.org.tr\/index.php?rest_route=\/wp\/v2\/types\/post"}],"author":[{"embeddable":true,"href":"https:\/\/privacy.cyber-rights.org.tr\/index.php?rest_route=\/wp\/v2\/users\/1"}],"replies":[{"embeddable":true,"href":"https:\/\/privacy.cyber-rights.org.tr\/index.php?rest_route=%2Fwp%2Fv2%2Fcomments&post=506"}],"version-history":[{"count":1,"href":"https:\/\/privacy.cyber-rights.org.tr\/index.php?rest_route=\/wp\/v2\/posts\/506\/revisions"}],"predecessor-version":[{"id":507,"href":"https:\/\/privacy.cyber-rights.org.tr\/index.php?rest_route=\/wp\/v2\/posts\/506\/revisions\/507"}],"wp:attachment":[{"href":"https:\/\/privacy.cyber-rights.org.tr\/index.php?rest_route=%2Fwp%2Fv2%2Fmedia&parent=506"}],"wp:term":[{"taxonomy":"category","embeddable":true,"href":"https:\/\/privacy.cyber-rights.org.tr\/index.php?rest_route=%2Fwp%2Fv2%2Fcategories&post=506"},{"taxonomy":"post_tag","embeddable":true,"href":"https:\/\/privacy.cyber-rights.org.tr\/index.php?rest_route=%2Fwp%2Fv2%2Ftags&post=506"}],"curies":[{"name":"wp","href":"https:\/\/api.w.org\/{rel}","templated":true}]}}