{"id":510,"date":"2009-09-24T15:50:46","date_gmt":"2009-09-24T12:50:46","guid":{"rendered":"http:\/\/privacy.cyber-rights.org.tr\/?p=510"},"modified":"2009-09-24T15:50:58","modified_gmt":"2009-09-24T12:50:58","slug":"bianet-telif-haklarini-ifade-ozgurlugunu-baltalamadan-koruyun","status":"publish","type":"post","link":"https:\/\/privacy.cyber-rights.org.tr\/?p=510","title":{"rendered":"Bianet: &#8220;Telif Haklar\u0131n\u0131 \u0130fade \u00d6zg\u00fcrl\u00fc\u011f\u00fcn\u00fc Baltalamadan Koruyun&#8221;"},"content":{"rendered":"<p><a href=\"http:\/\/www.bianet.org\/bianet\/ifade-ozgurlugu\/117220-telif-haklarini-ifade-ozgurlugunu-baltalamadan-koruyun#\">Bianet: &#8220;Telif Haklar\u0131n\u0131 \u0130fade \u00d6zg\u00fcrl\u00fc\u011f\u00fcn\u00fc Baltalamadan Koruyun&#8221;<\/a><\/p>\n<p>RSF, MySpace sitesinin tamam\u0131n\u0131n bir i\u00e7erikten eri\u015fime kapat\u0131lmas\u0131n\u0131, T\u00fcrkiye&#8217;deki \u0130nternet mevzuat\u0131n\u0131n \u0130nsan Haklar\u0131 ve Temel \u00d6zg\u00fcrl\u00fcklerin Korunmas\u0131na Daire Avrupa S\u00f6zle\u015fmesi&#8217;ne ayk\u0131r\u0131 olmas\u0131yla a\u00e7\u0131klad\u0131.<\/p>\n<p>Paris &#8211; B\u0130A Haber Merkezi, 24 Eyl\u00fcl 2009, Per\u015fembe<\/p>\n<p>Uluslararas\u0131 S\u0131n\u0131r Tan\u0131mayan Gazeteciler (RSF) \u00f6rg\u00fct\u00fc, MySpace sitesinin tamam\u0131na T\u00fcrkiye&#8217;de eri\u015fim yasa\u011f\u0131 getirilmesini k\u0131nad\u0131; &#8216;Telif hakk\u0131na sahip \u00e7\u0131karken ifade \u00f6zg\u00fcrl\u00fc\u011f\u00fc hakk\u0131 engellenemez&#8217; dedi.<\/p>\n<p>&#8216;T\u00fcm bir sitenin eri\u015fime kapat\u0131lmas\u0131 orant\u0131s\u0131z bir ceza oldu\u011fu kadar ifade \u00f6zg\u00fcrl\u00fc\u011f\u00fcn\u00fcn engellenmesine de yol a\u00e7ar. Telif haklar\u0131n\u0131n ihlal edilmesine neden olan i\u00e7erik neyse, onun kald\u0131r\u0131lmas\u0131 yeterlidir. Ancak \u015fu anda kesin olarak k\u0131nad\u0131\u011f\u0131m\u0131z sans\u00fcr refleksi T\u00fcrkiye&#8217;de yayg\u0131n.&#8217;<br \/>\n&#8216;\u0130hlal i\u00e7eren i\u00e7erik neyse o kald\u0131r\u0131ls\u0131n&#8217;<\/p>\n<p>Beyo\u011flu Ba\u015fsavc\u0131l\u0131\u011f\u0131n\u0131n 26 Haziran&#8217;da ald\u0131\u011f\u0131 bir kararla, MySpace, Last FM ve Ak\u0131ll\u0131 TV&#8217;ye ait siteleri 19 Eyl\u00fcl&#8217;den itibaren \u0130nternet kullan\u0131c\u0131lar\u0131n\u0131n eri\u015fimine kapat\u0131lm\u0131\u015ft\u0131.<\/p>\n<p>Her \u00fc\u00e7 siteye de eri\u015fmek isteyenler, &#8216;Bu siteye eri\u015fim mahkeme karar\u0131yla engellenmi\u015ftir. T.C. Beyo\u011flu Cumhuriyet Ba\u015fsavc\u0131l\u0131\u011f\u0131&#8217;n\u0131n 26.06.2009 tarih ve 2009\/45 say\u0131l\u0131 karar\u0131 gere\u011fi eri\u015fime kapanm\u0131\u015ft\u0131r&#8217; mesaj\u0131yla kar\u015f\u0131la\u015f\u0131yorlar.<\/p>\n<p>RSF, d\u00fcn (23 Eyl\u00fcl) yapt\u0131\u011f\u0131 yaz\u0131l\u0131 a\u00e7\u0131klamada, Bilgi \u00dcniversitesi Hukuk Fak\u00fcltesi \u00f6\u011fretim \u00fcyesi Do\u00e7 Dr. Yaman Akdeniz&#8217;in, karar\u0131n orant\u0131s\u0131zl\u0131\u011f\u0131na, &#8216;dinozorlar \u00e7a\u011f\u0131nda kalma bir y\u00f6ntem&#8217; s\u00f6zleriyle i\u015faret etti\u011fine de\u011findi.<\/p>\n<p>Paris merkezli \u00f6rg\u00fct, eri\u015fim yasa\u011f\u0131na ancak bir hakimin karar verebilece\u011fini bildirerek, bu y\u00f6ndeki karar\u0131 bir savc\u0131n\u0131n almas\u0131n\u0131n T\u00fcrkiye&#8217;nin alt\u0131na imza att\u0131\u011f\u0131 \u0130nsan Haklar\u0131 ve Temel \u00d6zg\u00fcrl\u00fcklerin Korunmas\u0131na Dair Avrupa S\u00f6zle\u015fmesi&#8217;nin (CESDHLF) ihlali oldu\u011funu a\u00e7\u0131klad\u0131.<br \/>\nRSF: Fransa da telif haklar\u0131n\u0131n derdinde&#8230;<\/p>\n<p>Avrupa&#8217;da Fransa gibi \u00fclkelerin korsan yay\u0131nla m\u00fccadele veya telif haklar\u0131n korunmas\u0131 amac\u0131yla \u0130nternetin k\u0131s\u0131tlanmas\u0131na d\u00f6n\u00fck ad\u0131m atmaya haz\u0131rland\u0131\u011f\u0131na i\u015faret eden RSF, &#8216;Telif haklar\u0131n\u0131n korunmas\u0131 niyetini anlay\u0131\u015fla kar\u015f\u0131l\u0131yoruz. Ancak uygulamalar \u0130nternet kullan\u0131c\u0131lar\u0131n\u0131n ifade \u00f6zg\u00fcrl\u00fc\u011f\u00fc haklar\u0131n\u0131 k\u0131s\u0131tlamaya da var\u0131yor&#8217;<\/p>\n<p>RSF, T\u00fcrkiye h\u00fck\u00fcmetini, 5651 Say\u0131l\u0131 \u0130nternet Ortam\u0131nda \u0130\u015flenen Su\u00e7lara \u0130li\u015fkin Kanunu&#8217;nu \u0130nsan Haklar\u0131 ve Temel \u00d6zg\u00fcrl\u00fcklerin Korunmas\u0131na Dair Avrupa S\u00f6zle\u015fmesi&#8217;ne uygun olarak de\u011fi\u015ftirmeye \u00e7a\u011f\u0131rd\u0131.<\/p>\n<p>K\u00fcrsel video payla\u015f\u0131m sitesi youtube.com&#8217;un 5 May\u0131s 2008&#8217;den beri T\u00fcrkiye&#8217;de eri\u015filmez oldu\u011funu hat\u0131rlatan RSF, 2008&#8217;de yay\u0131mlad\u0131\u011f\u0131 D\u00fcnya Bas\u0131n \u00d6zg\u00fcrl\u00fc\u011f\u00fc S\u0131ralamas\u0131&#8217;nda T\u00fcrkiye&#8217;nin 173 \u00fclke i\u00e7erisinde 102. s\u0131rada oldu\u011funu duyurdu.<br \/>\nForta: MySpace bir iki g\u00fcne kadar a\u00e7\u0131l\u0131r<\/p>\n<p>Ba\u011flant\u0131l\u0131 Hak Sahibi Fonogram Yap\u0131mc\u0131lar\u0131 Meslek Birli\u011fi (M\u00dcYAP) Ba\u015fkan\u0131 B\u00fclent Forta, bianet&#8217;e&#8217;\u015eikayeti bizi yapt\u0131k.Fikri haklar \u00e7al\u0131n\u0131yor. Biz de hak m\u00fccadelesi yap\u0131yoruz. MySpace&#8217;le anla\u015fmaya var\u0131ld\u0131, siteleri bir iki g\u00fcne kadar a\u00e7\u0131lacak. Ancak Last FM anla\u015fmaya yana\u015fmad\u0131&#8217; demi\u015fti. (E\u00d6)<\/p>\n","protected":false},"excerpt":{"rendered":"<p>Bianet: &#8220;Telif Haklar\u0131n\u0131 \u0130fade \u00d6zg\u00fcrl\u00fc\u011f\u00fcn\u00fc Baltalamadan Koruyun&#8221; RSF, MySpace sitesinin tamam\u0131n\u0131n bir i\u00e7erikten eri\u015fime kapat\u0131lmas\u0131n\u0131, T\u00fcrkiye&#8217;deki \u0130nternet mevzuat\u0131n\u0131n \u0130nsan Haklar\u0131 ve Temel \u00d6zg\u00fcrl\u00fcklerin Korunmas\u0131na Daire Avrupa S\u00f6zle\u015fmesi&#8217;ne ayk\u0131r\u0131 olmas\u0131yla a\u00e7\u0131klad\u0131. Paris &#8211; B\u0130A Haber Merkezi, 24 Eyl\u00fcl 2009, Per\u015fembe Uluslararas\u0131 S\u0131n\u0131r Tan\u0131mayan Gazeteciler (RSF) \u00f6rg\u00fct\u00fc, MySpace sitesinin tamam\u0131na T\u00fcrkiye&#8217;de eri\u015fim yasa\u011f\u0131 getirilmesini k\u0131nad\u0131; &#8216;Telif hakk\u0131na sahip \u00e7\u0131karken ifade \u00f6zg\u00fcrl\u00fc\u011f\u00fc hakk\u0131&#8230;<\/p>\n","protected":false},"author":1,"featured_media":0,"comment_status":"open","ping_status":"closed","sticky":false,"template":"","format":"standard","meta":{"jetpack_post_was_ever_published":false,"_jetpack_newsletter_access":"","_jetpack_dont_email_post_to_subs":false,"_jetpack_newsletter_tier_id":0,"_jetpack_memberships_contains_paywalled_content":false,"_jetpack_memberships_contains_paid_content":false,"footnotes":"","jetpack_publicize_message":"","jetpack_publicize_feature_enabled":true,"jetpack_social_post_already_shared":false,"jetpack_social_options":{"image_generator_settings":{"template":"highway","default_image_id":0,"font":"","enabled":false},"version":2}},"categories":[21,36,33,96,29,97,3,67,78],"tags":[],"class_list":["post-510","post","type-post","status-publish","format-standard","hentry","category-erisim-engelleme","category-fikri-haklar","category-korsan","category-last-fm","category-muyap","category-myspace","category-sansur","category-turkiye","category-yaman-akdeniz"],"jetpack_publicize_connections":[],"jetpack_featured_media_url":"","jetpack_sharing_enabled":true,"jetpack_shortlink":"https:\/\/wp.me\/p7wjA8-8e","jetpack-related-posts":[],"_links":{"self":[{"href":"https:\/\/privacy.cyber-rights.org.tr\/index.php?rest_route=\/wp\/v2\/posts\/510","targetHints":{"allow":["GET"]}}],"collection":[{"href":"https:\/\/privacy.cyber-rights.org.tr\/index.php?rest_route=\/wp\/v2\/posts"}],"about":[{"href":"https:\/\/privacy.cyber-rights.org.tr\/index.php?rest_route=\/wp\/v2\/types\/post"}],"author":[{"embeddable":true,"href":"https:\/\/privacy.cyber-rights.org.tr\/index.php?rest_route=\/wp\/v2\/users\/1"}],"replies":[{"embeddable":true,"href":"https:\/\/privacy.cyber-rights.org.tr\/index.php?rest_route=%2Fwp%2Fv2%2Fcomments&post=510"}],"version-history":[{"count":1,"href":"https:\/\/privacy.cyber-rights.org.tr\/index.php?rest_route=\/wp\/v2\/posts\/510\/revisions"}],"predecessor-version":[{"id":511,"href":"https:\/\/privacy.cyber-rights.org.tr\/index.php?rest_route=\/wp\/v2\/posts\/510\/revisions\/511"}],"wp:attachment":[{"href":"https:\/\/privacy.cyber-rights.org.tr\/index.php?rest_route=%2Fwp%2Fv2%2Fmedia&parent=510"}],"wp:term":[{"taxonomy":"category","embeddable":true,"href":"https:\/\/privacy.cyber-rights.org.tr\/index.php?rest_route=%2Fwp%2Fv2%2Fcategories&post=510"},{"taxonomy":"post_tag","embeddable":true,"href":"https:\/\/privacy.cyber-rights.org.tr\/index.php?rest_route=%2Fwp%2Fv2%2Ftags&post=510"}],"curies":[{"name":"wp","href":"https:\/\/api.w.org\/{rel}","templated":true}]}}