{"id":536,"date":"2009-10-06T14:36:36","date_gmt":"2009-10-06T11:36:36","guid":{"rendered":"http:\/\/privacy.cyber-rights.org.tr\/?p=536"},"modified":"2009-10-06T14:36:39","modified_gmt":"2009-10-06T11:36:39","slug":"myspace-comla-ilgili-erisim-engelleme-karari-kalkti","status":"publish","type":"post","link":"https:\/\/privacy.cyber-rights.org.tr\/?p=536","title":{"rendered":"Myspace.com&#8217;la ilgili eri\u015fim engelleme karar\u0131 kalkt\u0131"},"content":{"rendered":"<p><strong>Yazan: Do\u00e7. Dr. Yaman Akdeniz, \u0130stanbul Bilgi \u00dcniversitesi, Hukuk Fak\u00fcltesi, \u00d6\u011fretim G\u00f6revlisi<\/strong><\/p>\n<p>Bas\u0131n Bildirisi: 06 Ekim, 2009, Sal\u0131<\/p>\n<p>T.C. Beyo\u011flu Cumhuriyet Ba\u015fsavc\u0131l\u0131\u011f\u0131 Bas\u0131n B\u00fcrosu\u2019nu bug\u00fcn ziyaret eden Yaman Akdeniz, ziyareti s\u0131ras\u0131nda Ba\u015fsavc\u0131l\u0131\u011f\u0131n 26.06.2009 tarih ve 2009\/45 say\u0131l\u0131 myspace.com ile ilgili eri\u015fim engelleme karar\u0131n\u0131 kald\u0131rd\u0131\u011f\u0131n\u0131 \u00f6\u011frenmi\u015ftir. Dosyadan M\u00fcyap yetkililerinin myspace.com ile anla\u015ft\u0131klar\u0131 ve bu vesile ile myspace.com ile ilgili itirazlar\u0131n\u0131 geri \u00e7ekmelerinden sonra eri\u015fim engelleme karar\u0131n\u0131n kald\u0131r\u0131lmas\u0131 talebinde bulunduklar\u0131 g\u00f6zlenmi\u015ftir. <\/p>\n<p>Bu arada Last.fm taraf\u0131nda bir geli\u015fme yok, ve eri\u015fim engelleme karar\u0131 Last.fm i\u00e7in halen devaml\u0131l\u0131\u011f\u0131n\u0131 s\u00fcrd\u00fcrmektedir.<\/p>\n<p>T.C. Beyo\u011flu Cumhuriyet Ba\u015fsavc\u0131l\u0131\u011f\u0131 Bas\u0131n B\u00fcrosu taraf\u0131ndan ilgili ISSlere yaz\u0131lm\u0131\u015f ve myspace.com&#8217;a eri\u015fimin bu hafta i\u00e7inde tekrardan sa\u011flanmas\u0131 beklenmektedir.<\/p>\n<p>Ayn\u0131 zamanda Do\u00e7. Dr. Yaman Akdeniz&#8217;in kullan\u0131c\u0131 s\u0131fat\u0131 ile ba\u015flatt\u0131\u011f\u0131 hukuki s\u00fcre\u00e7 ve itirazlar devam etmektedir. Kamuouyu bu konuda da \u00f6n\u00fcm\u00fczdeki hafta bilgilendirilecektir.<\/p>\n","protected":false},"excerpt":{"rendered":"<p>Yazan: Do\u00e7. Dr. Yaman Akdeniz, \u0130stanbul Bilgi \u00dcniversitesi, Hukuk Fak\u00fcltesi, \u00d6\u011fretim G\u00f6revlisi Bas\u0131n Bildirisi: 06 Ekim, 2009, Sal\u0131 T.C. Beyo\u011flu Cumhuriyet Ba\u015fsavc\u0131l\u0131\u011f\u0131 Bas\u0131n B\u00fcrosu\u2019nu bug\u00fcn ziyaret eden Yaman Akdeniz, ziyareti s\u0131ras\u0131nda Ba\u015fsavc\u0131l\u0131\u011f\u0131n 26.06.2009 tarih ve 2009\/45 say\u0131l\u0131 myspace.com ile ilgili eri\u015fim engelleme karar\u0131n\u0131 kald\u0131rd\u0131\u011f\u0131n\u0131 \u00f6\u011frenmi\u015ftir. Dosyadan M\u00fcyap yetkililerinin myspace.com ile anla\u015ft\u0131klar\u0131 ve bu vesile ile myspace.com ile ilgili itirazlar\u0131n\u0131 geri&#8230;<\/p>\n","protected":false},"author":1,"featured_media":0,"comment_status":"open","ping_status":"closed","sticky":false,"template":"","format":"standard","meta":{"jetpack_post_was_ever_published":false,"_jetpack_newsletter_access":"","_jetpack_dont_email_post_to_subs":false,"_jetpack_newsletter_tier_id":0,"_jetpack_memberships_contains_paywalled_content":false,"_jetpack_memberships_contains_paid_content":false,"footnotes":"","jetpack_publicize_message":"","jetpack_publicize_feature_enabled":true,"jetpack_social_post_already_shared":false,"jetpack_social_options":{"image_generator_settings":{"template":"highway","default_image_id":0,"font":"","enabled":false},"version":2}},"categories":[21,36,33,100,29,97],"tags":[],"class_list":["post-536","post","type-post","status-publish","format-standard","hentry","category-erisim-engelleme","category-fikri-haklar","category-korsan","category-lastfm","category-muyap","category-myspace"],"jetpack_publicize_connections":[],"jetpack_featured_media_url":"","jetpack_sharing_enabled":true,"jetpack_shortlink":"https:\/\/wp.me\/p7wjA8-8E","jetpack-related-posts":[],"_links":{"self":[{"href":"https:\/\/privacy.cyber-rights.org.tr\/index.php?rest_route=\/wp\/v2\/posts\/536","targetHints":{"allow":["GET"]}}],"collection":[{"href":"https:\/\/privacy.cyber-rights.org.tr\/index.php?rest_route=\/wp\/v2\/posts"}],"about":[{"href":"https:\/\/privacy.cyber-rights.org.tr\/index.php?rest_route=\/wp\/v2\/types\/post"}],"author":[{"embeddable":true,"href":"https:\/\/privacy.cyber-rights.org.tr\/index.php?rest_route=\/wp\/v2\/users\/1"}],"replies":[{"embeddable":true,"href":"https:\/\/privacy.cyber-rights.org.tr\/index.php?rest_route=%2Fwp%2Fv2%2Fcomments&post=536"}],"version-history":[{"count":1,"href":"https:\/\/privacy.cyber-rights.org.tr\/index.php?rest_route=\/wp\/v2\/posts\/536\/revisions"}],"predecessor-version":[{"id":537,"href":"https:\/\/privacy.cyber-rights.org.tr\/index.php?rest_route=\/wp\/v2\/posts\/536\/revisions\/537"}],"wp:attachment":[{"href":"https:\/\/privacy.cyber-rights.org.tr\/index.php?rest_route=%2Fwp%2Fv2%2Fmedia&parent=536"}],"wp:term":[{"taxonomy":"category","embeddable":true,"href":"https:\/\/privacy.cyber-rights.org.tr\/index.php?rest_route=%2Fwp%2Fv2%2Fcategories&post=536"},{"taxonomy":"post_tag","embeddable":true,"href":"https:\/\/privacy.cyber-rights.org.tr\/index.php?rest_route=%2Fwp%2Fv2%2Ftags&post=536"}],"curies":[{"name":"wp","href":"https:\/\/api.w.org\/{rel}","templated":true}]}}