{"id":556,"date":"2009-10-10T03:21:34","date_gmt":"2009-10-10T00:21:34","guid":{"rendered":"http:\/\/privacy.cyber-rights.org.tr\/?p=556"},"modified":"2009-10-10T03:21:39","modified_gmt":"2009-10-10T00:21:39","slug":"turkiyede-internet-sitelerine-uygulanan-erisim-yasagi-konusu-meclise-tasindi","status":"publish","type":"post","link":"https:\/\/privacy.cyber-rights.org.tr\/?p=556","title":{"rendered":"T\u00fcrkiye&#8217;de internet sitelerine uygulanan eri\u015fim yasa\u011f\u0131 konusu Meclis&#8217;e ta\u015f\u0131nd\u0131."},"content":{"rendered":"<p>T\u00fcrkiye&#8217;de internet sitelerine uygulanan eri\u015fim yasa\u011f\u0131 konusu Meclis&#8217;e ta\u015f\u0131nd\u0131.<\/p>\n<p>09.10.2009<\/p>\n<p>DSP \u0130stanbul Milletvekili Ay\u015fe Jale A\u011f\u0131rba\u015f, Ba\u015fbakan Recep Tayyip Erdo\u011fan\u2019a &#8220;Son \u00fc\u00e7 y\u0131l i\u00e7erisinde eri\u015fimi engellenen sitelerin say\u0131s\u0131 ka\u00e7t\u0131r? Bu sitelerin ka\u00e7\u0131na eri\u015fim savc\u0131l\u0131\u011f\u0131n tedbir karar\u0131yla engellenmi\u015ftir?&#8221;sorusunu y\u00f6neltti.<\/p>\n<p>A\u011f\u0131rba\u015f, Meclis Ba\u015fkanl\u0131\u011f\u0131\u2019na sundu\u011fu soru \u00f6nergesinde, T\u00fcrkiye\u2019de internet kullan\u0131m\u0131n\u0131n \u00fcst seviyelere \u00e7\u0131kt\u0131\u011f\u0131n\u0131 ve internetsiz bir ya\u015fam\u0131n d\u00fc\u015f\u00fcn\u00fclemez hale geldi\u011fini belirterek, &#8220;Ancak, 5651 Say\u0131l\u0131 \u0130nternet Ortam\u0131nda Yap\u0131lan Yay\u0131nlar\u0131n D\u00fczenlenmesi ve Bu Yay\u0131nlar Yoluyla \u0130\u015flenen Su\u00e7larla M\u00fccadele Edilmesi Hakk\u0131nda Kanun bunun \u00f6n\u00fcnde bir engel olarak durmaktad\u0131r. Yasada bulunan h\u00fck\u00fcmler sebebiyle bir\u00e7ok internet sitesine eri\u015fim, savc\u0131l\u0131\u011f\u0131n tedbir koymas\u0131 yoluyla engellenmektedir. Milyonlarca \u00fcyesi ve uluslararas\u0131 bilinirli\u011fi olan dev portallara bile eri\u015fimin mahkeme karar\u0131 olmadan sadece bir savc\u0131l\u0131k &#8220;tedbir\u2019 karar\u0131yla engellenmesi ve bu konuda yasal bir d\u00fczenleme yap\u0131lmamas\u0131, T\u00fcrkiye\u2019de internet yay\u0131nc\u0131l\u0131\u011f\u0131na ili\u015fkin sans\u00fcr uygulanmas\u0131na h\u00fck\u00fcmetin destek verdi\u011fi \u015feklinde kamuoyunda bir alg\u0131 olu\u015fturmu\u015ftur&#8221; dedi. <\/p>\n<p>A\u011f\u0131rba\u015f, soru \u00f6nergesinde Ba\u015fbakan Erdo\u011fan\u2019a \u015fu sorular\u0131 y\u00f6neltti:<br \/>\n&#8220;Son \u00fc\u00e7 y\u0131l i\u00e7erisinde eri\u015fimi engellenen sitelerin say\u0131s\u0131 ka\u00e7t\u0131r? Bu sitelerin ka\u00e7\u0131na eri\u015fim savc\u0131l\u0131\u011f\u0131n tedbir karar\u0131yla engellenmi\u015ftir? \u0130nternet sitelerine eri\u015fimin engellenmesi suretiyle uygulanan sans\u00fcre son verilmesi y\u00f6n\u00fcnde H\u00fck\u00fcmetin duyars\u0131z kalmas\u0131n\u0131n sebebi nedir? H\u00fck\u00fcmetin gerekli d\u00fczenlemeleri yapmayarak sans\u00fcr uygulamas\u0131na gizli destek vermesinin yol a\u00e7t\u0131\u011f\u0131 bir maddi kay\u0131p s\u00f6z konusu mudur? S\u00f6z konun maddi kayb\u0131n ne kadar oldu\u011fu konusunda bir \u00e7al\u0131\u015fma yap\u0131lm\u0131\u015f m\u0131d\u0131r? \u00dclkemiz vatanda\u015flar\u0131n\u0131n bilgiye ula\u015fmas\u0131na ve ma\u011fdur olmas\u0131na sebep olan sans\u00fcr\u00fcn s\u00fcrekli hale d\u00f6n\u00fc\u015fmesini engelleyici tedbirler ne zaman al\u0131nacakt\u0131r?&#8221; ANKA<\/p>\n","protected":false},"excerpt":{"rendered":"<p>T\u00fcrkiye&#8217;de internet sitelerine uygulanan eri\u015fim yasa\u011f\u0131 konusu Meclis&#8217;e ta\u015f\u0131nd\u0131. 09.10.2009 DSP \u0130stanbul Milletvekili Ay\u015fe Jale A\u011f\u0131rba\u015f, Ba\u015fbakan Recep Tayyip Erdo\u011fan\u2019a &#8220;Son \u00fc\u00e7 y\u0131l i\u00e7erisinde eri\u015fimi engellenen sitelerin say\u0131s\u0131 ka\u00e7t\u0131r? Bu sitelerin ka\u00e7\u0131na eri\u015fim savc\u0131l\u0131\u011f\u0131n tedbir karar\u0131yla engellenmi\u015ftir?&#8221;sorusunu y\u00f6neltti. A\u011f\u0131rba\u015f, Meclis Ba\u015fkanl\u0131\u011f\u0131\u2019na sundu\u011fu soru \u00f6nergesinde, T\u00fcrkiye\u2019de internet kullan\u0131m\u0131n\u0131n \u00fcst seviyelere \u00e7\u0131kt\u0131\u011f\u0131n\u0131 ve internetsiz bir ya\u015fam\u0131n d\u00fc\u015f\u00fcn\u00fclemez hale geldi\u011fini belirterek, &#8220;Ancak, 5651&#8230;<\/p>\n","protected":false},"author":1,"featured_media":0,"comment_status":"open","ping_status":"closed","sticky":false,"template":"","format":"standard","meta":{"jetpack_post_was_ever_published":false,"_jetpack_newsletter_access":"","_jetpack_dont_email_post_to_subs":false,"_jetpack_newsletter_tier_id":0,"_jetpack_memberships_contains_paywalled_content":false,"_jetpack_memberships_contains_paid_content":false,"footnotes":"","jetpack_publicize_message":"","jetpack_publicize_feature_enabled":true,"jetpack_social_post_already_shared":false,"jetpack_social_options":{"image_generator_settings":{"template":"highway","default_image_id":0,"font":"","enabled":false},"version":2}},"categories":[22,21,3,17,67],"tags":[],"class_list":["post-556","post","type-post","status-publish","format-standard","hentry","category-5651-nolu-kanun","category-erisim-engelleme","category-sansur","category-tib","category-turkiye"],"jetpack_publicize_connections":[],"jetpack_featured_media_url":"","jetpack_sharing_enabled":true,"jetpack_shortlink":"https:\/\/wp.me\/p7wjA8-8Y","jetpack-related-posts":[],"_links":{"self":[{"href":"https:\/\/privacy.cyber-rights.org.tr\/index.php?rest_route=\/wp\/v2\/posts\/556","targetHints":{"allow":["GET"]}}],"collection":[{"href":"https:\/\/privacy.cyber-rights.org.tr\/index.php?rest_route=\/wp\/v2\/posts"}],"about":[{"href":"https:\/\/privacy.cyber-rights.org.tr\/index.php?rest_route=\/wp\/v2\/types\/post"}],"author":[{"embeddable":true,"href":"https:\/\/privacy.cyber-rights.org.tr\/index.php?rest_route=\/wp\/v2\/users\/1"}],"replies":[{"embeddable":true,"href":"https:\/\/privacy.cyber-rights.org.tr\/index.php?rest_route=%2Fwp%2Fv2%2Fcomments&post=556"}],"version-history":[{"count":1,"href":"https:\/\/privacy.cyber-rights.org.tr\/index.php?rest_route=\/wp\/v2\/posts\/556\/revisions"}],"predecessor-version":[{"id":557,"href":"https:\/\/privacy.cyber-rights.org.tr\/index.php?rest_route=\/wp\/v2\/posts\/556\/revisions\/557"}],"wp:attachment":[{"href":"https:\/\/privacy.cyber-rights.org.tr\/index.php?rest_route=%2Fwp%2Fv2%2Fmedia&parent=556"}],"wp:term":[{"taxonomy":"category","embeddable":true,"href":"https:\/\/privacy.cyber-rights.org.tr\/index.php?rest_route=%2Fwp%2Fv2%2Fcategories&post=556"},{"taxonomy":"post_tag","embeddable":true,"href":"https:\/\/privacy.cyber-rights.org.tr\/index.php?rest_route=%2Fwp%2Fv2%2Ftags&post=556"}],"curies":[{"name":"wp","href":"https:\/\/api.w.org\/{rel}","templated":true}]}}