{"id":578,"date":"2009-10-21T15:11:19","date_gmt":"2009-10-21T12:11:19","guid":{"rendered":"http:\/\/privacy.cyber-rights.org.tr\/?p=578"},"modified":"2009-10-21T15:11:21","modified_gmt":"2009-10-21T12:11:21","slug":"acik-radyo-94-9-fm-bilgi-caginin-hukuku","status":"publish","type":"post","link":"https:\/\/privacy.cyber-rights.org.tr\/?p=578","title":{"rendered":"A\u00e7\u0131k Radyo 94.9 FM: Bilgi \u00c7a\u011f\u0131n\u0131n Hukuku"},"content":{"rendered":"<p><strong>A\u00e7\u0131k Radyo 94.9 FM: \u201cBilgi \u00c7a\u011f\u0131n\u0131n Hukuku\u201d Program\u0131<\/p>\n<p>Haz\u0131rlay\u0131p sunanlar: Avniye Tansu\u011f &#8211; Yaman Akdeniz<\/p>\n<p>\u201cBilgi \u00c7a\u011f\u0131\u201d ve \u201cHukuk\u201d&#8230;<\/strong><\/p>\n<p>Bilgi ve ileti\u015fim teknolojilerindeki h\u0131zl\u0131 de\u011fi\u015fim ve ilerleme, hepimizin ya\u015fam\u0131n\u0131 ve ili\u015fkilerini etkileyip de\u011fi\u015ftirmekte. A\u00e7\u0131k Radyo bu konuya ilk kez 2002 Nisan\u2019\u0131nda haftal\u0131k \u201cInternet ve Hukuk\u201d program\u0131 ile mercek tutmaya ba\u015flam\u0131\u015ft\u0131. Program\u0131n ba\u015fl\u0131\u011f\u0131 iki y\u0131l \u00f6nce daha geni\u015f kapsaml\u0131 olan \u201cBilgi \u00c7a\u011f\u0131n\u0131n Hukuku\u201dna d\u00f6n\u00fc\u015ft\u00fc. 8 y\u0131ld\u0131r bilgi ve ileti\u015fim teknolojileri hukuku uzman\u0131 Av. Avniye Tansu\u011f taraf\u0131ndan haz\u0131rlan\u0131p sunulan bu program, 2009 Kas\u0131m\u2019\u0131ndan (30. Yay\u0131n D\u00f6nemi) itibaren art\u0131k Do\u00e7. Dr. Yaman Akdeniz\u2019in de kat\u0131l\u0131m\u0131yla devam edecek. Birle\u015fik Krall\u0131k, Leeds \u00dcniversitesi\u2019nde \u201cSiber Hukuk\u201d k\u00fcrs\u00fcs\u00fcn\u00fcn ve \u201cSiber Haklar Siber \u00d6zg\u00fcrl\u00fckler\u201d sivil toplum \u00f6rg\u00fct\u00fcn\u00fcn kurucusu olan Akdeniz, T\u00fcrkiye\u2019ye d\u00f6nd\u00fc ve Bilgi \u00dcniversitesi Hukuk Fak\u00fcltesi\u2019nde ayn\u0131 konuda \u00f6\u011fretim \u00fcyesi olarak \u00e7al\u0131\u015fmalar\u0131n\u0131 s\u00fcrd\u00fcr\u00fcyor. <\/p>\n<p>Bu yay\u0131n d\u00f6neminde Internette sans\u00fcr, \u00e7e\u015fitli web sitelerine verilen eri\u015fim engelleme kararlar\u0131, fikri haklar ve korsan yay\u0131nlar, gizli dinleme ve mahremiyet, ki\u015fisel verilerin korunmas\u0131, \u00e7ocuk pornografisi, \u00e7ocuklar\u0131n zararl\u0131 Internet i\u00e7eriklerinden korunmas\u0131, Web 2.0 tabanl\u0131 sosyal topluluklarla ilgili hukuki problemler ve bilgi edinme hakk\u0131 gibi \u00e7ok say\u0131da kamu ve \u00f6zel hukuk konular\u0131n\u0131 mercek alt\u0131na yat\u0131raca\u011f\u0131z.<br \/>\nTansu\u011f ve Akdeniz taraf\u0131ndan ortakla\u015fa haz\u0131rlan\u0131p 55 dakika s\u00fcreyle sunulacak olan \u201cBilgi \u00c7a\u011f\u0131n\u0131n Hukuku\u201d 15 g\u00fcnde bir Pazartesi g\u00fcnleri, 15.30-16.30 saatleri aras\u0131nda yay\u0131na girecek. <strong>\u0130lk program 2 Kas\u0131m Pazartesi g\u00fcn\u00fc yay\u0131na girecek.<br \/>\n<\/strong><\/p>\n","protected":false},"excerpt":{"rendered":"<p>A\u00e7\u0131k Radyo 94.9 FM: \u201cBilgi \u00c7a\u011f\u0131n\u0131n Hukuku\u201d Program\u0131 Haz\u0131rlay\u0131p sunanlar: Avniye Tansu\u011f &#8211; Yaman Akdeniz \u201cBilgi \u00c7a\u011f\u0131\u201d ve \u201cHukuk\u201d&#8230; Bilgi ve ileti\u015fim teknolojilerindeki h\u0131zl\u0131 de\u011fi\u015fim ve ilerleme, hepimizin ya\u015fam\u0131n\u0131 ve ili\u015fkilerini etkileyip de\u011fi\u015ftirmekte. A\u00e7\u0131k Radyo bu konuya ilk kez 2002 Nisan\u2019\u0131nda haftal\u0131k \u201cInternet ve Hukuk\u201d program\u0131 ile mercek tutmaya ba\u015flam\u0131\u015ft\u0131. Program\u0131n ba\u015fl\u0131\u011f\u0131 iki y\u0131l \u00f6nce daha geni\u015f kapsaml\u0131 olan \u201cBilgi&#8230;<\/p>\n","protected":false},"author":1,"featured_media":0,"comment_status":"open","ping_status":"closed","sticky":false,"template":"","format":"standard","meta":{"jetpack_post_was_ever_published":false,"_jetpack_newsletter_access":"","_jetpack_dont_email_post_to_subs":false,"_jetpack_newsletter_tier_id":0,"_jetpack_memberships_contains_paywalled_content":false,"_jetpack_memberships_contains_paid_content":false,"footnotes":"","jetpack_publicize_message":"","jetpack_publicize_feature_enabled":true,"jetpack_social_post_already_shared":false,"jetpack_social_options":{"image_generator_settings":{"template":"highway","default_image_id":0,"font":"","enabled":false},"version":2}},"categories":[106,107,108,78],"tags":[],"class_list":["post-578","post","type-post","status-publish","format-standard","hentry","category-acik-radyo","category-avniye-tansug","category-bilgi-caginin-hukuku","category-yaman-akdeniz"],"jetpack_publicize_connections":[],"jetpack_featured_media_url":"","jetpack_sharing_enabled":true,"jetpack_shortlink":"https:\/\/wp.me\/p7wjA8-9k","jetpack-related-posts":[],"_links":{"self":[{"href":"https:\/\/privacy.cyber-rights.org.tr\/index.php?rest_route=\/wp\/v2\/posts\/578","targetHints":{"allow":["GET"]}}],"collection":[{"href":"https:\/\/privacy.cyber-rights.org.tr\/index.php?rest_route=\/wp\/v2\/posts"}],"about":[{"href":"https:\/\/privacy.cyber-rights.org.tr\/index.php?rest_route=\/wp\/v2\/types\/post"}],"author":[{"embeddable":true,"href":"https:\/\/privacy.cyber-rights.org.tr\/index.php?rest_route=\/wp\/v2\/users\/1"}],"replies":[{"embeddable":true,"href":"https:\/\/privacy.cyber-rights.org.tr\/index.php?rest_route=%2Fwp%2Fv2%2Fcomments&post=578"}],"version-history":[{"count":1,"href":"https:\/\/privacy.cyber-rights.org.tr\/index.php?rest_route=\/wp\/v2\/posts\/578\/revisions"}],"predecessor-version":[{"id":579,"href":"https:\/\/privacy.cyber-rights.org.tr\/index.php?rest_route=\/wp\/v2\/posts\/578\/revisions\/579"}],"wp:attachment":[{"href":"https:\/\/privacy.cyber-rights.org.tr\/index.php?rest_route=%2Fwp%2Fv2%2Fmedia&parent=578"}],"wp:term":[{"taxonomy":"category","embeddable":true,"href":"https:\/\/privacy.cyber-rights.org.tr\/index.php?rest_route=%2Fwp%2Fv2%2Fcategories&post=578"},{"taxonomy":"post_tag","embeddable":true,"href":"https:\/\/privacy.cyber-rights.org.tr\/index.php?rest_route=%2Fwp%2Fv2%2Ftags&post=578"}],"curies":[{"name":"wp","href":"https:\/\/api.w.org\/{rel}","templated":true}]}}