{"id":58,"date":"2008-06-30T05:04:42","date_gmt":"2008-06-30T02:04:42","guid":{"rendered":"http:\/\/privacy.cyber-rights.org.tr\/?p=58"},"modified":"2008-06-30T05:04:43","modified_gmt":"2008-06-30T02:04:43","slug":"meclis-haftaya-telekulak-tartismasiyla-basliyor","status":"publish","type":"post","link":"https:\/\/privacy.cyber-rights.org.tr\/?p=58","title":{"rendered":"Meclis haftaya telekulak tart\u0131\u015fmas\u0131yla ba\u015fl\u0131yor"},"content":{"rendered":"<p><a href=\"http:\/\/www.cnnturk.com\/haber_detay.asp?haberID=475354&#038;PID=318\">Meclis haftaya kelekulak tart\u0131\u015fmas\u0131yla ba\u015fl\u0131yor<\/a>: &#8220;Meclis haftaya telekulak tart\u0131\u015fmalar\u0131yla ba\u015flayacak. CHP&#8217;nin Ba\u015fbakan Recep Tayyip Erdo\u011fan ve \u0130\u00e7i\u015fleri Bakan\u0131 Be\u015fir Atalay hakk\u0131nda verdi\u011fi soru\u015fturma \u00f6nergesi sal\u0131 g\u00fcn\u00fc Meclis g\u00fcndeminde olacak.&#8221;<\/p>\n<p>(Via <a href=\"http:\/\/www.cnnturk.com\/Servisler\/rss\/index.asp\">CNN T\u00dcRK<\/a>.)<\/p>\n","protected":false},"excerpt":{"rendered":"<p>Meclis haftaya kelekulak tart\u0131\u015fmas\u0131yla ba\u015fl\u0131yor: &#8220;Meclis haftaya telekulak tart\u0131\u015fmalar\u0131yla ba\u015flayacak. CHP&#8217;nin Ba\u015fbakan Recep Tayyip Erdo\u011fan ve \u0130\u00e7i\u015fleri Bakan\u0131 Be\u015fir Atalay hakk\u0131nda verdi\u011fi soru\u015fturma \u00f6nergesi sal\u0131 g\u00fcn\u00fc Meclis g\u00fcndeminde olacak.&#8221; (Via CNN T\u00dcRK.)<\/p>\n","protected":false},"author":1,"featured_media":0,"comment_status":"open","ping_status":"closed","sticky":false,"template":"","format":"standard","meta":{"jetpack_post_was_ever_published":false,"_jetpack_newsletter_access":"","_jetpack_dont_email_post_to_subs":false,"_jetpack_newsletter_tier_id":0,"_jetpack_memberships_contains_paywalled_content":false,"_jetpack_memberships_contains_paid_content":false,"footnotes":"","jetpack_publicize_message":"","jetpack_publicize_feature_enabled":true,"jetpack_social_post_already_shared":false,"jetpack_social_options":{"image_generator_settings":{"template":"highway","default_image_id":0,"font":"","enabled":false},"version":2}},"categories":[15,19,10,14],"tags":[],"class_list":["post-58","post","type-post","status-publish","format-standard","hentry","category-gizli-dinleme","category-izleme","category-mahremiyet","category-telekulak"],"jetpack_publicize_connections":[],"jetpack_featured_media_url":"","jetpack_sharing_enabled":true,"jetpack_shortlink":"https:\/\/wp.me\/p7wjA8-W","jetpack-related-posts":[],"_links":{"self":[{"href":"https:\/\/privacy.cyber-rights.org.tr\/index.php?rest_route=\/wp\/v2\/posts\/58","targetHints":{"allow":["GET"]}}],"collection":[{"href":"https:\/\/privacy.cyber-rights.org.tr\/index.php?rest_route=\/wp\/v2\/posts"}],"about":[{"href":"https:\/\/privacy.cyber-rights.org.tr\/index.php?rest_route=\/wp\/v2\/types\/post"}],"author":[{"embeddable":true,"href":"https:\/\/privacy.cyber-rights.org.tr\/index.php?rest_route=\/wp\/v2\/users\/1"}],"replies":[{"embeddable":true,"href":"https:\/\/privacy.cyber-rights.org.tr\/index.php?rest_route=%2Fwp%2Fv2%2Fcomments&post=58"}],"version-history":[{"count":0,"href":"https:\/\/privacy.cyber-rights.org.tr\/index.php?rest_route=\/wp\/v2\/posts\/58\/revisions"}],"wp:attachment":[{"href":"https:\/\/privacy.cyber-rights.org.tr\/index.php?rest_route=%2Fwp%2Fv2%2Fmedia&parent=58"}],"wp:term":[{"taxonomy":"category","embeddable":true,"href":"https:\/\/privacy.cyber-rights.org.tr\/index.php?rest_route=%2Fwp%2Fv2%2Fcategories&post=58"},{"taxonomy":"post_tag","embeddable":true,"href":"https:\/\/privacy.cyber-rights.org.tr\/index.php?rest_route=%2Fwp%2Fv2%2Ftags&post=58"}],"curies":[{"name":"wp","href":"https:\/\/api.w.org\/{rel}","templated":true}]}}