{"id":618,"date":"2009-11-05T13:08:31","date_gmt":"2009-11-05T10:08:31","guid":{"rendered":"http:\/\/privacy.cyber-rights.org.tr\/?p=618"},"modified":"2009-11-05T13:08:34","modified_gmt":"2009-11-05T10:08:34","slug":"andiclanan-siteler-yargiya-gidiyor","status":"publish","type":"post","link":"https:\/\/privacy.cyber-rights.org.tr\/?p=618","title":{"rendered":"And\u0131\u00e7lanan siteler yarg\u0131ya gidiyor"},"content":{"rendered":"<p><a href=\"http:\/\/www.radikal.com.tr\/Radikal.aspx?aType=RadikalHaberDetay&#038;ArticleID=962731&#038;CategoryID=97\">And\u0131\u00e7lanan siteler yarg\u0131ya gidiyor<\/a><\/p>\n<p>\u0130hbara g\u00f6re Dursun \u00c7i\u00e7ek imzal\u0131 and\u0131\u00e7ta &#8216;b\u00f6l\u00fcc\u00fc&#8217; kategorisine sokulan bir sitede CHP \u0130l Ba\u015fkan\u0131 Tekin yaz\u0131yor. &#8216;Fethullah\u00e7\u0131&#8217; diye fi\u015flendi\u011fi \u00f6ne s\u00fcr\u00fclen bir site ise &#8216;Biz Fethullah\u00e7\u0131 de\u011fil Milli G\u00f6r\u00fc\u015f\u00e7\u00fcy\u00fcz&#8217; diyor<\/p>\n<p>And\u0131\u00e7lanan siteler yarg\u0131ya gidiyor &#8211; 05\/11\/2009 10:02<br \/>\n\u0130SMA\u0130L SAYMAZ<\/p>\n<p>\u0130STANBUL &#8211; \u2018\u0130hbarc\u0131 subay\u2019\u0131n \u00f6nceki g\u00fcn bas\u0131na yollad\u0131\u011f\u0131, kimi intenet haber sitelerinin fi\u015flendi\u011fini g\u00f6steren ve Albay Dursun \u00c7i\u00e7ek imzal\u0131 yeni bir \u2018and\u0131\u00e7\u2019 oldu\u011fu \u00f6ne s\u00fcr\u00fclen d\u00f6k\u00fcman, tart\u0131\u015fma yaratt\u0131. CHP \u0130l Ba\u015fkan\u0131 G\u00fcrel Tekin\u2019in yaz\u0131 yazd\u0131\u011f\u0131, sosyaldemokrat g\u00f6r\u00fc\u015fteki \u2018www.gercekgundem.com\u2019 adl\u0131 site \u2018b\u00f6l\u00fcc\u00fc\u2019 kategorisine konulurken, Milli G\u00f6r\u00fc\u015f\u00e7\u00fc \u2018www.haber5.com\u2019 adl\u0131 site i\u00e7in \u2018Fethullah\u00e7\u0131\u2019 denildi. \u2018www.gercekgundem.com\u2019u yay\u0131mlayan gazeteci Bar\u0131\u015f Yarkada\u015f, and\u0131c\u0131 yarg\u0131ya ta\u015f\u0131yor.<br \/>\nAnd\u0131\u00e7 oldu\u011fu ileri s\u00fcr\u00fclen d\u00f6k\u00fcman\u0131n do\u011fru olup olmad\u0131\u011f\u0131n\u0131n a\u00e7\u0131kl\u0131\u011fa kavu\u015fturulmas\u0131n\u0131 isteyen Bar\u0131\u015f Yarkada\u015f, \u015f\u00f6yle konu\u015ftu:<br \/>\n\u201cE\u011fer bu and\u0131\u00e7 do\u011fruysa, onu haz\u0131rlamak su\u00e7tur. Onu haz\u0131rlayan kurmaylar\u0131n zekas\u0131na \u015fa\u015f\u0131yorum. Bizimki gibi, sosyal demokrat ve cumhuriyet\u00e7i bir yay\u0131n organ\u0131n\u0131 b\u00f6l\u00fcc\u00fc siteler kategorisine alabilmek i\u00e7in insan\u0131n zekas\u0131n\u0131n \u00e7al\u0131\u015fm\u0131yor olmas\u0131 gerekiyor.\u201d <\/p>\n<p>\u2018Hedef haline getirildik\u2019<br \/>\nYarkada\u015f, hedef haline getirildiklerini belirterek, \u201cGe\u00e7mi\u015fte, hakk\u0131nda and\u0131\u00e7 haz\u0131rlanan ki\u015filerin ba\u015flar\u0131na neler geldi\u011fini birlikte g\u00f6rd\u00fck. And\u0131\u00e7lar haz\u0131rlanan bir sistemde gazeteciler halk\u0131n haber alma hakk\u0131n\u0131n savunucusu olamazlar. And\u0131\u00e7 haz\u0131rland\u0131\u011f\u0131 noktada, gazetecilerin elleri titrer\u201d dedi. Yarkada\u015f, and\u0131c\u0131 yarg\u0131ya ta\u015f\u0131yacaklar\u0131n\u0131 s\u00f6zlerine ekledi.<br \/>\nSitede \u00fc\u00e7 bu\u00e7uk y\u0131ld\u0131r g\u00fcncel yaz\u0131lar kaleme alan CHP \u0130l Ba\u015fkan\u0131 G\u00fcrsel Tekin\u2019se www.gercekgundem.com\u2019un and\u0131ca dahil edilmesinin, imal bir belge izlenimi yaratt\u0131\u011f\u0131n\u0131 savundu:<br \/>\n\u201cBu, belgelerin gayriciddili\u011fini g\u00f6steriyor. Ben sitede, kurulu\u015fundan bu yana b\u00f6l\u00fcc\u00fcl\u00fck ibaresi olabilecek tek haber g\u00f6rmedim. Ne yaz\u0131k ki b\u00fct\u00fcn medyay\u0131 susturdular. Susturamad\u0131klar\u0131 bir www.gercekgundem.com vard\u0131. O da vergi memurlar\u0131n\u0131n s\u0131k s\u0131k u\u011frad\u0131\u011f\u0131 yay\u0131n kurulu\u015fudur. Bu belgenin ciddiyeti ve ge\u00e7erlili\u011fi yoktur.\u201d<\/p>\n<p>Nedeni Taraftan al\u0131nt\u0131lar m\u0131?<br \/>\nAyn\u0131 d\u00f6k\u00fcmanda, \u2018Fethullah\u00e7\u0131\u2019 kategorisine sokulan \u2018www.haber5.com\u2019un Genel Yay\u0131n Y\u00f6netmeni \u0130slam Arslan ise Milli G\u00f6r\u00fc\u015f \u00e7izgisinde olduklar\u0131n\u0131 belirtti. Taraf gazetesinde yay\u0131mlanan kimi haberlerden al\u0131nt\u0131 yapt\u0131klar\u0131 i\u00e7in bu kategoriye konulmu\u015f olabileceklerini anlatan Arslan, \u201c\u00c7ok komik buluyor, g\u00fcl\u00fcyoruz. Ayr\u0131ca biz Fethullah\u00e7\u0131 da de\u011filiz\u201d diye konu\u015ftu.<\/p>\n<div style=\"text-align:center;\"><img data-recalc-dims=\"1\" loading=\"lazy\" decoding=\"async\" src=\"https:\/\/i0.wp.com\/cyberlaw.org.uk\/wp-content\/uploads\/2009\/11\/6200911031008338.jpg?resize=450%2C600\" alt=\"6200911031008338.jpg\" border=\"0\" width=\"450\" height=\"600\" \/><\/div>\n<p>(Via <a href=\"http:\/\/www.radikal.com.tr\">Radikal-Rss(T\u00fcrkiye)<\/a>.)<\/p>\n","protected":false},"excerpt":{"rendered":"<p>And\u0131\u00e7lanan siteler yarg\u0131ya gidiyor \u0130hbara g\u00f6re Dursun \u00c7i\u00e7ek imzal\u0131 and\u0131\u00e7ta &#8216;b\u00f6l\u00fcc\u00fc&#8217; kategorisine sokulan bir sitede CHP \u0130l Ba\u015fkan\u0131 Tekin yaz\u0131yor. &#8216;Fethullah\u00e7\u0131&#8217; diye fi\u015flendi\u011fi \u00f6ne s\u00fcr\u00fclen bir site ise &#8216;Biz Fethullah\u00e7\u0131 de\u011fil Milli G\u00f6r\u00fc\u015f\u00e7\u00fcy\u00fcz&#8217; diyor And\u0131\u00e7lanan siteler yarg\u0131ya gidiyor &#8211; 05\/11\/2009 10:02 \u0130SMA\u0130L SAYMAZ \u0130STANBUL &#8211; \u2018\u0130hbarc\u0131 subay\u2019\u0131n \u00f6nceki g\u00fcn bas\u0131na yollad\u0131\u011f\u0131, kimi intenet haber sitelerinin fi\u015flendi\u011fini g\u00f6steren ve Albay Dursun&#8230;<\/p>\n","protected":false},"author":1,"featured_media":0,"comment_status":"open","ping_status":"closed","sticky":false,"template":"","format":"standard","meta":{"jetpack_post_was_ever_published":false,"_jetpack_newsletter_access":"","_jetpack_dont_email_post_to_subs":false,"_jetpack_newsletter_tier_id":0,"_jetpack_memberships_contains_paywalled_content":false,"_jetpack_memberships_contains_paid_content":false,"footnotes":"","jetpack_publicize_message":"","jetpack_publicize_feature_enabled":true,"jetpack_social_post_already_shared":false,"jetpack_social_options":{"image_generator_settings":{"template":"highway","default_image_id":0,"font":"","enabled":false},"version":2}},"categories":[109],"tags":[],"class_list":["post-618","post","type-post","status-publish","format-standard","hentry","category-andic"],"jetpack_publicize_connections":[],"jetpack_featured_media_url":"","jetpack_sharing_enabled":true,"jetpack_shortlink":"https:\/\/wp.me\/p7wjA8-9Y","jetpack-related-posts":[],"_links":{"self":[{"href":"https:\/\/privacy.cyber-rights.org.tr\/index.php?rest_route=\/wp\/v2\/posts\/618","targetHints":{"allow":["GET"]}}],"collection":[{"href":"https:\/\/privacy.cyber-rights.org.tr\/index.php?rest_route=\/wp\/v2\/posts"}],"about":[{"href":"https:\/\/privacy.cyber-rights.org.tr\/index.php?rest_route=\/wp\/v2\/types\/post"}],"author":[{"embeddable":true,"href":"https:\/\/privacy.cyber-rights.org.tr\/index.php?rest_route=\/wp\/v2\/users\/1"}],"replies":[{"embeddable":true,"href":"https:\/\/privacy.cyber-rights.org.tr\/index.php?rest_route=%2Fwp%2Fv2%2Fcomments&post=618"}],"version-history":[{"count":1,"href":"https:\/\/privacy.cyber-rights.org.tr\/index.php?rest_route=\/wp\/v2\/posts\/618\/revisions"}],"predecessor-version":[{"id":619,"href":"https:\/\/privacy.cyber-rights.org.tr\/index.php?rest_route=\/wp\/v2\/posts\/618\/revisions\/619"}],"wp:attachment":[{"href":"https:\/\/privacy.cyber-rights.org.tr\/index.php?rest_route=%2Fwp%2Fv2%2Fmedia&parent=618"}],"wp:term":[{"taxonomy":"category","embeddable":true,"href":"https:\/\/privacy.cyber-rights.org.tr\/index.php?rest_route=%2Fwp%2Fv2%2Fcategories&post=618"},{"taxonomy":"post_tag","embeddable":true,"href":"https:\/\/privacy.cyber-rights.org.tr\/index.php?rest_route=%2Fwp%2Fv2%2Ftags&post=618"}],"curies":[{"name":"wp","href":"https:\/\/api.w.org\/{rel}","templated":true}]}}