{"id":648,"date":"2009-11-11T16:31:30","date_gmt":"2009-11-11T13:31:30","guid":{"rendered":"http:\/\/privacy.cyber-rights.org.tr\/?p=648"},"modified":"2009-11-11T16:31:33","modified_gmt":"2009-11-11T13:31:33","slug":"radikal-internet-andici-28-subat-temizligi-getirdi","status":"publish","type":"post","link":"https:\/\/privacy.cyber-rights.org.tr\/?p=648","title":{"rendered":"Radikal: \u0130nternet and\u0131c\u0131 &#8217;28 \u015fubat temizli\u011fi&#8217; getirdi"},"content":{"rendered":"<p><a href=\"http:\/\/www.radikal.com.tr\/Radikal.aspx?aType=RadikalDetay&#038;ArticleID=963822&#038;Date=11.11.2009&#038;CategoryID=77\">Radikal: \u0130nternet and\u0131c\u0131 &#8217;28 \u015fubat temizli\u011fi&#8217; getirdi<\/a><\/p>\n<div style=\"text-align:center;\"><img data-recalc-dims=\"1\" loading=\"lazy\" decoding=\"async\" src=\"https:\/\/i0.wp.com\/cyberlaw.org.uk\/wp-content\/uploads\/2009\/11\/28_subat_nester.jpg?resize=400%2C200\" alt=\"28_subat_nester.jpg\" border=\"0\" width=\"400\" height=\"200\" \/><\/div>\n<p>11\/11\/2009 06:53<\/p>\n<p>\u0130hbar mektubuyla ortaya \u00e7\u0131kan ve Genelkurmay&#8217;\u0131n do\u011frulad\u0131\u011f\u0131 &#8216;internet and\u0131c\u0131&#8217;n\u0131n yasal dayanaklar\u0131n\u0131n 28 \u015eubat s\u00fcrecinden kald\u0131\u011f\u0131n\u0131 belirleyen Ba\u015fbakanl\u0131k, 28 \u015eubat&#8217;\u0131n izini temizlemek i\u00e7in \u00e7al\u0131\u015fma ba\u015flatt\u0131<\/p>\n<p>TARIK I\u015eIK<\/p>\n<p>ANKARA &#8211; G\u00fcndemi sarsan \u2018internet and\u0131c\u0131\u2019 skandal\u0131n\u0131n ard\u0131ndan Ba\u015fbakanl\u0131k t\u00fcm yasa ve y\u00f6netmeliklerde \u201828 \u015eubat\u2019\u0131n izini temizlemek i\u00e7in harekete ge\u00e7ti. Bat\u0131 \u00c7al\u0131\u015fma Grubu taraf\u0131ndan haz\u0131rlanan \u00fcnl\u00fc \u2018\u0130rticayla M\u00fccadele Belgesi\u2019ni kald\u0131rmak i\u00e7in harekete ge\u00e7ildi\u011fi \u00f6\u011frenildi.<br \/>\nGenelkurmay\u2019\u0131n 6 Kas\u0131m\u2019da d\u00fczenledi\u011fi bilgilendirme toplant\u0131s\u0131nda, Genelkurmay b\u00fcnyesinde, \u2018irtica ve ter\u00f6rle m\u00fccadele i\u00e7in\u2019 baz\u0131 internet sitelerinin kuruldu\u011fu a\u00e7\u0131kland\u0131. \u2018Devletin kendi vatanda\u015flar\u0131 \u00fczerinde psikolojik sava\u015f y\u00fcr\u00fctt\u00fc\u011f\u00fcn\u00fcn\u2019 itiraf\u0131 say\u0131lan a\u00e7\u0131klama tepki toplad\u0131.<br \/>\nRadikal\u2019e bilgi veren kaynaklar Genelkurmay\u2019\u0131n \u2018internet and\u0131c\u0131na\u2019 dayanak olarak g\u00f6sterdi\u011fi belgenin 28 \u015eubat postmodern darbesinin kararlar\u0131n\u0131n uygulanmas\u0131n\u0131 takip i\u00e7in haz\u0131rlanan \u2018irtica ile M\u00fccadele Strateji Belgesi\u2019 oldu\u011funu s\u00f6yledi. Yakla\u015f\u0131k 100 sayfadan olu\u015ftu\u011fu belirtilen gizli belge, Bat\u0131 \u00c7al\u0131\u015fma Grubu (B\u00c7G) taraf\u0131ndan haz\u0131rlanm\u0131\u015ft\u0131. Belge, irticai ve b\u00f6l\u00fcc\u00fc faaliyet y\u00fcr\u00fcten her t\u00fcrl\u00fc ki\u015fi, kurum veya kurulu\u015fun takip edilmesini \u00f6ng\u00f6r\u00fcyordu.<br \/>\n2006 y\u0131l\u0131nda, belge \u2018suistimale a\u00e7\u0131k\u2019 baz\u0131 maddelerin iptal edilmesi gerek\u00e7esiyle Bakanlar Kurulu\u2019nun g\u00fcndemine geldi. B\u00f6ylece, belge, AKP\u2019nin r\u00f6tu\u015fundan ge\u00e7mi\u015f oldu.<\/p>\n<p>\u00d6nce r\u00f6tu\u015f sonra temizlik<br \/>\nRadikal\u2019e bilgi veren bir kaynak, konunun g\u00fcndeme geli\u015f \u015fekli ve Genelkurmay\u2019\u0131n a\u00e7\u0131klamas\u0131n\u0131n, Ba\u015fbakanl\u0131\u011f\u0131 \u2018daha k\u00f6kten \u00e7\u00f6z\u00fcm yollar\u0131 \u00fcretmeye itti\u011fini\u2019 s\u00f6yledi. Genelkurmay\u2019\u0131n a\u00e7\u0131klamas\u0131n\u0131n hemen ertesi g\u00fcn\u00fc Ba\u015fbakanl\u0131k\u2019ta \u00fcst d\u00fczey b\u00fcrokratlar\u0131n kat\u0131l\u0131m\u0131 ile bir dizi \u00e7al\u0131\u015fma yap\u0131ld\u0131. Buna g\u00f6re 55, 56. ve 57. h\u00fck\u00fcmetler d\u00f6neminde \u00e7\u0131kar\u0131lan irticai ve b\u00f6l\u00fcc\u00fc faaliyetlere ili\u015fkin \u2018mu\u011flak ifadeler i\u00e7eren\u2019 t\u00fcm y\u00f6netmelik, plan ve genelgeler iptal edilecek. Ve \u2018\u0130rtica ile M\u00fccadele Strateji Belgesi\u2019 de iptal edilecek.<br \/>\nBat\u0131 \u00c7al\u0131\u015fma Grubu, Ecevit\u2019in Ba\u015fbakanl\u0131\u011f\u0131 d\u00f6neminde \u2018Ba\u015fbakanl\u0131k \u0130rticay\u0131 Takip ve Koordinasyon Kurulu\u2019na d\u00f6n\u00fc\u015ft\u00fcr\u00fcld\u00fc. Kurul ayda bir defa toplanarak, yap\u0131lan \u00e7al\u0131\u015fmalar\u0131 g\u00f6zden ge\u00e7iriyor. Ancak AKP\u2019nin h\u00fck\u00fcmet oldu\u011fu son yedi y\u0131lda, Kurul\u2019un toplanma periyodu \u00fc\u00e7 ayda bire \u00e7\u0131kar\u0131ld\u0131. Halen Kurulun toplanma periyodu zaman zaman aks\u0131yor. AKP\u2019nin, ismi, \u2018Ba\u015fbakanl\u0131k Uygulamay\u0131 Takip ve Koordinasyon Kurulu\u2019 yaparak kald\u0131rmak istedi\u011fi biliniyor.<\/p>\n","protected":false},"excerpt":{"rendered":"<p>Radikal: \u0130nternet and\u0131c\u0131 &#8217;28 \u015fubat temizli\u011fi&#8217; getirdi 11\/11\/2009 06:53 \u0130hbar mektubuyla ortaya \u00e7\u0131kan ve Genelkurmay&#8217;\u0131n do\u011frulad\u0131\u011f\u0131 &#8216;internet and\u0131c\u0131&#8217;n\u0131n yasal dayanaklar\u0131n\u0131n 28 \u015eubat s\u00fcrecinden kald\u0131\u011f\u0131n\u0131 belirleyen Ba\u015fbakanl\u0131k, 28 \u015eubat&#8217;\u0131n izini temizlemek i\u00e7in \u00e7al\u0131\u015fma ba\u015flatt\u0131 TARIK I\u015eIK ANKARA &#8211; G\u00fcndemi sarsan \u2018internet and\u0131c\u0131\u2019 skandal\u0131n\u0131n ard\u0131ndan Ba\u015fbakanl\u0131k t\u00fcm yasa ve y\u00f6netmeliklerde \u201828 \u015eubat\u2019\u0131n izini temizlemek i\u00e7in harekete ge\u00e7ti. Bat\u0131 \u00c7al\u0131\u015fma Grubu taraf\u0131ndan haz\u0131rlanan&#8230;<\/p>\n","protected":false},"author":1,"featured_media":0,"comment_status":"open","ping_status":"closed","sticky":false,"template":"","format":"standard","meta":{"jetpack_post_was_ever_published":false,"_jetpack_newsletter_access":"","_jetpack_dont_email_post_to_subs":false,"_jetpack_newsletter_tier_id":0,"_jetpack_memberships_contains_paywalled_content":false,"_jetpack_memberships_contains_paid_content":false,"footnotes":"","jetpack_publicize_message":"","jetpack_publicize_feature_enabled":true,"jetpack_social_post_already_shared":false,"jetpack_social_options":{"image_generator_settings":{"template":"highway","default_image_id":0,"font":"","enabled":false},"version":2}},"categories":[109],"tags":[],"class_list":["post-648","post","type-post","status-publish","format-standard","hentry","category-andic"],"jetpack_publicize_connections":[],"jetpack_featured_media_url":"","jetpack_sharing_enabled":true,"jetpack_shortlink":"https:\/\/wp.me\/p7wjA8-as","jetpack-related-posts":[],"_links":{"self":[{"href":"https:\/\/privacy.cyber-rights.org.tr\/index.php?rest_route=\/wp\/v2\/posts\/648","targetHints":{"allow":["GET"]}}],"collection":[{"href":"https:\/\/privacy.cyber-rights.org.tr\/index.php?rest_route=\/wp\/v2\/posts"}],"about":[{"href":"https:\/\/privacy.cyber-rights.org.tr\/index.php?rest_route=\/wp\/v2\/types\/post"}],"author":[{"embeddable":true,"href":"https:\/\/privacy.cyber-rights.org.tr\/index.php?rest_route=\/wp\/v2\/users\/1"}],"replies":[{"embeddable":true,"href":"https:\/\/privacy.cyber-rights.org.tr\/index.php?rest_route=%2Fwp%2Fv2%2Fcomments&post=648"}],"version-history":[{"count":1,"href":"https:\/\/privacy.cyber-rights.org.tr\/index.php?rest_route=\/wp\/v2\/posts\/648\/revisions"}],"predecessor-version":[{"id":649,"href":"https:\/\/privacy.cyber-rights.org.tr\/index.php?rest_route=\/wp\/v2\/posts\/648\/revisions\/649"}],"wp:attachment":[{"href":"https:\/\/privacy.cyber-rights.org.tr\/index.php?rest_route=%2Fwp%2Fv2%2Fmedia&parent=648"}],"wp:term":[{"taxonomy":"category","embeddable":true,"href":"https:\/\/privacy.cyber-rights.org.tr\/index.php?rest_route=%2Fwp%2Fv2%2Fcategories&post=648"},{"taxonomy":"post_tag","embeddable":true,"href":"https:\/\/privacy.cyber-rights.org.tr\/index.php?rest_route=%2Fwp%2Fv2%2Ftags&post=648"}],"curies":[{"name":"wp","href":"https:\/\/api.w.org\/{rel}","templated":true}]}}