{"id":65,"date":"2008-08-01T17:08:05","date_gmt":"2008-08-01T14:08:05","guid":{"rendered":"http:\/\/privacy.cyber-rights.org.tr\/?p=65"},"modified":"2008-08-01T17:08:06","modified_gmt":"2008-08-01T14:08:06","slug":"tibden-aciklama-ulkemizde-dinlenen-kisi-sayisi-avrupaya-gore-makul-duzeyde","status":"publish","type":"post","link":"https:\/\/privacy.cyber-rights.org.tr\/?p=65","title":{"rendered":"T\u0130B&#8217;den A\u00e7\u0131klama : \u00dclkemizde Dinlenen Ki\u015fi Say\u0131s\u0131 Avrupa&#8217;ya G\u00f6re Makul D\u00fczeyde"},"content":{"rendered":"<p><a href=\"http:\/\/turk.internet.com\/haber\/yazigoster.php3?yaziid=21566\">T\u0130B&#8217;den A\u00e7\u0131klama : \u00dclkemizde Dinlenen Ki\u015fi Say\u0131s\u0131 Avrupa&#8217;ya G\u00f6re Makul D\u00fczeyde<\/a>: &#8220;Telekom\u00fcnikasyon Kurumu \u0130leti\u015fim Ba\u015fkanl\u0131\u011f\u0131&#8217;ndan, Vatan Gazetesinde yay\u0131nlanan telefon dinlemeleri haberi konusunda bir a\u00e7\u0131klama yap\u0131ld\u0131 ve &#8216;\u00dclkemizde dinlenen ki\u015fi say\u0131s\u0131n\u0131n Avrupa \u00fclkelerine g\u00f6re makul d\u00fczeyde oldu\u011fu belirtilmi\u015ftir.&#8217; denildi.&#8221;<\/p>\n<p>(Via <a href=\"http:\/\/turk.internet.com\/\">Turk.internet.com<\/a>.)<\/p>\n","protected":false},"excerpt":{"rendered":"<p>T\u0130B&#8217;den A\u00e7\u0131klama : \u00dclkemizde Dinlenen Ki\u015fi Say\u0131s\u0131 Avrupa&#8217;ya G\u00f6re Makul D\u00fczeyde: &#8220;Telekom\u00fcnikasyon Kurumu \u0130leti\u015fim Ba\u015fkanl\u0131\u011f\u0131&#8217;ndan, Vatan Gazetesinde yay\u0131nlanan telefon dinlemeleri haberi konusunda bir a\u00e7\u0131klama yap\u0131ld\u0131 ve &#8216;\u00dclkemizde dinlenen ki\u015fi say\u0131s\u0131n\u0131n Avrupa \u00fclkelerine g\u00f6re makul d\u00fczeyde oldu\u011fu belirtilmi\u015ftir.&#8217; denildi.&#8221; (Via Turk.internet.com.)<\/p>\n","protected":false},"author":1,"featured_media":0,"comment_status":"open","ping_status":"closed","sticky":false,"template":"","format":"standard","meta":{"jetpack_post_was_ever_published":false,"_jetpack_newsletter_access":"","_jetpack_dont_email_post_to_subs":false,"_jetpack_newsletter_tier_id":0,"_jetpack_memberships_contains_paywalled_content":false,"_jetpack_memberships_contains_paid_content":false,"footnotes":"","jetpack_publicize_message":"","jetpack_publicize_feature_enabled":true,"jetpack_social_post_already_shared":false,"jetpack_social_options":{"image_generator_settings":{"template":"highway","default_image_id":0,"font":"","enabled":false},"version":2}},"categories":[15,10,14,17],"tags":[],"class_list":["post-65","post","type-post","status-publish","format-standard","hentry","category-gizli-dinleme","category-mahremiyet","category-telekulak","category-tib"],"jetpack_publicize_connections":[],"jetpack_featured_media_url":"","jetpack_sharing_enabled":true,"jetpack_shortlink":"https:\/\/wp.me\/p7wjA8-13","jetpack-related-posts":[],"_links":{"self":[{"href":"https:\/\/privacy.cyber-rights.org.tr\/index.php?rest_route=\/wp\/v2\/posts\/65","targetHints":{"allow":["GET"]}}],"collection":[{"href":"https:\/\/privacy.cyber-rights.org.tr\/index.php?rest_route=\/wp\/v2\/posts"}],"about":[{"href":"https:\/\/privacy.cyber-rights.org.tr\/index.php?rest_route=\/wp\/v2\/types\/post"}],"author":[{"embeddable":true,"href":"https:\/\/privacy.cyber-rights.org.tr\/index.php?rest_route=\/wp\/v2\/users\/1"}],"replies":[{"embeddable":true,"href":"https:\/\/privacy.cyber-rights.org.tr\/index.php?rest_route=%2Fwp%2Fv2%2Fcomments&post=65"}],"version-history":[{"count":0,"href":"https:\/\/privacy.cyber-rights.org.tr\/index.php?rest_route=\/wp\/v2\/posts\/65\/revisions"}],"wp:attachment":[{"href":"https:\/\/privacy.cyber-rights.org.tr\/index.php?rest_route=%2Fwp%2Fv2%2Fmedia&parent=65"}],"wp:term":[{"taxonomy":"category","embeddable":true,"href":"https:\/\/privacy.cyber-rights.org.tr\/index.php?rest_route=%2Fwp%2Fv2%2Fcategories&post=65"},{"taxonomy":"post_tag","embeddable":true,"href":"https:\/\/privacy.cyber-rights.org.tr\/index.php?rest_route=%2Fwp%2Fv2%2Ftags&post=65"}],"curies":[{"name":"wp","href":"https:\/\/api.w.org\/{rel}","templated":true}]}}