{"id":650,"date":"2009-11-12T20:14:08","date_gmt":"2009-11-12T17:14:08","guid":{"rendered":"http:\/\/privacy.cyber-rights.org.tr\/?p=650"},"modified":"2009-11-12T20:14:12","modified_gmt":"2009-11-12T17:14:12","slug":"tib-yargitay-telefonlari-dinlenmedi","status":"publish","type":"post","link":"https:\/\/privacy.cyber-rights.org.tr\/?p=650","title":{"rendered":"T\u0130B: &#8220;Yarg\u0131tay telefonlar\u0131 dinlenmedi&#8221;"},"content":{"rendered":"<p><a href=\"http:\/\/www.cnnturk.com\/2009\/turkiye\/11\/12\/tib.yargitay.telefonlari.dinlenmedi\/551424.0\/index.html\">T\u0130B: &#8220;Yarg\u0131tay telefonlar\u0131 dinlenmedi&#8221;<\/a>: &#8220;T\u00fcrkiye yarg\u0131daki dinleme iddialar\u0131yla sars\u0131l\u0131yor. Yarg\u0131tay santralinin dinlendi\u011fi iddialar\u0131 \u00fczerine bir a\u00e7\u0131klama yapan Bilgi Teknolojileri ve \u0130leti\u015fim Kurumu (BTK) Telekom\u00fcnikasyon \u0130leti\u015fim Ba\u015fkan\u0131 Fethi \u015eim\u015fek, &#8216;Yarg\u0131tay&#8217;a ait oldu\u011fu iddia edilen telefonlarla ilgili hi\u00e7bir dinleme eylemi ger\u00e7ekle\u015fmedi\u011fi anla\u015f\u0131lm\u0131\u015ft\u0131r&#8217; dedi.&#8221;<\/p>\n<p>(Via <a href=\"http:\/\/www.cnnturk.com\">CNN T\u00dcRK<\/a>.)<\/p>\n","protected":false},"excerpt":{"rendered":"<p>T\u0130B: &#8220;Yarg\u0131tay telefonlar\u0131 dinlenmedi&#8221;: &#8220;T\u00fcrkiye yarg\u0131daki dinleme iddialar\u0131yla sars\u0131l\u0131yor. Yarg\u0131tay santralinin dinlendi\u011fi iddialar\u0131 \u00fczerine bir a\u00e7\u0131klama yapan Bilgi Teknolojileri ve \u0130leti\u015fim Kurumu (BTK) Telekom\u00fcnikasyon \u0130leti\u015fim Ba\u015fkan\u0131 Fethi \u015eim\u015fek, &#8216;Yarg\u0131tay&#8217;a ait oldu\u011fu iddia edilen telefonlarla ilgili hi\u00e7bir dinleme eylemi ger\u00e7ekle\u015fmedi\u011fi anla\u015f\u0131lm\u0131\u015ft\u0131r&#8217; dedi.&#8221; (Via CNN T\u00dcRK.)<\/p>\n","protected":false},"author":1,"featured_media":0,"comment_status":"open","ping_status":"closed","sticky":false,"template":"","format":"standard","meta":{"jetpack_post_was_ever_published":false,"_jetpack_newsletter_access":"","_jetpack_dont_email_post_to_subs":false,"_jetpack_newsletter_tier_id":0,"_jetpack_memberships_contains_paywalled_content":false,"_jetpack_memberships_contains_paid_content":false,"footnotes":"","jetpack_publicize_message":"","jetpack_publicize_feature_enabled":true,"jetpack_social_post_already_shared":false,"jetpack_social_options":{"image_generator_settings":{"template":"highway","default_image_id":0,"font":"","enabled":false},"version":2}},"categories":[15,10,14,17,112],"tags":[],"class_list":["post-650","post","type-post","status-publish","format-standard","hentry","category-gizli-dinleme","category-mahremiyet","category-telekulak","category-tib","category-yargitay"],"jetpack_publicize_connections":[],"jetpack_featured_media_url":"","jetpack_sharing_enabled":true,"jetpack_shortlink":"https:\/\/wp.me\/p7wjA8-au","jetpack-related-posts":[],"_links":{"self":[{"href":"https:\/\/privacy.cyber-rights.org.tr\/index.php?rest_route=\/wp\/v2\/posts\/650","targetHints":{"allow":["GET"]}}],"collection":[{"href":"https:\/\/privacy.cyber-rights.org.tr\/index.php?rest_route=\/wp\/v2\/posts"}],"about":[{"href":"https:\/\/privacy.cyber-rights.org.tr\/index.php?rest_route=\/wp\/v2\/types\/post"}],"author":[{"embeddable":true,"href":"https:\/\/privacy.cyber-rights.org.tr\/index.php?rest_route=\/wp\/v2\/users\/1"}],"replies":[{"embeddable":true,"href":"https:\/\/privacy.cyber-rights.org.tr\/index.php?rest_route=%2Fwp%2Fv2%2Fcomments&post=650"}],"version-history":[{"count":1,"href":"https:\/\/privacy.cyber-rights.org.tr\/index.php?rest_route=\/wp\/v2\/posts\/650\/revisions"}],"predecessor-version":[{"id":651,"href":"https:\/\/privacy.cyber-rights.org.tr\/index.php?rest_route=\/wp\/v2\/posts\/650\/revisions\/651"}],"wp:attachment":[{"href":"https:\/\/privacy.cyber-rights.org.tr\/index.php?rest_route=%2Fwp%2Fv2%2Fmedia&parent=650"}],"wp:term":[{"taxonomy":"category","embeddable":true,"href":"https:\/\/privacy.cyber-rights.org.tr\/index.php?rest_route=%2Fwp%2Fv2%2Fcategories&post=650"},{"taxonomy":"post_tag","embeddable":true,"href":"https:\/\/privacy.cyber-rights.org.tr\/index.php?rest_route=%2Fwp%2Fv2%2Ftags&post=650"}],"curies":[{"name":"wp","href":"https:\/\/api.w.org\/{rel}","templated":true}]}}