{"id":652,"date":"2009-11-12T20:15:47","date_gmt":"2009-11-12T17:15:47","guid":{"rendered":"http:\/\/privacy.cyber-rights.org.tr\/?p=652"},"modified":"2009-11-12T20:15:52","modified_gmt":"2009-11-12T17:15:52","slug":"yargitay-dinleme-varsa-takipcisi-olacagiz","status":"publish","type":"post","link":"https:\/\/privacy.cyber-rights.org.tr\/?p=652","title":{"rendered":"Yarg\u0131tay: &#8220;Dinleme varsa takip\u00e7isi olaca\u011f\u0131z&#8221;"},"content":{"rendered":"<p><a href=\"http:\/\/www.cnnturk.com\/2009\/turkiye\/11\/12\/yargitay.dinleme.varsa.takipcisi.olacagiz\/551319.0\/index.html\">Yarg\u0131tay: &#8220;Dinleme varsa takip\u00e7isi olaca\u011f\u0131z&#8221;<\/a>: &#8220;Yarg\u0131tay&#8217;daki t\u00fcm hakimler dinleniyor mu? Bu \u00e7ok \u00f6nemli iddiaya Yarg\u0131tay Ba\u015fkan\u0131 Hasan Ger\u00e7eker cevap verdi. Yarg\u0131tay&#8217;\u0131n telefonlar\u0131n\u0131n dinlenebilmesi i\u00e7in Birinci Ba\u015fkanl\u0131k Kurulu&#8217;nun izni ve bu y\u00f6nde karar olmas\u0131 gerekti\u011fini belirten Ger\u00e7eker, &#8216;Yarg\u0131tay ile ilgili bir dinleme varsa takip\u00e7isi olaca\u011f\u0131z&#8217; dedi. Yarg\u0131tay Ba\u015fkanlar Kurulu&#8217;nun saat 13.30&#8217;da toplanaca\u011f\u0131 a\u00e7\u0131kland\u0131.&#8221;<\/p>\n<p>(Via <a href=\"http:\/\/www.cnnturk.com\">CNN T\u00dcRK<\/a>.)<\/p>\n","protected":false},"excerpt":{"rendered":"<p>Yarg\u0131tay: &#8220;Dinleme varsa takip\u00e7isi olaca\u011f\u0131z&#8221;: &#8220;Yarg\u0131tay&#8217;daki t\u00fcm hakimler dinleniyor mu? Bu \u00e7ok \u00f6nemli iddiaya Yarg\u0131tay Ba\u015fkan\u0131 Hasan Ger\u00e7eker cevap verdi. Yarg\u0131tay&#8217;\u0131n telefonlar\u0131n\u0131n dinlenebilmesi i\u00e7in Birinci Ba\u015fkanl\u0131k Kurulu&#8217;nun izni ve bu y\u00f6nde karar olmas\u0131 gerekti\u011fini belirten Ger\u00e7eker, &#8216;Yarg\u0131tay ile ilgili bir dinleme varsa takip\u00e7isi olaca\u011f\u0131z&#8217; dedi. Yarg\u0131tay Ba\u015fkanlar Kurulu&#8217;nun saat 13.30&#8217;da toplanaca\u011f\u0131 a\u00e7\u0131kland\u0131.&#8221; (Via CNN T\u00dcRK.)<\/p>\n","protected":false},"author":1,"featured_media":0,"comment_status":"open","ping_status":"closed","sticky":false,"template":"","format":"standard","meta":{"jetpack_post_was_ever_published":false,"_jetpack_newsletter_access":"","_jetpack_dont_email_post_to_subs":false,"_jetpack_newsletter_tier_id":0,"_jetpack_memberships_contains_paywalled_content":false,"_jetpack_memberships_contains_paid_content":false,"footnotes":"","jetpack_publicize_message":"","jetpack_publicize_feature_enabled":true,"jetpack_social_post_already_shared":false,"jetpack_social_options":{"image_generator_settings":{"template":"highway","default_image_id":0,"font":"","enabled":false},"version":2}},"categories":[15,10,14,17,112],"tags":[],"class_list":["post-652","post","type-post","status-publish","format-standard","hentry","category-gizli-dinleme","category-mahremiyet","category-telekulak","category-tib","category-yargitay"],"jetpack_publicize_connections":[],"jetpack_featured_media_url":"","jetpack_sharing_enabled":true,"jetpack_shortlink":"https:\/\/wp.me\/p7wjA8-aw","jetpack-related-posts":[],"_links":{"self":[{"href":"https:\/\/privacy.cyber-rights.org.tr\/index.php?rest_route=\/wp\/v2\/posts\/652","targetHints":{"allow":["GET"]}}],"collection":[{"href":"https:\/\/privacy.cyber-rights.org.tr\/index.php?rest_route=\/wp\/v2\/posts"}],"about":[{"href":"https:\/\/privacy.cyber-rights.org.tr\/index.php?rest_route=\/wp\/v2\/types\/post"}],"author":[{"embeddable":true,"href":"https:\/\/privacy.cyber-rights.org.tr\/index.php?rest_route=\/wp\/v2\/users\/1"}],"replies":[{"embeddable":true,"href":"https:\/\/privacy.cyber-rights.org.tr\/index.php?rest_route=%2Fwp%2Fv2%2Fcomments&post=652"}],"version-history":[{"count":1,"href":"https:\/\/privacy.cyber-rights.org.tr\/index.php?rest_route=\/wp\/v2\/posts\/652\/revisions"}],"predecessor-version":[{"id":653,"href":"https:\/\/privacy.cyber-rights.org.tr\/index.php?rest_route=\/wp\/v2\/posts\/652\/revisions\/653"}],"wp:attachment":[{"href":"https:\/\/privacy.cyber-rights.org.tr\/index.php?rest_route=%2Fwp%2Fv2%2Fmedia&parent=652"}],"wp:term":[{"taxonomy":"category","embeddable":true,"href":"https:\/\/privacy.cyber-rights.org.tr\/index.php?rest_route=%2Fwp%2Fv2%2Fcategories&post=652"},{"taxonomy":"post_tag","embeddable":true,"href":"https:\/\/privacy.cyber-rights.org.tr\/index.php?rest_route=%2Fwp%2Fv2%2Ftags&post=652"}],"curies":[{"name":"wp","href":"https:\/\/api.w.org\/{rel}","templated":true}]}}