{"id":676,"date":"2009-11-12T23:19:51","date_gmt":"2009-11-12T20:19:51","guid":{"rendered":"http:\/\/privacy.cyber-rights.org.tr\/?p=676"},"modified":"2009-11-12T23:19:57","modified_gmt":"2009-11-12T20:19:57","slug":"bassavci-engin-dinlenmis-ve-takip-edilmis","status":"publish","type":"post","link":"https:\/\/privacy.cyber-rights.org.tr\/?p=676","title":{"rendered":"Ba\u015fsavc\u0131 Engin dinlenmi\u015f ve takip edilmi\u015f"},"content":{"rendered":"<p><a href=\"http:\/\/www.radikal.com.tr\/Radikal.aspx?aType=RadikalHaberDetay&#038;ArticleID=963991&#038;CategoryID=97\">Ba\u015fsavc\u0131 Engin dinlenmi\u015f ve takip edilmi\u015f<\/a>: &#8220;Yarg\u0131tay&#8217;\u0131n dinlendi\u011finin yank\u0131lar\u0131 s\u00fcrerken, Adalet Bakanl\u0131\u011f\u0131&#8217;n\u0131n Ergenekon soru\u015fturmas\u0131 kapsam\u0131nda \u0130stanbul Cumhuriyet Ba\u015fsavc\u0131s\u0131 Aykut Cengiz Engin&#8217;in de dinlendi\u011fi hatta kameralarla takibe ald\u0131\u011f\u0131 ortaya \u00e7\u0131kt\u0131.&#8221;<\/p>\n<p>(Via <a href=\"http:\/\/www.radikal.com.tr\">Radikal-Rss(T\u00fcrkiye)<\/a>.)<\/p>\n","protected":false},"excerpt":{"rendered":"<p>Ba\u015fsavc\u0131 Engin dinlenmi\u015f ve takip edilmi\u015f: &#8220;Yarg\u0131tay&#8217;\u0131n dinlendi\u011finin yank\u0131lar\u0131 s\u00fcrerken, Adalet Bakanl\u0131\u011f\u0131&#8217;n\u0131n Ergenekon soru\u015fturmas\u0131 kapsam\u0131nda \u0130stanbul Cumhuriyet Ba\u015fsavc\u0131s\u0131 Aykut Cengiz Engin&#8217;in de dinlendi\u011fi hatta kameralarla takibe ald\u0131\u011f\u0131 ortaya \u00e7\u0131kt\u0131.&#8221; (Via Radikal-Rss(T\u00fcrkiye).)<\/p>\n","protected":false},"author":1,"featured_media":0,"comment_status":"open","ping_status":"closed","sticky":false,"template":"","format":"standard","meta":{"jetpack_post_was_ever_published":false,"_jetpack_newsletter_access":"","_jetpack_dont_email_post_to_subs":false,"_jetpack_newsletter_tier_id":0,"_jetpack_memberships_contains_paywalled_content":false,"_jetpack_memberships_contains_paid_content":false,"footnotes":"","jetpack_publicize_message":"","jetpack_publicize_feature_enabled":true,"jetpack_social_post_already_shared":false,"jetpack_social_options":{"image_generator_settings":{"template":"highway","default_image_id":0,"font":"","enabled":false},"version":2}},"categories":[15,10,14,17,112],"tags":[],"class_list":["post-676","post","type-post","status-publish","format-standard","hentry","category-gizli-dinleme","category-mahremiyet","category-telekulak","category-tib","category-yargitay"],"jetpack_publicize_connections":[],"jetpack_featured_media_url":"","jetpack_sharing_enabled":true,"jetpack_shortlink":"https:\/\/wp.me\/p7wjA8-aU","jetpack-related-posts":[],"_links":{"self":[{"href":"https:\/\/privacy.cyber-rights.org.tr\/index.php?rest_route=\/wp\/v2\/posts\/676","targetHints":{"allow":["GET"]}}],"collection":[{"href":"https:\/\/privacy.cyber-rights.org.tr\/index.php?rest_route=\/wp\/v2\/posts"}],"about":[{"href":"https:\/\/privacy.cyber-rights.org.tr\/index.php?rest_route=\/wp\/v2\/types\/post"}],"author":[{"embeddable":true,"href":"https:\/\/privacy.cyber-rights.org.tr\/index.php?rest_route=\/wp\/v2\/users\/1"}],"replies":[{"embeddable":true,"href":"https:\/\/privacy.cyber-rights.org.tr\/index.php?rest_route=%2Fwp%2Fv2%2Fcomments&post=676"}],"version-history":[{"count":1,"href":"https:\/\/privacy.cyber-rights.org.tr\/index.php?rest_route=\/wp\/v2\/posts\/676\/revisions"}],"predecessor-version":[{"id":677,"href":"https:\/\/privacy.cyber-rights.org.tr\/index.php?rest_route=\/wp\/v2\/posts\/676\/revisions\/677"}],"wp:attachment":[{"href":"https:\/\/privacy.cyber-rights.org.tr\/index.php?rest_route=%2Fwp%2Fv2%2Fmedia&parent=676"}],"wp:term":[{"taxonomy":"category","embeddable":true,"href":"https:\/\/privacy.cyber-rights.org.tr\/index.php?rest_route=%2Fwp%2Fv2%2Fcategories&post=676"},{"taxonomy":"post_tag","embeddable":true,"href":"https:\/\/privacy.cyber-rights.org.tr\/index.php?rest_route=%2Fwp%2Fv2%2Ftags&post=676"}],"curies":[{"name":"wp","href":"https:\/\/api.w.org\/{rel}","templated":true}]}}