{"id":688,"date":"2009-11-17T12:36:45","date_gmt":"2009-11-17T09:36:45","guid":{"rendered":"http:\/\/privacy.cyber-rights.org.tr\/?p=688"},"modified":"2009-11-17T12:36:48","modified_gmt":"2009-11-17T09:36:48","slug":"bianet-ihd-lahikayi-yargiya-tasiyor","status":"publish","type":"post","link":"https:\/\/privacy.cyber-rights.org.tr\/?p=688","title":{"rendered":"Bianet: \u0130HD &#8220;Lahika&#8221;y\u0131 Yarg\u0131ya Ta\u015f\u0131yor"},"content":{"rendered":"<p><a href=\"http:\/\/www.bianet.org\/bianet\/insan-haklari\/118301-ihd-lahikayi-yargiya-tasiyor\">Bianet: \u0130HD &#8220;Lahika&#8221;y\u0131 Yarg\u0131ya Ta\u015f\u0131yor<\/a><\/p>\n<p>\u0130HD, derne\u011fi ve TESEV&#8217;i &#8216;TSK ve Cumhuriyet kar\u015f\u0131t\u0131&#8217; olarak s\u0131n\u0131fland\u0131ran ve Genelkurmay&#8217;da haz\u0131rland\u0131\u011f\u0131 \u00f6ne s\u00fcr\u00fclen eylem plan\u0131n\u0131 mahkemeye g\u00f6t\u00fcr\u00fcyor. Dernek Ba\u015fkan\u0131 T\u00fcrkdo\u011fan, &#8216;Bu iddia do\u011fruysa, ortada \u00f6rg\u00fctl\u00fc bir su\u00e7 var. Faillerin bulunmas\u0131n\u0131 isteyece\u011fiz&#8217; dedi.<\/p>\n<p>Tolga KORKUT, tolgakorkut@bianet.org<br \/>\nAnkara &#8211; B\u0130A Haber Merkezi, 16 Kas\u0131m 2009, Pazartesi<\/p>\n<p>\u0130nsan Haklar\u0131 Derne\u011fi (\u0130HD) Ba\u015fkan\u0131 \u00d6zt\u00fcrk T\u00fcrkdo\u011fan, Genelkurmay&#8217;da haz\u0131rland\u0131\u011f\u0131 \u00f6ne s\u00fcr\u00fclen, kendilerini ve T\u00fcrkiye Ekonomik ve Sosyal Et\u00fcdler Vakf\u0131&#8217;n\u0131 (TESEV) &#8216;cumhuriyet silahl\u0131 kuvvetler kar\u015f\u0131t\u0131&#8217; olarak g\u00f6steren belgeyi yarg\u0131ya ta\u015f\u0131yacaklar\u0131n\u0131 a\u00e7\u0131klad\u0131.<\/p>\n<p>bianet&#8217;in g\u00f6r\u00fc\u015ft\u00fc\u011f\u00fc T\u00fcrkdo\u011fan, &#8216;Bu iddialar\u0131n do\u011fru olup olmad\u0131\u011f\u0131n\u0131, belge varsa kimin haz\u0131rlad\u0131\u011f\u0131n\u0131 bilmiyoruz. Ama bunu bulmak savc\u0131lar\u0131n g\u00f6revi&#8217; diye konu\u015ftu.<\/p>\n<p>T\u00fcrkdo\u011fan, bu belge e\u011fer Ergenekon soru\u015fturmas\u0131 kapsam\u0131nda bir iddianamede yer al\u0131rsa, davaya m\u00fcdahil olmak i\u00e7in de ba\u015fvuracaklar\u0131n\u0131 s\u00f6yledi.<\/p>\n<p>Taraf gazetesinin bug\u00fcnk\u00fc haberine g\u00f6re, &#8216;Lahika 1&#8217; adl\u0131 eylem plan\u0131, sivil toplum \u00f6rg\u00fctlerinin karalanmas\u0131n\u0131 ve kamuoyunda &#8216;sayg\u0131nl\u0131klar\u0131n\u0131n ortadan kald\u0131r\u0131lmas\u0131n\u0131&#8217; \u00f6ng\u00f6r\u00fcyor. Plana g\u00f6re, &#8216;gri ve kara y\u00f6ntemlerle \u00fcretilen malzemeler, kamuoyuna dolayl\u0131 olarak yans\u0131t\u0131lacak.&#8217; Bu malzemelerde, \u00f6zetle STK&#8217;lerin ve hak \u00f6rg\u00fctlerinin &#8216;yabanc\u0131 g\u00fc\u00e7 merkezlerinin hizmetinde olduklar\u0131, T\u00fcrkiye d\u00fc\u015fmanlar\u0131ndan para ald\u0131klar\u0131, \u00e7al\u0131\u015fmalar\u0131n\u0131n yalan ve iftiralarla dolu oldu\u011fu&#8217; yer alacak.<br \/>\n&#8216;\u00d6rg\u00fctl\u00fc su\u00e7a girer&#8217;<\/p>\n<p>T\u00fcrkdo\u011fan iddialar\u0131n do\u011fru olmas\u0131 halinde, bunun &#8216;su\u00e7 i\u015flemek i\u00e7in \u00f6rg\u00fct kurmak&#8217;, ayr\u0131ca dernek ve \u00fcyelerinin ki\u015filik haklar\u0131na sald\u0131r\u0131 kapsam\u0131nda olaca\u011f\u0131n\u0131 dile getirdi.<\/p>\n<p>&#8216;Anayasada, &#8216;T\u00fcrkiye Cumhuriyeti, insan haklar\u0131na sayg\u0131l\u0131 bir devlettir&#8217; yaz\u0131yor. \u0130nsan haklar\u0131n\u0131 korumak i\u00e7in \u00e7al\u0131\u015fma yapan bir \u00f6rg\u00fct\u00fc engellemeye y\u00f6nelik bir faaliyet, ciddi bir su\u00e7tur.<\/p>\n<p>&#8216;Bu s\u00fcre\u00e7lerin bize verdi\u011fi zarar ortada. Y\u0131llard\u0131r etkinliklerimize yer vermeyerek, engelleyerek, karalayarak T\u00fcrkiye&#8217;deki sivil toplum \u00f6rg\u00fctlerinin insan haklar\u0131 \u00e7al\u0131\u015fmalar\u0131 baltalanm\u0131\u015f durumda.<\/p>\n<p>&#8216;Bunun ayd\u0131n, yazar, akademisyen \u00e7evresinde yeniden de\u011ferlendirilmesi erek. Bu ki\u015filerin insan haklar\u0131 \u00f6rg\u00fctlerine bak\u0131\u015f\u0131ndaki olumsuzluklar\u0131n kayna\u011f\u0131 bu t\u00fcr belgelerdir. \u00d6nemli olan kamuoyunun bunu alg\u0131lamas\u0131, anlamas\u0131.&#8217; (TK)<\/p>\n","protected":false},"excerpt":{"rendered":"<p>Bianet: \u0130HD &#8220;Lahika&#8221;y\u0131 Yarg\u0131ya Ta\u015f\u0131yor \u0130HD, derne\u011fi ve TESEV&#8217;i &#8216;TSK ve Cumhuriyet kar\u015f\u0131t\u0131&#8217; olarak s\u0131n\u0131fland\u0131ran ve Genelkurmay&#8217;da haz\u0131rland\u0131\u011f\u0131 \u00f6ne s\u00fcr\u00fclen eylem plan\u0131n\u0131 mahkemeye g\u00f6t\u00fcr\u00fcyor. Dernek Ba\u015fkan\u0131 T\u00fcrkdo\u011fan, &#8216;Bu iddia do\u011fruysa, ortada \u00f6rg\u00fctl\u00fc bir su\u00e7 var. Faillerin bulunmas\u0131n\u0131 isteyece\u011fiz&#8217; dedi. Tolga KORKUT, tolgakorkut@bianet.org Ankara &#8211; B\u0130A Haber Merkezi, 16 Kas\u0131m 2009, Pazartesi \u0130nsan Haklar\u0131 Derne\u011fi (\u0130HD) Ba\u015fkan\u0131 \u00d6zt\u00fcrk T\u00fcrkdo\u011fan, Genelkurmay&#8217;da haz\u0131rland\u0131\u011f\u0131&#8230;<\/p>\n","protected":false},"author":1,"featured_media":0,"comment_status":"open","ping_status":"closed","sticky":false,"template":"","format":"standard","meta":{"jetpack_post_was_ever_published":false,"_jetpack_newsletter_access":"","_jetpack_dont_email_post_to_subs":false,"_jetpack_newsletter_tier_id":0,"_jetpack_memberships_contains_paywalled_content":false,"_jetpack_memberships_contains_paid_content":false,"footnotes":"","jetpack_publicize_message":"","jetpack_publicize_feature_enabled":true,"jetpack_social_post_already_shared":false,"jetpack_social_options":{"image_generator_settings":{"template":"highway","default_image_id":0,"font":"","enabled":false},"version":2}},"categories":[109],"tags":[],"class_list":["post-688","post","type-post","status-publish","format-standard","hentry","category-andic"],"jetpack_publicize_connections":[],"jetpack_featured_media_url":"","jetpack_sharing_enabled":true,"jetpack_shortlink":"https:\/\/wp.me\/p7wjA8-b6","jetpack-related-posts":[],"_links":{"self":[{"href":"https:\/\/privacy.cyber-rights.org.tr\/index.php?rest_route=\/wp\/v2\/posts\/688","targetHints":{"allow":["GET"]}}],"collection":[{"href":"https:\/\/privacy.cyber-rights.org.tr\/index.php?rest_route=\/wp\/v2\/posts"}],"about":[{"href":"https:\/\/privacy.cyber-rights.org.tr\/index.php?rest_route=\/wp\/v2\/types\/post"}],"author":[{"embeddable":true,"href":"https:\/\/privacy.cyber-rights.org.tr\/index.php?rest_route=\/wp\/v2\/users\/1"}],"replies":[{"embeddable":true,"href":"https:\/\/privacy.cyber-rights.org.tr\/index.php?rest_route=%2Fwp%2Fv2%2Fcomments&post=688"}],"version-history":[{"count":1,"href":"https:\/\/privacy.cyber-rights.org.tr\/index.php?rest_route=\/wp\/v2\/posts\/688\/revisions"}],"predecessor-version":[{"id":689,"href":"https:\/\/privacy.cyber-rights.org.tr\/index.php?rest_route=\/wp\/v2\/posts\/688\/revisions\/689"}],"wp:attachment":[{"href":"https:\/\/privacy.cyber-rights.org.tr\/index.php?rest_route=%2Fwp%2Fv2%2Fmedia&parent=688"}],"wp:term":[{"taxonomy":"category","embeddable":true,"href":"https:\/\/privacy.cyber-rights.org.tr\/index.php?rest_route=%2Fwp%2Fv2%2Fcategories&post=688"},{"taxonomy":"post_tag","embeddable":true,"href":"https:\/\/privacy.cyber-rights.org.tr\/index.php?rest_route=%2Fwp%2Fv2%2Ftags&post=688"}],"curies":[{"name":"wp","href":"https:\/\/api.w.org\/{rel}","templated":true}]}}