{"id":690,"date":"2009-11-17T17:43:53","date_gmt":"2009-11-17T14:43:53","guid":{"rendered":"http:\/\/privacy.cyber-rights.org.tr\/?p=690"},"modified":"2009-11-17T17:43:58","modified_gmt":"2009-11-17T14:43:58","slug":"telekulak-duzenlemesi-butceden-sonra","status":"publish","type":"post","link":"https:\/\/privacy.cyber-rights.org.tr\/?p=690","title":{"rendered":"Telekulak d\u00fczenlemesi b\u00fct\u00e7eden sonra"},"content":{"rendered":"<p><a href=\"http:\/\/www.cnnturk.com\/2009\/turkiye\/11\/16\/telekulak.duzenlemesi.butceden.sonra\/551895.0\/index.html\">Telekulak d\u00fczenlemesi b\u00fct\u00e7eden sonra<\/a>: &#8220;Ba\u015fbakan Recep Tayyip Erdo\u011fan, &#8216;haberle\u015fme gizlili\u011fine y\u00f6nelik d\u00fczenleme&#8217; konusunda, &#8216;S\u00fcratle ilgili bakan arkada\u015flar\u0131m, ba\u015fta Adalet Bakan\u0131m olmak \u00fczere konuyla ilgili kurum ve kurulu\u015flar\u0131 da bu s\u00fcrece davet ederek, birlikte \u00e7al\u0131\u015fmalar yapacaklar. \u00d6yle zannediyorum ki b\u00fct\u00e7e m\u00fczakerelerinin ard\u0131ndan bu konuyu ele al\u0131r\u0131z&#8217; dedi.&#8221;<\/p>\n<p>(Via <a href=\"http:\/\/www.cnnturk.com\">CNN T\u00dcRK<\/a>.)<\/p>\n","protected":false},"excerpt":{"rendered":"<p>Telekulak d\u00fczenlemesi b\u00fct\u00e7eden sonra: &#8220;Ba\u015fbakan Recep Tayyip Erdo\u011fan, &#8216;haberle\u015fme gizlili\u011fine y\u00f6nelik d\u00fczenleme&#8217; konusunda, &#8216;S\u00fcratle ilgili bakan arkada\u015flar\u0131m, ba\u015fta Adalet Bakan\u0131m olmak \u00fczere konuyla ilgili kurum ve kurulu\u015flar\u0131 da bu s\u00fcrece davet ederek, birlikte \u00e7al\u0131\u015fmalar yapacaklar. \u00d6yle zannediyorum ki b\u00fct\u00e7e m\u00fczakerelerinin ard\u0131ndan bu konuyu ele al\u0131r\u0131z&#8217; dedi.&#8221; (Via CNN T\u00dcRK.)<\/p>\n","protected":false},"author":1,"featured_media":0,"comment_status":"open","ping_status":"closed","sticky":false,"template":"","format":"standard","meta":{"jetpack_post_was_ever_published":false,"_jetpack_newsletter_access":"","_jetpack_dont_email_post_to_subs":false,"_jetpack_newsletter_tier_id":0,"_jetpack_memberships_contains_paywalled_content":false,"_jetpack_memberships_contains_paid_content":false,"footnotes":"","jetpack_publicize_message":"","jetpack_publicize_feature_enabled":true,"jetpack_social_post_already_shared":false,"jetpack_social_options":{"image_generator_settings":{"template":"highway","default_image_id":0,"font":"","enabled":false},"version":2}},"categories":[15,66,14],"tags":[],"class_list":["post-690","post","type-post","status-publish","format-standard","hentry","category-gizli-dinleme","category-gozetim-devleti","category-telekulak"],"jetpack_publicize_connections":[],"jetpack_featured_media_url":"","jetpack_sharing_enabled":true,"jetpack_shortlink":"https:\/\/wp.me\/p7wjA8-b8","jetpack-related-posts":[],"_links":{"self":[{"href":"https:\/\/privacy.cyber-rights.org.tr\/index.php?rest_route=\/wp\/v2\/posts\/690","targetHints":{"allow":["GET"]}}],"collection":[{"href":"https:\/\/privacy.cyber-rights.org.tr\/index.php?rest_route=\/wp\/v2\/posts"}],"about":[{"href":"https:\/\/privacy.cyber-rights.org.tr\/index.php?rest_route=\/wp\/v2\/types\/post"}],"author":[{"embeddable":true,"href":"https:\/\/privacy.cyber-rights.org.tr\/index.php?rest_route=\/wp\/v2\/users\/1"}],"replies":[{"embeddable":true,"href":"https:\/\/privacy.cyber-rights.org.tr\/index.php?rest_route=%2Fwp%2Fv2%2Fcomments&post=690"}],"version-history":[{"count":1,"href":"https:\/\/privacy.cyber-rights.org.tr\/index.php?rest_route=\/wp\/v2\/posts\/690\/revisions"}],"predecessor-version":[{"id":691,"href":"https:\/\/privacy.cyber-rights.org.tr\/index.php?rest_route=\/wp\/v2\/posts\/690\/revisions\/691"}],"wp:attachment":[{"href":"https:\/\/privacy.cyber-rights.org.tr\/index.php?rest_route=%2Fwp%2Fv2%2Fmedia&parent=690"}],"wp:term":[{"taxonomy":"category","embeddable":true,"href":"https:\/\/privacy.cyber-rights.org.tr\/index.php?rest_route=%2Fwp%2Fv2%2Fcategories&post=690"},{"taxonomy":"post_tag","embeddable":true,"href":"https:\/\/privacy.cyber-rights.org.tr\/index.php?rest_route=%2Fwp%2Fv2%2Ftags&post=690"}],"curies":[{"name":"wp","href":"https:\/\/api.w.org\/{rel}","templated":true}]}}