{"id":696,"date":"2009-11-17T23:45:14","date_gmt":"2009-11-17T20:45:14","guid":{"rendered":"http:\/\/privacy.cyber-rights.org.tr\/?p=696"},"modified":"2009-11-17T23:45:20","modified_gmt":"2009-11-17T20:45:20","slug":"yargi-ve-emniyet-hesap-vermezse-yasadisi-dinleme-onlenemez","status":"publish","type":"post","link":"https:\/\/privacy.cyber-rights.org.tr\/?p=696","title":{"rendered":"Yarg\u0131 ve Emniyet Hesap Vermezse Yasad\u0131\u015f\u0131 Dinleme \u00d6nlenemez"},"content":{"rendered":"<p><a href=\"http:\/\/www.bianet.org\/bianet\/ifade-ozgurlugu\/118326-yargi-ve-emniyet-hesap-vermezse-yasadisi-dinleme-onlenemez\">Yarg\u0131 ve Emniyet Hesap Vermezse Yasad\u0131\u015f\u0131 Dinleme \u00d6nlenemez<\/a>: &#8220;H\u00fck\u00fcmet \u00f6zel ya\u015fam\u0131 koruyan yasalardaki cezalar\u0131 a\u011f\u0131rla\u015ft\u0131rmay\u0131 planl\u0131yor. \u015eu ana kadar bu koruma bas\u0131na kar\u015f\u0131 i\u015fledi ama kamu g\u00f6revlileri hakk\u0131ndaki \u015fikayetler soru\u015fturma a\u015famas\u0131n\u0131 ge\u00e7emedi. Yarg\u0131n\u0131n ve idarenin bu yakla\u015f\u0131m\u0131yla de\u011fi\u015fiklik daha az \u00f6g\u00fcrl\u00fck anlam\u0131na gelecek.&#8221;<\/p>\n<p>(Via <a href=\"http:\/\/www.bianet.org\/bianet\">Bianet :: Bianet<\/a>.)<\/p>\n","protected":false},"excerpt":{"rendered":"<p>Yarg\u0131 ve Emniyet Hesap Vermezse Yasad\u0131\u015f\u0131 Dinleme \u00d6nlenemez: &#8220;H\u00fck\u00fcmet \u00f6zel ya\u015fam\u0131 koruyan yasalardaki cezalar\u0131 a\u011f\u0131rla\u015ft\u0131rmay\u0131 planl\u0131yor. \u015eu ana kadar bu koruma bas\u0131na kar\u015f\u0131 i\u015fledi ama kamu g\u00f6revlileri hakk\u0131ndaki \u015fikayetler soru\u015fturma a\u015famas\u0131n\u0131 ge\u00e7emedi. Yarg\u0131n\u0131n ve idarenin bu yakla\u015f\u0131m\u0131yla de\u011fi\u015fiklik daha az \u00f6g\u00fcrl\u00fck anlam\u0131na gelecek.&#8221; (Via Bianet :: Bianet.)<\/p>\n","protected":false},"author":1,"featured_media":0,"comment_status":"open","ping_status":"closed","sticky":false,"template":"","format":"standard","meta":{"jetpack_post_was_ever_published":false,"_jetpack_newsletter_access":"","_jetpack_dont_email_post_to_subs":false,"_jetpack_newsletter_tier_id":0,"_jetpack_memberships_contains_paywalled_content":false,"_jetpack_memberships_contains_paid_content":false,"footnotes":"","jetpack_publicize_message":"","jetpack_publicize_feature_enabled":true,"jetpack_social_post_already_shared":false,"jetpack_social_options":{"image_generator_settings":{"template":"highway","default_image_id":0,"font":"","enabled":false},"version":2}},"categories":[15,10,14,67],"tags":[],"class_list":["post-696","post","type-post","status-publish","format-standard","hentry","category-gizli-dinleme","category-mahremiyet","category-telekulak","category-turkiye"],"jetpack_publicize_connections":[],"jetpack_featured_media_url":"","jetpack_sharing_enabled":true,"jetpack_shortlink":"https:\/\/wp.me\/p7wjA8-be","jetpack-related-posts":[],"_links":{"self":[{"href":"https:\/\/privacy.cyber-rights.org.tr\/index.php?rest_route=\/wp\/v2\/posts\/696","targetHints":{"allow":["GET"]}}],"collection":[{"href":"https:\/\/privacy.cyber-rights.org.tr\/index.php?rest_route=\/wp\/v2\/posts"}],"about":[{"href":"https:\/\/privacy.cyber-rights.org.tr\/index.php?rest_route=\/wp\/v2\/types\/post"}],"author":[{"embeddable":true,"href":"https:\/\/privacy.cyber-rights.org.tr\/index.php?rest_route=\/wp\/v2\/users\/1"}],"replies":[{"embeddable":true,"href":"https:\/\/privacy.cyber-rights.org.tr\/index.php?rest_route=%2Fwp%2Fv2%2Fcomments&post=696"}],"version-history":[{"count":1,"href":"https:\/\/privacy.cyber-rights.org.tr\/index.php?rest_route=\/wp\/v2\/posts\/696\/revisions"}],"predecessor-version":[{"id":697,"href":"https:\/\/privacy.cyber-rights.org.tr\/index.php?rest_route=\/wp\/v2\/posts\/696\/revisions\/697"}],"wp:attachment":[{"href":"https:\/\/privacy.cyber-rights.org.tr\/index.php?rest_route=%2Fwp%2Fv2%2Fmedia&parent=696"}],"wp:term":[{"taxonomy":"category","embeddable":true,"href":"https:\/\/privacy.cyber-rights.org.tr\/index.php?rest_route=%2Fwp%2Fv2%2Fcategories&post=696"},{"taxonomy":"post_tag","embeddable":true,"href":"https:\/\/privacy.cyber-rights.org.tr\/index.php?rest_route=%2Fwp%2Fv2%2Ftags&post=696"}],"curies":[{"name":"wp","href":"https:\/\/api.w.org\/{rel}","templated":true}]}}