{"id":704,"date":"2009-11-19T22:01:12","date_gmt":"2009-11-19T19:01:12","guid":{"rendered":"http:\/\/privacy.cyber-rights.org.tr\/?p=704"},"modified":"2009-11-19T22:01:16","modified_gmt":"2009-11-19T19:01:16","slug":"dinleme-iddialariyla-ilgili-konustu","status":"publish","type":"post","link":"https:\/\/privacy.cyber-rights.org.tr\/?p=704","title":{"rendered":"Dinleme iddialar\u0131yla ilgili konu\u015ftu"},"content":{"rendered":"<p><a href=\"http:\/\/www.zaman.com.tr\/haber.do?haberno=916406\">Dinleme iddialar\u0131yla ilgili konu\u015ftu<\/a>: &#8220;<img data-recalc-dims=\"1\" loading=\"lazy\" decoding=\"async\" style=\"border:navy 1px solid\" src=\"https:\/\/i0.wp.com\/medya.zaman.com.tr\/2009\/11\/16\/erdogan1_k.jpg?resize=80%2C60\" border=\"0\" align=\"left\" width=\"80\" height=\"60\">Ba\u015fbakan Recep Tayyip Erdo\u011fan, &#8221;E\u011fer yarg\u0131n\u0131n ilgili kurumlar\u0131 ve yetkilileri mahkemelerin vermi\u015f oldu\u011fu kararlar\u0131 tan\u0131m\u0131yorsa burada yanl\u0131\u015f yakla\u015f\u0131m tarz\u0131n\u0131n kime ait oldu\u011funu \u00e7ok a\u00e7\u0131k, net g\u00f6r\u00fcyoruz. \u00d6ncelikle yarg\u0131n\u0131n temsilcileri, mensuplar\u0131 bu noktada mahkemelerin vermi\u015f olduklar\u0131 kararlar\u0131 kendilerinin uymalar\u0131 gerekir. Bizden her zaman bunlar nas\u0131l bekleniyorsa, kendilerinin de ayn\u0131 \u015fekilde buna uymalar\u0131 gerekir&#8221; dedi.&#8221;<\/p>\n<p>(Via <a href=\"http:\/\/www.zaman.com.tr\/\">Zaman :: Anasayfa<\/a>.)<\/p>\n","protected":false},"excerpt":{"rendered":"<p>Dinleme iddialar\u0131yla ilgili konu\u015ftu: &#8220;Ba\u015fbakan Recep Tayyip Erdo\u011fan, &#8221;E\u011fer yarg\u0131n\u0131n ilgili kurumlar\u0131 ve yetkilileri mahkemelerin vermi\u015f oldu\u011fu kararlar\u0131 tan\u0131m\u0131yorsa burada yanl\u0131\u015f yakla\u015f\u0131m tarz\u0131n\u0131n kime ait oldu\u011funu \u00e7ok a\u00e7\u0131k, net g\u00f6r\u00fcyoruz. \u00d6ncelikle yarg\u0131n\u0131n temsilcileri, mensuplar\u0131 bu noktada mahkemelerin vermi\u015f olduklar\u0131 kararlar\u0131 kendilerinin uymalar\u0131 gerekir. Bizden her zaman bunlar nas\u0131l bekleniyorsa, kendilerinin de ayn\u0131 \u015fekilde buna uymalar\u0131 gerekir&#8221; dedi.&#8221; (Via Zaman ::&#8230;<\/p>\n","protected":false},"author":1,"featured_media":0,"comment_status":"open","ping_status":"closed","sticky":false,"template":"","format":"standard","meta":{"jetpack_post_was_ever_published":false,"_jetpack_newsletter_access":"","_jetpack_dont_email_post_to_subs":false,"_jetpack_newsletter_tier_id":0,"_jetpack_memberships_contains_paywalled_content":false,"_jetpack_memberships_contains_paid_content":false,"footnotes":"","jetpack_publicize_message":"","jetpack_publicize_feature_enabled":true,"jetpack_social_post_already_shared":false,"jetpack_social_options":{"image_generator_settings":{"template":"highway","default_image_id":0,"font":"","enabled":false},"version":2}},"categories":[15,10],"tags":[],"class_list":["post-704","post","type-post","status-publish","format-standard","hentry","category-gizli-dinleme","category-mahremiyet"],"jetpack_publicize_connections":[],"jetpack_featured_media_url":"","jetpack_sharing_enabled":true,"jetpack_shortlink":"https:\/\/wp.me\/p7wjA8-bm","jetpack-related-posts":[],"_links":{"self":[{"href":"https:\/\/privacy.cyber-rights.org.tr\/index.php?rest_route=\/wp\/v2\/posts\/704","targetHints":{"allow":["GET"]}}],"collection":[{"href":"https:\/\/privacy.cyber-rights.org.tr\/index.php?rest_route=\/wp\/v2\/posts"}],"about":[{"href":"https:\/\/privacy.cyber-rights.org.tr\/index.php?rest_route=\/wp\/v2\/types\/post"}],"author":[{"embeddable":true,"href":"https:\/\/privacy.cyber-rights.org.tr\/index.php?rest_route=\/wp\/v2\/users\/1"}],"replies":[{"embeddable":true,"href":"https:\/\/privacy.cyber-rights.org.tr\/index.php?rest_route=%2Fwp%2Fv2%2Fcomments&post=704"}],"version-history":[{"count":1,"href":"https:\/\/privacy.cyber-rights.org.tr\/index.php?rest_route=\/wp\/v2\/posts\/704\/revisions"}],"predecessor-version":[{"id":705,"href":"https:\/\/privacy.cyber-rights.org.tr\/index.php?rest_route=\/wp\/v2\/posts\/704\/revisions\/705"}],"wp:attachment":[{"href":"https:\/\/privacy.cyber-rights.org.tr\/index.php?rest_route=%2Fwp%2Fv2%2Fmedia&parent=704"}],"wp:term":[{"taxonomy":"category","embeddable":true,"href":"https:\/\/privacy.cyber-rights.org.tr\/index.php?rest_route=%2Fwp%2Fv2%2Fcategories&post=704"},{"taxonomy":"post_tag","embeddable":true,"href":"https:\/\/privacy.cyber-rights.org.tr\/index.php?rest_route=%2Fwp%2Fv2%2Ftags&post=704"}],"curies":[{"name":"wp","href":"https:\/\/api.w.org\/{rel}","templated":true}]}}