{"id":706,"date":"2009-11-23T14:37:59","date_gmt":"2009-11-23T11:37:59","guid":{"rendered":"http:\/\/privacy.cyber-rights.org.tr\/?p=706"},"modified":"2009-11-23T14:38:04","modified_gmt":"2009-11-23T11:38:04","slug":"mitin-kulagi-kavgadan-cok-rahatsiz-oldu","status":"publish","type":"post","link":"https:\/\/privacy.cyber-rights.org.tr\/?p=706","title":{"rendered":"M\u0130T&#8217;in &#8216;kula\u011f\u0131&#8217; kavgadan \u00e7ok rahats\u0131z oldu!"},"content":{"rendered":"<p><a href=\"http:\/\/www.radikal.com.tr\/Radikal.aspx?aType=RadikalHaberDetay&#038;ArticleID=965525&#038;CategoryID=97\">M\u0130T&#8217;in &#8216;kula\u011f\u0131&#8217; kavgadan \u00e7ok rahats\u0131z oldu!<\/a>: &#8220;- DEN\u0130Z ZEYREK<br \/>\nAdalet Bakanl\u0131\u011f\u0131, Telekom\u00fcnikasyon \u0130leti\u015fim Ba\u015fkanl\u0131\u011f\u0131 (T\u0130B) ve yarg\u0131 aras\u0131ndaki &#8216;telekulak&#8217; trafi\u011fi Milli \u0130stihbarat Te\u015fkilat\u0131&#8217;nda (M\u0130T) &#8216;Gizlili\u011fimiz zarar g\u00f6rebilir&#8217; endi\u015fesi yaratt\u0131. M\u0130T, T\u0130B&#8217;e, Sincan 1. A\u011f\u0131r Ceza Mahkemesi&#8217;ne ve T\u0130B&#8217;de ke\u015fif yapan Ankara 1. Sulh Ceza Mahkemesi&#8217;ne yaz\u0131 yazarak uyar\u0131da bulundu.&#8221;<\/p>\n<p>(Via <a href=\"http:\/\/www.radikal.com.tr\">Radikal-Rss(T\u00fcrkiye)<\/a>.)<\/p>\n","protected":false},"excerpt":{"rendered":"<p>M\u0130T&#8217;in &#8216;kula\u011f\u0131&#8217; kavgadan \u00e7ok rahats\u0131z oldu!: &#8220;- DEN\u0130Z ZEYREK Adalet Bakanl\u0131\u011f\u0131, Telekom\u00fcnikasyon \u0130leti\u015fim Ba\u015fkanl\u0131\u011f\u0131 (T\u0130B) ve yarg\u0131 aras\u0131ndaki &#8216;telekulak&#8217; trafi\u011fi Milli \u0130stihbarat Te\u015fkilat\u0131&#8217;nda (M\u0130T) &#8216;Gizlili\u011fimiz zarar g\u00f6rebilir&#8217; endi\u015fesi yaratt\u0131. M\u0130T, T\u0130B&#8217;e, Sincan 1. A\u011f\u0131r Ceza Mahkemesi&#8217;ne ve T\u0130B&#8217;de ke\u015fif yapan Ankara 1. Sulh Ceza Mahkemesi&#8217;ne yaz\u0131 yazarak uyar\u0131da bulundu.&#8221; (Via Radikal-Rss(T\u00fcrkiye).)<\/p>\n","protected":false},"author":1,"featured_media":0,"comment_status":"open","ping_status":"closed","sticky":false,"template":"","format":"standard","meta":{"jetpack_post_was_ever_published":false,"_jetpack_newsletter_access":"","_jetpack_dont_email_post_to_subs":false,"_jetpack_newsletter_tier_id":0,"_jetpack_memberships_contains_paywalled_content":false,"_jetpack_memberships_contains_paid_content":false,"footnotes":"","jetpack_publicize_message":"","jetpack_publicize_feature_enabled":true,"jetpack_social_post_already_shared":false,"jetpack_social_options":{"image_generator_settings":{"template":"highway","default_image_id":0,"font":"","enabled":false},"version":2}},"categories":[15,66,64,14],"tags":[],"class_list":["post-706","post","type-post","status-publish","format-standard","hentry","category-gizli-dinleme","category-gozetim-devleti","category-mit","category-telekulak"],"jetpack_publicize_connections":[],"jetpack_featured_media_url":"","jetpack_sharing_enabled":true,"jetpack_shortlink":"https:\/\/wp.me\/p7wjA8-bo","jetpack-related-posts":[],"_links":{"self":[{"href":"https:\/\/privacy.cyber-rights.org.tr\/index.php?rest_route=\/wp\/v2\/posts\/706","targetHints":{"allow":["GET"]}}],"collection":[{"href":"https:\/\/privacy.cyber-rights.org.tr\/index.php?rest_route=\/wp\/v2\/posts"}],"about":[{"href":"https:\/\/privacy.cyber-rights.org.tr\/index.php?rest_route=\/wp\/v2\/types\/post"}],"author":[{"embeddable":true,"href":"https:\/\/privacy.cyber-rights.org.tr\/index.php?rest_route=\/wp\/v2\/users\/1"}],"replies":[{"embeddable":true,"href":"https:\/\/privacy.cyber-rights.org.tr\/index.php?rest_route=%2Fwp%2Fv2%2Fcomments&post=706"}],"version-history":[{"count":1,"href":"https:\/\/privacy.cyber-rights.org.tr\/index.php?rest_route=\/wp\/v2\/posts\/706\/revisions"}],"predecessor-version":[{"id":707,"href":"https:\/\/privacy.cyber-rights.org.tr\/index.php?rest_route=\/wp\/v2\/posts\/706\/revisions\/707"}],"wp:attachment":[{"href":"https:\/\/privacy.cyber-rights.org.tr\/index.php?rest_route=%2Fwp%2Fv2%2Fmedia&parent=706"}],"wp:term":[{"taxonomy":"category","embeddable":true,"href":"https:\/\/privacy.cyber-rights.org.tr\/index.php?rest_route=%2Fwp%2Fv2%2Fcategories&post=706"},{"taxonomy":"post_tag","embeddable":true,"href":"https:\/\/privacy.cyber-rights.org.tr\/index.php?rest_route=%2Fwp%2Fv2%2Ftags&post=706"}],"curies":[{"name":"wp","href":"https:\/\/api.w.org\/{rel}","templated":true}]}}