{"id":71,"date":"2008-08-15T12:32:01","date_gmt":"2008-08-15T09:32:01","guid":{"rendered":"http:\/\/privacy.cyber-rights.org.tr\/?p=71"},"modified":"2008-08-15T12:32:02","modified_gmt":"2008-08-15T09:32:02","slug":"turk-mahkemeleri-youtube-sitesini-yasakladi","status":"publish","type":"post","link":"https:\/\/privacy.cyber-rights.org.tr\/?p=71","title":{"rendered":"T\u00fcrk mahkemeleri YouTube sitesini yasaklad\u0131"},"content":{"rendered":"<p><a href=\"http:\/\/www.wsws.org\/tr\/2008\/aug2008\/turk-a15.shtml\">T\u00fcrk mahkemeleri YouTube sitesini yasaklad\u0131<\/a>: &#8220;T\u00fcrk mahkemeleri YouTube sitesini yasaklad\u0131<br \/>\nKerem Kaya, 15 A\u011fustos 2008<br \/>\n\u0130ngilizce\u2019den \u00e7eviri (6 A\u011fustos 2008)&#8221;<\/p>\n<p>T\u00fcrkiye\u2019de, 5 May\u0131s g\u00fcn\u00fc pop\u00fcler video payla\u015f\u0131m sitesi YouTube\u2019a eri\u015fim b\u00fct\u00fcn\u00fcyle yasakland\u0131. YouTube, modern T\u00fcrkiye\u2019nin kurucusu Mustafa Kemal Atat\u00fcrk\u2019e hakaret etti\u011fi iddia edilen bir video nedeniyle yasakland\u0131. Bu yasak, bug\u00fcn de s\u00fcr\u00fcyor ve T\u00fcrkiye\u2019nin tarihinde bir web sitesine konulmu\u015f olan en uzun s\u00fcreli yasak haline gelmi\u015f durumda.<\/p>\n<p>YouTube\u2019a eri\u015fim yasa\u011f\u0131, \u00f6nce 24 Nisan\u2019da Ankara 11. Sulh ve Ceza Mahkemesi, ard\u0131ndan 30 Nisan\u2019da Ankara 5. Sulh ve Ceza Mahkemesi ve daha sonra da 5 May\u0131s\u2019ta 1. Sulh ve Ceza Mahkemesi taraf\u0131ndan ard\u0131 ard\u0131na al\u0131nan kararlarla geldi. Siteye eri\u015fim yasa\u011f\u0131 son mahkeme karar\u0131n\u0131n verildi\u011fi g\u00fcn uygulamaya kondu. YouTube\u2019a T\u00fcrkiye\u2019den eri\u015fmek isteyenler, son iki mahkemenin, s\u0131ras\u0131yla 599 ve 402 say\u0131l\u0131 kararlar\u0131na at\u0131fta bulunan, &#8220;Bu siteye eri\u015fim engellenmi\u015ftir&#8221; mesaj\u0131yla kar\u015f\u0131la\u015f\u0131yorlar. Ankara Cumhuriyet Bas\u0131n Savc\u0131s\u0131 Nadi T\u00fcrkaslan, yasaklanan videolar\u0131n T\u00fcrkiye veritaban\u0131ndan kald\u0131r\u0131ld\u0131\u011f\u0131n\u0131, ancak di\u011fer \u00fclkelerin veri tabanlar\u0131ndan kald\u0131r\u0131lmad\u0131\u011f\u0131 m\u00fcddet\u00e7e yasa\u011f\u0131n s\u00fcrece\u011fini ve YouTube\u2019un T\u00fcrkiye\u2019de bir temsilcili\u011finin olmamas\u0131 nedeniyle kendilerine bir muhatap bulamad\u0131klar\u0131n\u0131 s\u00f6yledi.<\/p>\n","protected":false},"excerpt":{"rendered":"<p>T\u00fcrk mahkemeleri YouTube sitesini yasaklad\u0131: &#8220;T\u00fcrk mahkemeleri YouTube sitesini yasaklad\u0131 Kerem Kaya, 15 A\u011fustos 2008 \u0130ngilizce\u2019den \u00e7eviri (6 A\u011fustos 2008)&#8221; T\u00fcrkiye\u2019de, 5 May\u0131s g\u00fcn\u00fc pop\u00fcler video payla\u015f\u0131m sitesi YouTube\u2019a eri\u015fim b\u00fct\u00fcn\u00fcyle yasakland\u0131. YouTube, modern T\u00fcrkiye\u2019nin kurucusu Mustafa Kemal Atat\u00fcrk\u2019e hakaret etti\u011fi iddia edilen bir video nedeniyle yasakland\u0131. Bu yasak, bug\u00fcn de s\u00fcr\u00fcyor ve T\u00fcrkiye\u2019nin tarihinde bir web sitesine konulmu\u015f olan&#8230;<\/p>\n","protected":false},"author":1,"featured_media":0,"comment_status":"open","ping_status":"closed","sticky":false,"template":"","format":"standard","meta":{"jetpack_post_was_ever_published":false,"_jetpack_newsletter_access":"","_jetpack_dont_email_post_to_subs":false,"_jetpack_newsletter_tier_id":0,"_jetpack_memberships_contains_paywalled_content":false,"_jetpack_memberships_contains_paid_content":false,"footnotes":"","jetpack_publicize_message":"","jetpack_publicize_feature_enabled":true,"jetpack_social_post_already_shared":false,"jetpack_social_options":{"image_generator_settings":{"template":"highway","default_image_id":0,"font":"","enabled":false},"version":2}},"categories":[22,21,4],"tags":[],"class_list":["post-71","post","type-post","status-publish","format-standard","hentry","category-5651-nolu-kanun","category-erisim-engelleme","category-youtube"],"jetpack_publicize_connections":[],"jetpack_featured_media_url":"","jetpack_sharing_enabled":true,"jetpack_shortlink":"https:\/\/wp.me\/p7wjA8-19","jetpack-related-posts":[],"_links":{"self":[{"href":"https:\/\/privacy.cyber-rights.org.tr\/index.php?rest_route=\/wp\/v2\/posts\/71","targetHints":{"allow":["GET"]}}],"collection":[{"href":"https:\/\/privacy.cyber-rights.org.tr\/index.php?rest_route=\/wp\/v2\/posts"}],"about":[{"href":"https:\/\/privacy.cyber-rights.org.tr\/index.php?rest_route=\/wp\/v2\/types\/post"}],"author":[{"embeddable":true,"href":"https:\/\/privacy.cyber-rights.org.tr\/index.php?rest_route=\/wp\/v2\/users\/1"}],"replies":[{"embeddable":true,"href":"https:\/\/privacy.cyber-rights.org.tr\/index.php?rest_route=%2Fwp%2Fv2%2Fcomments&post=71"}],"version-history":[{"count":0,"href":"https:\/\/privacy.cyber-rights.org.tr\/index.php?rest_route=\/wp\/v2\/posts\/71\/revisions"}],"wp:attachment":[{"href":"https:\/\/privacy.cyber-rights.org.tr\/index.php?rest_route=%2Fwp%2Fv2%2Fmedia&parent=71"}],"wp:term":[{"taxonomy":"category","embeddable":true,"href":"https:\/\/privacy.cyber-rights.org.tr\/index.php?rest_route=%2Fwp%2Fv2%2Fcategories&post=71"},{"taxonomy":"post_tag","embeddable":true,"href":"https:\/\/privacy.cyber-rights.org.tr\/index.php?rest_route=%2Fwp%2Fv2%2Ftags&post=71"}],"curies":[{"name":"wp","href":"https:\/\/api.w.org\/{rel}","templated":true}]}}