{"id":728,"date":"2009-12-03T13:30:54","date_gmt":"2009-12-03T10:30:54","guid":{"rendered":"http:\/\/privacy.cyber-rights.org.tr\/?p=728"},"modified":"2009-12-03T13:30:59","modified_gmt":"2009-12-03T10:30:59","slug":"inetd-panel-internet-ve-sansur-12-aralik-2009-cumartesi","status":"publish","type":"post","link":"https:\/\/privacy.cyber-rights.org.tr\/?p=728","title":{"rendered":"INETD Panel: Internet ve Sans\u00fcr: 12 Aral\u0131k 2009, Cumartesi"},"content":{"rendered":"<p><strong>INETD Panel: Internet ve Sans\u00fcr: Web 2.0 tabanl\u0131 sosyal topluluklar ve T\u00fcrkiye\u2019de Eri\u015fim Engelleme Uygulamalar\u0131<\/p>\n<p>Tarih: 12 Aral\u0131k 2009, Cumartesi, 1400-1600<\/p>\n<p>Yer: INETD &#8211; Internet Teknolojileri Derne\u011fi, XIV. T\u00fcrkiye&#8217;de \u0130nternet Konferans\u0131, Bilgi \u00dcniversitesi,  Dolapdere,  \u0130stanbul.<\/p>\n<p>Moderator: Do\u00e7. Dr. Yaman Akdeniz, Istanbul Bilgi \u00dcniversitesi Hukuk Fak\u00fcltesi<\/p>\n<p>Panelistler: Faruk Eczac\u0131ba\u015f\u0131 (teyit edildi), TBV, Burcu Esmersoy (teyit edildi), NTV, Osman Nihat \u015een (teyit edildi), TIB, B\u00fclent Forta (teyit edildi), M\u00fcyap, Kerem Alt\u0131parmak, Ankara \u00dcniversitesi, Siyasal Bilgiler Fak\u00fcltesi (teyit edildi).<br \/>\n<\/strong><\/p>\n<p>Web 2.0 tabanl\u0131 sosyal topluluklar ve sitelere ili\u015fkin olarak verilen eri\u015fim engelleme kararlar\u0131n\u0131n, YouTube, Last.fm, Myspace ve T\u00fcrkiye\u2019deki di\u011fer benzerlerinde oldu\u011fu gibi ciddi yan etkileri bulunmaktad\u0131r. Engelleme kararlar\u0131 sadece hukuka ayk\u0131r\u0131 oldu\u011fu iddia edilen (genelde sadece bir dosya ve sayfadan ibaret olan) i\u00e7eri\u011fe de\u011fil, bu sistemlerin t\u00fcm\u00fcn\u00fcn \u00e7al\u0131\u015ft\u0131\u011f\u0131 tek bir alan\u0131n i\u00e7eri\u011finde bulunan milyonlarca yasal sayfa ve dosyaya da eri\u015fimi imk\u00e2ns\u0131z k\u0131lmaktad\u0131r. <\/p>\n<p>Web 2.0 tabanl\u0131 topluluklar ve bar\u0131nd\u0131rma servisleri ileti\u015fim ve ifade \u00f6zg\u00fcrl\u00fc\u011f\u00fcn\u00fcn en yeni kullan\u0131m ara\u00e7lar\u0131d\u0131r. Yap\u0131lar\u0131 gere\u011fi h\u0131zl\u0131 bilgi ak\u0131\u015f\u0131n\u0131n ka\u00e7\u0131n\u0131lmaz oldu\u011fu bu yap\u0131lar\u0131n di\u011fer kitle ileti\u015fim ara\u00e7lar\u0131 gibi de\u011ferlendirilmesi m\u00fcmk\u00fcn de\u011fildir. Bu t\u00fcr sitelere ili\u015fkin verilecek kararlarda temel haklar ve \u00f6zg\u00fcrl\u00fcklerin Anayasa\u2019ya ayk\u0131r\u0131 bir \u015fekilde s\u0131n\u0131rland\u0131r\u0131lmamas\u0131 i\u00e7in an\u0131lan \u00f6zelli\u011fin dikkate al\u0131nmas\u0131 zorunlulu\u011fu do\u011fmu\u015ftur. Fakat sebebi ne olursa olsun bu tip sitelere T\u00fcrkiye\u2019den eri\u015fim engellenmektedir. Web 2.0 tabanl\u0131 topluluklar ile ilgili verilen eri\u015fim engelleme kararlar\u0131 milyonlarca bilgi ve belgeyi ula\u015f\u0131lmaz k\u0131larak Internet kullan\u0131c\u0131lar\u0131n\u0131n bilgi alma ve ifade \u00f6zg\u00fcrl\u00fcklerinin \u00f6z\u00fcne dokunan, orant\u0131s\u0131z bir m\u00fcdahale niteli\u011fi ta\u015f\u0131maktad\u0131r.<\/p>\n<p>Web 2.0 tabanl\u0131 topluluklar ve bar\u0131nd\u0131rma servisleri ile ilgili eri\u015fim engelleme uygulamalar\u0131 bu panel taraf\u0131ndan tart\u0131\u015f\u0131lacakt\u0131r.<\/p>\n","protected":false},"excerpt":{"rendered":"<p>INETD Panel: Internet ve Sans\u00fcr: Web 2.0 tabanl\u0131 sosyal topluluklar ve T\u00fcrkiye\u2019de Eri\u015fim Engelleme Uygulamalar\u0131 Tarih: 12 Aral\u0131k 2009, Cumartesi, 1400-1600 Yer: INETD &#8211; Internet Teknolojileri Derne\u011fi, XIV. T\u00fcrkiye&#8217;de \u0130nternet Konferans\u0131, Bilgi \u00dcniversitesi, Dolapdere, \u0130stanbul. Moderator: Do\u00e7. Dr. Yaman Akdeniz, Istanbul Bilgi \u00dcniversitesi Hukuk Fak\u00fcltesi Panelistler: Faruk Eczac\u0131ba\u015f\u0131 (teyit edildi), TBV, Burcu Esmersoy (teyit edildi), NTV, Osman Nihat \u015een (teyit&#8230;<\/p>\n","protected":false},"author":1,"featured_media":0,"comment_status":"open","ping_status":"closed","sticky":false,"template":"","format":"standard","meta":{"jetpack_post_was_ever_published":false,"_jetpack_newsletter_access":"","_jetpack_dont_email_post_to_subs":false,"_jetpack_newsletter_tier_id":0,"_jetpack_memberships_contains_paywalled_content":false,"_jetpack_memberships_contains_paid_content":false,"footnotes":"","jetpack_publicize_message":"","jetpack_publicize_feature_enabled":true,"jetpack_social_post_already_shared":false,"jetpack_social_options":{"image_generator_settings":{"template":"highway","default_image_id":0,"font":"","enabled":false},"version":2}},"categories":[22,21,116,100,29,97,3,17,67,78,4],"tags":[],"class_list":["post-728","post","type-post","status-publish","format-standard","hentry","category-5651-nolu-kanun","category-erisim-engelleme","category-konferans","category-lastfm","category-muyap","category-myspace","category-sansur","category-tib","category-turkiye","category-yaman-akdeniz","category-youtube"],"jetpack_publicize_connections":[],"jetpack_featured_media_url":"","jetpack_sharing_enabled":true,"jetpack_shortlink":"https:\/\/wp.me\/p7wjA8-bK","jetpack-related-posts":[],"_links":{"self":[{"href":"https:\/\/privacy.cyber-rights.org.tr\/index.php?rest_route=\/wp\/v2\/posts\/728","targetHints":{"allow":["GET"]}}],"collection":[{"href":"https:\/\/privacy.cyber-rights.org.tr\/index.php?rest_route=\/wp\/v2\/posts"}],"about":[{"href":"https:\/\/privacy.cyber-rights.org.tr\/index.php?rest_route=\/wp\/v2\/types\/post"}],"author":[{"embeddable":true,"href":"https:\/\/privacy.cyber-rights.org.tr\/index.php?rest_route=\/wp\/v2\/users\/1"}],"replies":[{"embeddable":true,"href":"https:\/\/privacy.cyber-rights.org.tr\/index.php?rest_route=%2Fwp%2Fv2%2Fcomments&post=728"}],"version-history":[{"count":1,"href":"https:\/\/privacy.cyber-rights.org.tr\/index.php?rest_route=\/wp\/v2\/posts\/728\/revisions"}],"predecessor-version":[{"id":729,"href":"https:\/\/privacy.cyber-rights.org.tr\/index.php?rest_route=\/wp\/v2\/posts\/728\/revisions\/729"}],"wp:attachment":[{"href":"https:\/\/privacy.cyber-rights.org.tr\/index.php?rest_route=%2Fwp%2Fv2%2Fmedia&parent=728"}],"wp:term":[{"taxonomy":"category","embeddable":true,"href":"https:\/\/privacy.cyber-rights.org.tr\/index.php?rest_route=%2Fwp%2Fv2%2Fcategories&post=728"},{"taxonomy":"post_tag","embeddable":true,"href":"https:\/\/privacy.cyber-rights.org.tr\/index.php?rest_route=%2Fwp%2Fv2%2Ftags&post=728"}],"curies":[{"name":"wp","href":"https:\/\/api.w.org\/{rel}","templated":true}]}}