{"id":732,"date":"2009-12-03T14:09:45","date_gmt":"2009-12-03T11:09:45","guid":{"rendered":"http:\/\/privacy.cyber-rights.org.tr\/?p=732"},"modified":"2009-12-03T14:09:48","modified_gmt":"2009-12-03T11:09:48","slug":"tskdaki-belge-temizleme-kayitlari-internete-dustu","status":"publish","type":"post","link":"https:\/\/privacy.cyber-rights.org.tr\/?p=732","title":{"rendered":"TSK&#8217;daki &#8216;belge temizleme&#8217; kay\u0131tlar\u0131 internete d\u00fc\u015ft\u00fc"},"content":{"rendered":"<p><a href=\"http:\/\/www.zaman.com.tr\/haber.do?haberno=922615\">TSK&#8217;daki &#8216;belge temizleme&#8217; kay\u0131tlar\u0131 internete d\u00fc\u015ft\u00fc<\/a>: &#8220;<img data-recalc-dims=\"1\" loading=\"lazy\" decoding=\"async\" style=\"border:navy 1px solid\" src=\"https:\/\/i0.wp.com\/medya.zaman.com.tr\/2009\/12\/03\/cubuklu_k.jpg?resize=80%2C60\" border=\"0\" align=\"left\" width=\"80\" height=\"60\">Genelkurmay&#8217;\u0131n haftal\u0131k bas\u0131n\u0131 bilgilendirme toplant\u0131lar\u0131n\u0131 yapan isimlerden Adli M\u00fc\u015favir Tu\u011fgeneral H\u0131fz\u0131 \u00c7ubuklu&#8217;nun y\u00fcr\u00fctt\u00fc\u011f\u00fc &#8216;belge yok etme operasyonu&#8217;nun kay\u0131tlar\u0131 internete d\u00fc\u015ft\u00fc.&#8221;<\/p>\n<p>(Via <a href=\"http:\/\/www.zaman.com.tr\/\">Zaman :: Anasayfa<\/a>.)<\/p>\n","protected":false},"excerpt":{"rendered":"<p>TSK&#8217;daki &#8216;belge temizleme&#8217; kay\u0131tlar\u0131 internete d\u00fc\u015ft\u00fc: &#8220;Genelkurmay&#8217;\u0131n haftal\u0131k bas\u0131n\u0131 bilgilendirme toplant\u0131lar\u0131n\u0131 yapan isimlerden Adli M\u00fc\u015favir Tu\u011fgeneral H\u0131fz\u0131 \u00c7ubuklu&#8217;nun y\u00fcr\u00fctt\u00fc\u011f\u00fc &#8216;belge yok etme operasyonu&#8217;nun kay\u0131tlar\u0131 internete d\u00fc\u015ft\u00fc.&#8221; (Via Zaman :: Anasayfa.)<\/p>\n","protected":false},"author":1,"featured_media":0,"comment_status":"open","ping_status":"closed","sticky":false,"template":"","format":"standard","meta":{"jetpack_post_was_ever_published":false,"_jetpack_newsletter_access":"","_jetpack_dont_email_post_to_subs":false,"_jetpack_newsletter_tier_id":0,"_jetpack_memberships_contains_paywalled_content":false,"_jetpack_memberships_contains_paid_content":false,"footnotes":"","jetpack_publicize_message":"","jetpack_publicize_feature_enabled":true,"jetpack_social_post_already_shared":false,"jetpack_social_options":{"image_generator_settings":{"template":"highway","default_image_id":0,"font":"","enabled":false},"version":2}},"categories":[69,109,70,111,67],"tags":[],"class_list":["post-732","post","type-post","status-publish","format-standard","hentry","category-aciklik","category-andic","category-seffaflik","category-tsk","category-turkiye"],"jetpack_publicize_connections":[],"jetpack_featured_media_url":"","jetpack_sharing_enabled":true,"jetpack_shortlink":"https:\/\/wp.me\/p7wjA8-bO","jetpack-related-posts":[],"_links":{"self":[{"href":"https:\/\/privacy.cyber-rights.org.tr\/index.php?rest_route=\/wp\/v2\/posts\/732","targetHints":{"allow":["GET"]}}],"collection":[{"href":"https:\/\/privacy.cyber-rights.org.tr\/index.php?rest_route=\/wp\/v2\/posts"}],"about":[{"href":"https:\/\/privacy.cyber-rights.org.tr\/index.php?rest_route=\/wp\/v2\/types\/post"}],"author":[{"embeddable":true,"href":"https:\/\/privacy.cyber-rights.org.tr\/index.php?rest_route=\/wp\/v2\/users\/1"}],"replies":[{"embeddable":true,"href":"https:\/\/privacy.cyber-rights.org.tr\/index.php?rest_route=%2Fwp%2Fv2%2Fcomments&post=732"}],"version-history":[{"count":1,"href":"https:\/\/privacy.cyber-rights.org.tr\/index.php?rest_route=\/wp\/v2\/posts\/732\/revisions"}],"predecessor-version":[{"id":733,"href":"https:\/\/privacy.cyber-rights.org.tr\/index.php?rest_route=\/wp\/v2\/posts\/732\/revisions\/733"}],"wp:attachment":[{"href":"https:\/\/privacy.cyber-rights.org.tr\/index.php?rest_route=%2Fwp%2Fv2%2Fmedia&parent=732"}],"wp:term":[{"taxonomy":"category","embeddable":true,"href":"https:\/\/privacy.cyber-rights.org.tr\/index.php?rest_route=%2Fwp%2Fv2%2Fcategories&post=732"},{"taxonomy":"post_tag","embeddable":true,"href":"https:\/\/privacy.cyber-rights.org.tr\/index.php?rest_route=%2Fwp%2Fv2%2Ftags&post=732"}],"curies":[{"name":"wp","href":"https:\/\/api.w.org\/{rel}","templated":true}]}}