{"id":740,"date":"2009-12-08T19:11:38","date_gmt":"2009-12-08T16:11:38","guid":{"rendered":"http:\/\/privacy.cyber-rights.org.tr\/?p=740"},"modified":"2009-12-08T19:11:44","modified_gmt":"2009-12-08T16:11:44","slug":"taraf-muhabiri-baransu-telekulaki-yargiya-tasiyor","status":"publish","type":"post","link":"https:\/\/privacy.cyber-rights.org.tr\/?p=740","title":{"rendered":"Taraf Muhabiri Baransu &#8220;Telekulak&#8221;\u0131 Yarg\u0131ya Ta\u015f\u0131yor"},"content":{"rendered":"<p><a href=\"http:\/\/bianet.org\/bianet\/ifade-ozgurlugu\/118692-taraf-muhabiri-baransu-telekulaki-yargiya-tasiyor\">Taraf Muhabiri Baransu &#8220;Telekulak&#8221;\u0131 Yarg\u0131ya Ta\u015f\u0131yor<\/a>: &#8220;Taraf gazetesi muhabiri Mehmet Baransu, telefonunun Jandarma \u0130stihbarat\u0131&#8217;nca bir y\u0131l\u0131 a\u015fk\u0131n bir s\u00fcredir dinlendi\u011fini a\u00e7\u0131klad\u0131. Baransu, PKK&#8217;li birini dinliyoruz diye hakk\u0131mda bu karar\u0131 alanlarla yarg\u0131 \u00f6n\u00fcnde hesapla\u015faca\u011f\u0131m&#8217; dedi.&#8221;<\/p>\n<p>(Via <a href=\"http:\/\/www.bianet.org\/bianet\">Bianet :: Bianet<\/a>.)<\/p>\n","protected":false},"excerpt":{"rendered":"<p>Taraf Muhabiri Baransu &#8220;Telekulak&#8221;\u0131 Yarg\u0131ya Ta\u015f\u0131yor: &#8220;Taraf gazetesi muhabiri Mehmet Baransu, telefonunun Jandarma \u0130stihbarat\u0131&#8217;nca bir y\u0131l\u0131 a\u015fk\u0131n bir s\u00fcredir dinlendi\u011fini a\u00e7\u0131klad\u0131. Baransu, PKK&#8217;li birini dinliyoruz diye hakk\u0131mda bu karar\u0131 alanlarla yarg\u0131 \u00f6n\u00fcnde hesapla\u015faca\u011f\u0131m&#8217; dedi.&#8221; (Via Bianet :: Bianet.)<\/p>\n","protected":false},"author":1,"featured_media":0,"comment_status":"open","ping_status":"closed","sticky":false,"template":"","format":"standard","meta":{"jetpack_post_was_ever_published":false,"_jetpack_newsletter_access":"","_jetpack_dont_email_post_to_subs":false,"_jetpack_newsletter_tier_id":0,"_jetpack_memberships_contains_paywalled_content":false,"_jetpack_memberships_contains_paid_content":false,"footnotes":"","jetpack_publicize_message":"","jetpack_publicize_feature_enabled":true,"jetpack_social_post_already_shared":false,"jetpack_social_options":{"image_generator_settings":{"template":"highway","default_image_id":0,"font":"","enabled":false},"version":2}},"categories":[15,66,10,14],"tags":[],"class_list":["post-740","post","type-post","status-publish","format-standard","hentry","category-gizli-dinleme","category-gozetim-devleti","category-mahremiyet","category-telekulak"],"jetpack_publicize_connections":[],"jetpack_featured_media_url":"","jetpack_sharing_enabled":true,"jetpack_shortlink":"https:\/\/wp.me\/p7wjA8-bW","jetpack-related-posts":[],"_links":{"self":[{"href":"https:\/\/privacy.cyber-rights.org.tr\/index.php?rest_route=\/wp\/v2\/posts\/740","targetHints":{"allow":["GET"]}}],"collection":[{"href":"https:\/\/privacy.cyber-rights.org.tr\/index.php?rest_route=\/wp\/v2\/posts"}],"about":[{"href":"https:\/\/privacy.cyber-rights.org.tr\/index.php?rest_route=\/wp\/v2\/types\/post"}],"author":[{"embeddable":true,"href":"https:\/\/privacy.cyber-rights.org.tr\/index.php?rest_route=\/wp\/v2\/users\/1"}],"replies":[{"embeddable":true,"href":"https:\/\/privacy.cyber-rights.org.tr\/index.php?rest_route=%2Fwp%2Fv2%2Fcomments&post=740"}],"version-history":[{"count":1,"href":"https:\/\/privacy.cyber-rights.org.tr\/index.php?rest_route=\/wp\/v2\/posts\/740\/revisions"}],"predecessor-version":[{"id":741,"href":"https:\/\/privacy.cyber-rights.org.tr\/index.php?rest_route=\/wp\/v2\/posts\/740\/revisions\/741"}],"wp:attachment":[{"href":"https:\/\/privacy.cyber-rights.org.tr\/index.php?rest_route=%2Fwp%2Fv2%2Fmedia&parent=740"}],"wp:term":[{"taxonomy":"category","embeddable":true,"href":"https:\/\/privacy.cyber-rights.org.tr\/index.php?rest_route=%2Fwp%2Fv2%2Fcategories&post=740"},{"taxonomy":"post_tag","embeddable":true,"href":"https:\/\/privacy.cyber-rights.org.tr\/index.php?rest_route=%2Fwp%2Fv2%2Ftags&post=740"}],"curies":[{"name":"wp","href":"https:\/\/api.w.org\/{rel}","templated":true}]}}