{"id":742,"date":"2009-12-08T20:34:00","date_gmt":"2009-12-08T17:34:00","guid":{"rendered":"http:\/\/privacy.cyber-rights.org.tr\/?p=742"},"modified":"2009-12-08T20:34:04","modified_gmt":"2009-12-08T17:34:04","slug":"telekulakta-son-tango-kacmaz-mit","status":"publish","type":"post","link":"https:\/\/privacy.cyber-rights.org.tr\/?p=742","title":{"rendered":"&#8216;Telekulak&#8217;ta son tango: Ka\u00e7maz &#8211; M\u0130T"},"content":{"rendered":"<p><a href=\"http:\/\/www.ntvmsnbc.com\/id\/25028239\/\">&#8216;Telekulak&#8217;ta son tango: Ka\u00e7maz &#8211; M\u0130T<\/a>: &#8220;<\/p>\n<p><a href=\"http:\/\/www.ntvmsnbc.com\/id\/25028239\/\"><img data-recalc-dims=\"1\" decoding=\"async\" align=\"left\" border=\"0\" src=\"https:\/\/i0.wp.com\/media.ntvmsnbc.com\/j\/NTVMSNBC\/Components\/ArtAndPhoto-Fronts\/Sections-StoryLevel\/T%C3%BCrkiye\/091204-kacmaz.thumb.jpg\" alt=\"\" style=\"margin:0 5px 5px 0\"><\/a>Telekulak iddialar\u0131yla ilgili, Sincan 1. A\u011f\u0131r Ceza Mahkemesi ile M\u0130T kar\u015f\u0131 kar\u015f\u0131ya. Hakim Osman Ka\u00e7maz&#8217;\u0131n su\u00e7 duyurusu, M\u0130T&#8217;in Ka\u00e7maz&#8217;\u0131 yalanlayan a\u00e7\u0131klamas\u0131 ve ard\u0131ndan bu kez de Ka\u00e7maz&#8217;\u0131n yalanlamas\u0131&#8230;<\/p>\n<p>&#8220;<\/p>\n<p>(Via <a href=\"http:\/\/www.ntvmsnbc.com\/id\/24927683\/\">NTVMSNBC.com: T\u00fcrkiye<\/a>.)<\/p>\n","protected":false},"excerpt":{"rendered":"<p>&#8216;Telekulak&#8217;ta son tango: Ka\u00e7maz &#8211; M\u0130T: &#8220; Telekulak iddialar\u0131yla ilgili, Sincan 1. A\u011f\u0131r Ceza Mahkemesi ile M\u0130T kar\u015f\u0131 kar\u015f\u0131ya. Hakim Osman Ka\u00e7maz&#8217;\u0131n su\u00e7 duyurusu, M\u0130T&#8217;in Ka\u00e7maz&#8217;\u0131 yalanlayan a\u00e7\u0131klamas\u0131 ve ard\u0131ndan bu kez de Ka\u00e7maz&#8217;\u0131n yalanlamas\u0131&#8230; &#8220; (Via NTVMSNBC.com: T\u00fcrkiye.)<\/p>\n","protected":false},"author":1,"featured_media":0,"comment_status":"open","ping_status":"closed","sticky":false,"template":"","format":"standard","meta":{"jetpack_post_was_ever_published":false,"_jetpack_newsletter_access":"","_jetpack_dont_email_post_to_subs":false,"_jetpack_newsletter_tier_id":0,"_jetpack_memberships_contains_paywalled_content":false,"_jetpack_memberships_contains_paid_content":false,"footnotes":"","jetpack_publicize_message":"","jetpack_publicize_feature_enabled":true,"jetpack_social_post_already_shared":false,"jetpack_social_options":{"image_generator_settings":{"template":"highway","default_image_id":0,"font":"","enabled":false},"version":2}},"categories":[15,10,14],"tags":[],"class_list":["post-742","post","type-post","status-publish","format-standard","hentry","category-gizli-dinleme","category-mahremiyet","category-telekulak"],"jetpack_publicize_connections":[],"jetpack_featured_media_url":"","jetpack_sharing_enabled":true,"jetpack_shortlink":"https:\/\/wp.me\/p7wjA8-bY","jetpack-related-posts":[],"_links":{"self":[{"href":"https:\/\/privacy.cyber-rights.org.tr\/index.php?rest_route=\/wp\/v2\/posts\/742","targetHints":{"allow":["GET"]}}],"collection":[{"href":"https:\/\/privacy.cyber-rights.org.tr\/index.php?rest_route=\/wp\/v2\/posts"}],"about":[{"href":"https:\/\/privacy.cyber-rights.org.tr\/index.php?rest_route=\/wp\/v2\/types\/post"}],"author":[{"embeddable":true,"href":"https:\/\/privacy.cyber-rights.org.tr\/index.php?rest_route=\/wp\/v2\/users\/1"}],"replies":[{"embeddable":true,"href":"https:\/\/privacy.cyber-rights.org.tr\/index.php?rest_route=%2Fwp%2Fv2%2Fcomments&post=742"}],"version-history":[{"count":1,"href":"https:\/\/privacy.cyber-rights.org.tr\/index.php?rest_route=\/wp\/v2\/posts\/742\/revisions"}],"predecessor-version":[{"id":743,"href":"https:\/\/privacy.cyber-rights.org.tr\/index.php?rest_route=\/wp\/v2\/posts\/742\/revisions\/743"}],"wp:attachment":[{"href":"https:\/\/privacy.cyber-rights.org.tr\/index.php?rest_route=%2Fwp%2Fv2%2Fmedia&parent=742"}],"wp:term":[{"taxonomy":"category","embeddable":true,"href":"https:\/\/privacy.cyber-rights.org.tr\/index.php?rest_route=%2Fwp%2Fv2%2Fcategories&post=742"},{"taxonomy":"post_tag","embeddable":true,"href":"https:\/\/privacy.cyber-rights.org.tr\/index.php?rest_route=%2Fwp%2Fv2%2Ftags&post=742"}],"curies":[{"name":"wp","href":"https:\/\/api.w.org\/{rel}","templated":true}]}}