{"id":772,"date":"2010-01-05T19:49:58","date_gmt":"2010-01-05T16:49:58","guid":{"rendered":"http:\/\/privacy.cyber-rights.org.tr\/?p=772"},"modified":"2010-01-05T19:50:02","modified_gmt":"2010-01-05T16:50:02","slug":"konferans-internetin-getirdigi-yeni-haklar-ve-ozgurlukler","status":"publish","type":"post","link":"https:\/\/privacy.cyber-rights.org.tr\/?p=772","title":{"rendered":"Konferans: Internet&#8217;in getirdi\u011fi yeni haklar ve \u00f6zg\u00fcrl\u00fckler"},"content":{"rendered":"<p>KONFERANS: \u201c\u0130NTERNET\u2019\u0130N GET\u0130RD\u0130\u011e\u0130 YEN\u0130 HAKLAR VE \u00d6ZG\u00dcRL\u00dcKLER\u201d<\/p>\n<p>\u0130stanbul Barosu \u2013 Bili\u015fim Hukuku Merkezi, 9 Ocak 2009 Cts. \/ 13:30 &#8211; 18:30<br \/>\n\u0130stanbul Barosu Orhan Apayd\u0131n Konferans Salonu, \u0130stiklal Cad. No:158 Beyo\u011flu \u0130stanbul<\/p>\n<p>\u0130nternet art\u0131k sosyal, ekonomik ve g\u00fcndelik hayat\u0131m\u0131z\u0131n ayr\u0131lmaz bir par\u00e7as\u0131. Bilgi teknolojileriyle giderek h\u0131zlanan bir zamanda, ileti\u015fim ve etkile\u015fimin geli\u015fmesiyle de giderek k\u00fc\u00e7\u00fclen, s\u0131n\u0131rlar\u0131n anlams\u0131zla\u015ft\u0131\u011f\u0131 bir d\u00fcnyada ya\u015f\u0131yoruz. \u0130nternet yeni topluluk bi\u00e7imleri, yeni sosyal etkile\u015fim tarzlar\u0131 yarat\u0131yor. Dolay\u0131s\u0131yla yeni hak ve \u00f6zg\u00fcrl\u00fck alanlar\u0131 beliriyor. D\u00fc\u015f\u00fcnce ve ifade \u00f6zg\u00fcrl\u00fc\u011f\u00fc, ileti\u015fim \u00f6zg\u00fcrl\u00fc\u011f\u00fc, \u00f6zel hayat\u0131n dokunulmazl\u0131\u011f\u0131 ve mahremiyet hakk\u0131 gibi temel hak ve \u00f6zg\u00fcrl\u00fcklerin yeniden tan\u0131mlanmas\u0131; bilgiye eri\u015fim \u00f6zg\u00fcrl\u00fc\u011f\u00fc ve bilgiyi payla\u015fma hakk\u0131 gibi yeni temel hak ve \u00f6zg\u00fcrl\u00fcklerin Anayasa\u2019ya yer almas\u0131 gere\u011fi ortaya \u00e7\u0131k\u0131yor.  <\/p>\n<p>Bu hak ve \u00f6zg\u00fcrl\u00fcklerin ilgili yasalar \u00e7er\u00e7evesinde d\u00fczenlenmesi genellikle yeterli koruma sa\u011flam\u0131yor. Bu temel hak ve \u00f6zg\u00fcrl\u00fcklerin ancak anayasal koruma g\u00fcvencesi alt\u0131nda i\u015flerlik kazanabilece\u011fi d\u00fc\u015f\u00fcncesi giderek hukuk \u00e7evrelerinde kabul g\u00f6r\u00fcyor. \u0130nternet odakl\u0131 \u00e7e\u015fitli vatanda\u015f inisiyatifleri, sivil toplum kurulu\u015flar\u0131 ve dijital aktivistler de bu yakla\u015f\u0131m\u0131n bir hukuk devleti ilkesi haline gelmesi i\u00e7in \u00e7al\u0131\u015f\u0131yor. Bir taraftan, sans\u00fcre u\u011frayan, eri\u015fime engellenen sitelerle; di\u011fer taraftan \u201columsuz\u201d d\u00fczenlemelerle ya\u015f\u0131yoruz. Hukuk internetin h\u0131z\u0131na, d\u00fczenleme mant\u0131\u011f\u0131 ise yeni teknolojilere ayak uyduram\u0131yor; demokrasi ve hukuk devleti ilkeleri zarar g\u00f6r\u00fcyor. <\/p>\n<p>\u0130stanbul Barosu Bili\u015fim Hukuku Merkezi, 9 Ocak 2010 tarihinde, internetin getirdi\u011fi yeni hak ve \u00f6zg\u00fcrl\u00fcklerin konunun uzmanlar\u0131 taraf\u0131ndan tart\u0131\u015f\u0131laca\u011f\u0131 tam g\u00fcnl\u00fck bir etkinlik d\u00fczenliyor. Sadece hukuk\u00e7ular\u0131 de\u011fil, internetle ya\u015fayan herkesi ilgilendiren bu etkinlikte, hukuk\u00e7ular, ilgili kurum temsilcileri ve sans\u00fcr kar\u015f\u0131t\u0131 dijital aktivistler ilk defa bir araya gelerek, Bilgi Teknolojisi d\u00fcnyas\u0131n\u0131n en s\u0131cak konular\u0131 olan \u0130leti\u015fim \u00d6zg\u00fcrl\u00fc\u011f\u00fc, \u0130nternet Eri\u015fim Hakk\u0131, \u00d6zel Hayat\u0131n Dokunulmazl\u0131\u011f\u0131, Mahremiyet Hakk\u0131, Bilgi Edinme Hakk\u0131, Dijital Aktivizm, \u00d6rg\u00fctlenme Hakk\u0131, \u201cNetda\u015f\u201dl\u0131k Haklar\u0131, Anonimlik hakk\u0131, Y\u00f6neti\u015fim, \u0130nternet Sans\u00fcr\u00fc ve Telif Haklar\u0131 konular\u0131n\u0131 tart\u0131\u015facaklar. Bu etkinlik, sadece fark\u0131ndal\u0131k yaratmakla kalmayacak, ayn\u0131 zamanda taraflar\u0131n birbirlerini anlayabilece\u011fi ve de\u011ferlendirebilece\u011fi bir platform olacakt\u0131r. <\/p>\n<p>PROGRAM:<\/p>\n<p>13:30 \t\tA\u00e7\u0131l\u0131\u015f Konu\u015fmas\u0131 \u2013 Baro Bili\u015fim Hukuku Merk. B\u015fk. Av. M. G\u00f6khan Ahi<br \/>\n\t\t    A\u00e7\u0131l\u0131\u015f Konu\u015fmas\u0131 \u2013 \u0130stanbul Barosu Ba\u015fkan\u0131 Av. Muammer Ayd\u0131n<\/p>\n<p>13:45 \t\tPANEL: Hukuk mu \u0130nternet\u2019i de\u011fi\u015ftirecek, \u0130nternet mi Hukuku de\u011fi\u015ftirecek?<\/p>\n<p>\u2022\t\u0130leti\u015fim \u00d6zg\u00fcrl\u00fc\u011f\u00fc ve \u0130nternet Eri\u015fimi<br \/>\n\u2022\t\u00d6zel Hayat\u0131n Dokunulmazl\u0131\u011f\u0131, Mahremiyet Hakk\u0131 ve \u0130nternet<br \/>\n\u2022\t\u0130nternet \u00dczerinde D\u00fc\u015f\u00fcnce ve \u0130fade \u00d6zg\u00fcrl\u00fc\u011f\u00fc<br \/>\n\u2022\tBilgi Edinme Hakk\u0131 ve \u0130nternet<br \/>\n\u2022\tDijital Aktivizm, \u00d6rg\u00fctlenme Hakk\u0131 ve \u0130nternet<br \/>\n\u2022\tYeni Anayasal Hak ve \u00d6zg\u00fcrl\u00fck Hareketleri: \u201cNetda\u015fl\u0131k Haklar\u0131\u201d<br \/>\n\u2022\tAnonimlik hakk\u0131<br \/>\n\u2022\tE-Demokrasi, Y\u00f6neti\u015fim<\/p>\n<p>Moderat\u00f6rler: Arda Kutsal (Webrazzi.com) &#8211; Dr. \u00d6zg\u00fcr U\u00e7kan (Bilgi \u00dc.)<br \/>\nTart\u0131\u015fmac\u0131lar: Do\u00e7. Dr. Bertil Emrah Oder (Ko\u00e7 \u00dc. &#8211; Anayasa Hukuk\u00e7usu), Yar. Do\u00e7. Dr. Leyla Keser Berber (Bilgi \u00dc.), Dr. Bar\u0131\u015f G\u00fcnayd\u0131n (Anadolu \u00dc.), Av. Taner Sevim (Baro Bili\u015fim Hukuku Merkezi), Av. Serhat Ko\u00e7 (Baro Bili\u015fim Hukuku Merkezi),  Av. F. \u00dcnsal \u00d6zmestik (Baro Bili\u015fim Hukuku Merkezi), Mevlana G\u00fcrbulak (Digital Age)<\/p>\n<p>15:45\t\tKahve Aras\u0131<\/p>\n<p>16:00\t\tPANEL: \u0130nternet Sans\u00fcr\u00fc ve Etkileri<br \/>\n\u2022\t\u0130nternet Sans\u00fcr\u00fc ve \u0130fade \u00d6zg\u00fcrl\u00fc\u011f\u00fc<br \/>\n\u2022\t\u0130nternet Sans\u00fcr\u00fc ve \u0130leti\u015fim \u00d6zg\u00fcrl\u00fc\u011f\u00fc<br \/>\n\u2022\t\u0130nternet Sans\u00fcr\u00fc, Telif Haklar\u0131 ve Bilgi \u00d6zg\u00fcrl\u00fc\u011f\u00fc<br \/>\n\u2022\tCopyleft &#8211; Copyright<br \/>\n\u2022\t\u0130nternet Sans\u00fcr\u00fc ve Bilginin \u00d6zg\u00fcr Dola\u015f\u0131m\u0131<br \/>\n\u2022\t\u0130nternet Sans\u00fcr\u00fcne Kar\u015f\u0131 \u00c7\u0131kan Yeni Siyasal Olu\u015fumlar<br \/>\n\u2022\t\u0130nternet sans\u00fcr\u00fc ve Bilgiye Eri\u015fim \u00d6zg\u00fcrl\u00fc\u011f\u00fc<br \/>\n\u2022\t\u0130nternet Sans\u00fcr\u00fcnde Dijital Aktivizm<\/p>\n<p>Moderat\u00f6rler: A\u015fk\u0131n Baysal (MediaCat)- Do\u00e7. Dr. Yaman Akdeniz (Bilgi \u00dc.)<br \/>\nTart\u0131\u015fmac\u0131lar: Av. Erdem T\u00fcrkekul (\u0130stanbul Barosu), Dr. Ebru Baranseli (Anadolu \u00dc. &#8211; Sans\u00fcre Sans\u00fcr), \u0130smail Hakk\u0131 Polat (Korsan P. Hareketi), Emre Sokullu (Eylem 2.0), Ahmet Asena (M\u00fcyap Genel Sekreteri), Av. Ba\u015fak Purut (\u0130stanbul Barosu), F\u00fcsun S. Nebil (\u0130nternet Kurulu)<\/p>\n<p>18:30 \t\tKapan\u0131\u015f ve Kahve \u0130kraml\u0131 Tan\u0131\u015fma  <\/p>\n<p>Program Kurulu:<br \/>\nDo\u00e7. Dr. Yaman Akdeniz<br \/>\nDr. \u00d6zg\u00fcr U\u00e7kan<br \/>\nAv.M.G\u00f6khan Ahi<\/p>\n","protected":false},"excerpt":{"rendered":"<p>KONFERANS: \u201c\u0130NTERNET\u2019\u0130N GET\u0130RD\u0130\u011e\u0130 YEN\u0130 HAKLAR VE \u00d6ZG\u00dcRL\u00dcKLER\u201d \u0130stanbul Barosu \u2013 Bili\u015fim Hukuku Merkezi, 9 Ocak 2009 Cts. \/ 13:30 &#8211; 18:30 \u0130stanbul Barosu Orhan Apayd\u0131n Konferans Salonu, \u0130stiklal Cad. No:158 Beyo\u011flu \u0130stanbul \u0130nternet art\u0131k sosyal, ekonomik ve g\u00fcndelik hayat\u0131m\u0131z\u0131n ayr\u0131lmaz bir par\u00e7as\u0131. Bilgi teknolojileriyle giderek h\u0131zlanan bir zamanda, ileti\u015fim ve etkile\u015fimin geli\u015fmesiyle de giderek k\u00fc\u00e7\u00fclen, s\u0131n\u0131rlar\u0131n anlams\u0131zla\u015ft\u0131\u011f\u0131 bir d\u00fcnyada ya\u015f\u0131yoruz&#8230;.<\/p>\n","protected":false},"author":1,"featured_media":0,"comment_status":"open","ping_status":"closed","sticky":false,"template":"","format":"standard","meta":{"jetpack_post_was_ever_published":false,"_jetpack_newsletter_access":"","_jetpack_dont_email_post_to_subs":false,"_jetpack_newsletter_tier_id":0,"_jetpack_memberships_contains_paywalled_content":false,"_jetpack_memberships_contains_paid_content":false,"footnotes":"","jetpack_publicize_message":"","jetpack_publicize_feature_enabled":true,"jetpack_social_post_already_shared":false,"jetpack_social_options":{"image_generator_settings":{"template":"highway","default_image_id":0,"font":"","enabled":false},"version":2}},"categories":[22,115,5,21,94,3,17,67,78,4],"tags":[],"class_list":["post-772","post","type-post","status-publish","format-standard","hentry","category-5651-nolu-kanun","category-aihm","category-dusunce-ozgurlugu","category-erisim-engelleme","category-filtreleme","category-sansur","category-tib","category-turkiye","category-yaman-akdeniz","category-youtube"],"jetpack_publicize_connections":[],"jetpack_featured_media_url":"","jetpack_sharing_enabled":true,"jetpack_shortlink":"https:\/\/wp.me\/p7wjA8-cs","jetpack-related-posts":[],"_links":{"self":[{"href":"https:\/\/privacy.cyber-rights.org.tr\/index.php?rest_route=\/wp\/v2\/posts\/772","targetHints":{"allow":["GET"]}}],"collection":[{"href":"https:\/\/privacy.cyber-rights.org.tr\/index.php?rest_route=\/wp\/v2\/posts"}],"about":[{"href":"https:\/\/privacy.cyber-rights.org.tr\/index.php?rest_route=\/wp\/v2\/types\/post"}],"author":[{"embeddable":true,"href":"https:\/\/privacy.cyber-rights.org.tr\/index.php?rest_route=\/wp\/v2\/users\/1"}],"replies":[{"embeddable":true,"href":"https:\/\/privacy.cyber-rights.org.tr\/index.php?rest_route=%2Fwp%2Fv2%2Fcomments&post=772"}],"version-history":[{"count":1,"href":"https:\/\/privacy.cyber-rights.org.tr\/index.php?rest_route=\/wp\/v2\/posts\/772\/revisions"}],"predecessor-version":[{"id":773,"href":"https:\/\/privacy.cyber-rights.org.tr\/index.php?rest_route=\/wp\/v2\/posts\/772\/revisions\/773"}],"wp:attachment":[{"href":"https:\/\/privacy.cyber-rights.org.tr\/index.php?rest_route=%2Fwp%2Fv2%2Fmedia&parent=772"}],"wp:term":[{"taxonomy":"category","embeddable":true,"href":"https:\/\/privacy.cyber-rights.org.tr\/index.php?rest_route=%2Fwp%2Fv2%2Fcategories&post=772"},{"taxonomy":"post_tag","embeddable":true,"href":"https:\/\/privacy.cyber-rights.org.tr\/index.php?rest_route=%2Fwp%2Fv2%2Ftags&post=772"}],"curies":[{"name":"wp","href":"https:\/\/api.w.org\/{rel}","templated":true}]}}