{"id":774,"date":"2010-01-07T12:43:41","date_gmt":"2010-01-07T09:43:41","guid":{"rendered":"http:\/\/privacy.cyber-rights.org.tr\/?p=774"},"modified":"2010-01-07T12:44:57","modified_gmt":"2010-01-07T09:44:57","slug":"konusma-13-ocak-2010-miklos-haraszti-agit-medya-ozgurlugu-temsilcisi","status":"publish","type":"post","link":"https:\/\/privacy.cyber-rights.org.tr\/?p=774","title":{"rendered":"Ist. Bilgi Konferans (13 Ocak 2010): Miklos Haraszti, AG\u0130T Medya \u00d6zg\u00fcrl\u00fc\u011f\u00fc Temsilcisi"},"content":{"rendered":"<p><strong>MEDYA \u00d6ZG\u00dcRL\u00dc\u011e\u00dc: Konferans ve Tart\u0131\u015fma<\/p>\n<p>Konu\u015fmac\u0131: MIKLOS HARASZTI &#8211; AG\u0130T Medya \u00d6zg\u00fcrl\u00fc\u011f\u00fc Temsilcisi<\/p>\n<p>Tarih: 13 Ocak 2010, 14:00 &#8211; 17:00<\/p>\n<p>\u0130stanbul Bilgi \u00dcniversitesi, Dolapdere Kamp\u00fcs\u00fc, Mahkeme Salonu <\/strong><\/p>\n<div style=\"text-align:center;\"><img data-recalc-dims=\"1\" loading=\"lazy\" decoding=\"async\" src=\"https:\/\/i0.wp.com\/cyberlaw.org.uk\/wp-content\/uploads\/2010\/01\/haraszti_bilgi.jpg?resize=397%2C526\" alt=\"haraszti_bilgi.jpg\" border=\"0\" width=\"397\" height=\"526\" \/><\/div>\n<p>\u0130nsan Haklar\u0131 Hukuku Uygulama ve Ara\u015ft\u0131rma Merkezi taraf\u0131ndan d\u00fczenlenecek olan \u201cMedya \u00d6zg\u00fcrl\u00fc\u011f\u00fc\u201d  konferans\u0131na, konu\u015fmac\u0131 olarak, Avrupa G\u00fcvenlik ve \u0130\u015fbirli\u011fi Te\u015fkilat\u0131 (AG\u0130T\/The Organization for Security and Co-operation in Europe-OSCE) Medya \u00d6zg\u00fcrl\u00fc\u011f\u00fc Temsilcisi Miklos Haraszti kat\u0131l\u0131yor.<\/p>\n<p>AG\u0130T Medya \u00d6zg\u00fcrl\u00fc\u011f\u00fc Temsilcili\u011fine 10 Mart 2004 tarihinde atanan Miklos Haraszti, Macaristan vatanda\u015f\u0131 bir yazar, gazeteci, insan haklar\u0131 savunucusu ve akademisyendir ve Budape\u015fte \u00dcniversitesi\u2019nde felsefe ve edebiyat e\u011fitimi g\u00f6rm\u00fc\u015ft\u00fcr. <\/p>\n<p>1976 y\u0131l\u0131nda, Macar Demokratik Muhalefet Hareketi\u2019nin kurulu\u015funda g\u00f6rev alan Miklos Haraszti, 1980 y\u0131l\u0131nda Sovyet yeralt\u0131 yay\u0131nlar\u0131ndan Besz\u00e9lo dergisinin edit\u00f6rl\u00fc\u011f\u00fcn\u00fc \u00fcstlendi. 1989\u2019da serbest se\u00e7imlere ge\u00e7i\u015f \u00fczerine yuvarlak masa m\u00fczakerelerine kat\u0131ld\u0131. Macar parlamentosunda 1990-1994 y\u0131llar\u0131 aras\u0131nda g\u00f6rev ald\u0131ktan sonra, demokratikle\u015fme ve medya politikalar\u0131 konular\u0131nda \u00e7e\u015fitli \u00fcniversitelerde ders vermeye ba\u015flad\u0131.<\/p>\n<p>\u201cBir \u0130\u015f\u00e7i Devletinde Bir \u0130\u015f\u00e7i\u201d ve \u201cKadife Cezaevi\u201d gibi bir\u00e7ok makalesi ve kitaplar\u0131 \u00e7e\u015fitli dillere \u00e7evrilmi\u015ftir. Makaleleri The New York Times ve The Washington Post gazetelerinde yay\u0131nlanm\u0131\u015f olan Miklos Haraszti \u0130ngilizce, Rus\u00e7a ve Almanca bilmektedir.<\/p>\n<p>Miklos Haraszti\u2019nin, AG\u0130T Medya \u00d6zg\u00fcrl\u00fc\u011f\u00fc Temsilcisi olarak \u00fcstlendi\u011fi g\u00f6revler aras\u0131nda, AG\u0130T \u00fcyesi 56 \u00fclkedeki medya geli\u015fmelerini izlemek, ifade \u00f6zg\u00fcrl\u00fc\u011f\u00fc ihlallerinde erken uyar\u0131da bulunmak ve AG\u0130T\u2019in bas\u0131n \u00f6zg\u00fcrl\u00fc\u011f\u00fc taahh\u00fctleri ile tam uyum sa\u011flanmas\u0131n\u0131n te\u015fvik edilmesi gibi sorumlluklar yer al\u0131yor. AG\u0130T ba\u011flam\u0131nda medya \u00f6zg\u00fcrl\u00fc\u011f\u00fc, yaz\u0131l\u0131, g\u00f6rsel, dijital medya ve s\u00fcreli-s\u00fcresiz yay\u0131nlar\u0131 da kapsayan bir \u00e7er\u00e7evede de\u011ferlendirilmektedir. <a href=\"http:\/\/www.osce.org\/fom\/\">(http:\/\/www.osce.org\/fom\/<\/a>)<\/p>\n<p>Konferans ilgilenen t\u00fcm kat\u0131l\u0131mc\u0131lara ve bas\u0131n mensuplar\u0131na a\u00e7\u0131kt\u0131r.<\/p>\n<p>Konu\u015fma dili \u0130ngilizce olacak ve konferans s\u00fcresince sim\u00fcltane \u00e7eviri yap\u0131lacakt\u0131r.<\/p>\n<p>Kat\u0131l\u0131m \u00fccretsizdir.<\/p>\n<p>Ayr\u0131nt\u0131l\u0131 bilgi i\u00e7in: Seda Peker, Tel: (212) 311 52 76 e-mail: speker@bilgi.edu.tr<\/p>\n","protected":false},"excerpt":{"rendered":"<p>MEDYA \u00d6ZG\u00dcRL\u00dc\u011e\u00dc: Konferans ve Tart\u0131\u015fma Konu\u015fmac\u0131: MIKLOS HARASZTI &#8211; AG\u0130T Medya \u00d6zg\u00fcrl\u00fc\u011f\u00fc Temsilcisi Tarih: 13 Ocak 2010, 14:00 &#8211; 17:00 \u0130stanbul Bilgi \u00dcniversitesi, Dolapdere Kamp\u00fcs\u00fc, Mahkeme Salonu \u0130nsan Haklar\u0131 Hukuku Uygulama ve Ara\u015ft\u0131rma Merkezi taraf\u0131ndan d\u00fczenlenecek olan \u201cMedya \u00d6zg\u00fcrl\u00fc\u011f\u00fc\u201d konferans\u0131na, konu\u015fmac\u0131 olarak, Avrupa G\u00fcvenlik ve \u0130\u015fbirli\u011fi Te\u015fkilat\u0131 (AG\u0130T\/The Organization for Security and Co-operation in Europe-OSCE) Medya \u00d6zg\u00fcrl\u00fc\u011f\u00fc Temsilcisi Miklos Haraszti&#8230;<\/p>\n","protected":false},"author":1,"featured_media":0,"comment_status":"open","ping_status":"closed","sticky":false,"template":"","format":"standard","meta":{"jetpack_post_was_ever_published":false,"_jetpack_newsletter_access":"","_jetpack_dont_email_post_to_subs":false,"_jetpack_newsletter_tier_id":0,"_jetpack_memberships_contains_paywalled_content":false,"_jetpack_memberships_contains_paid_content":false,"footnotes":"","jetpack_publicize_message":"","jetpack_publicize_feature_enabled":true,"jetpack_social_post_already_shared":false,"jetpack_social_options":{"image_generator_settings":{"template":"highway","default_image_id":0,"font":"","enabled":false},"version":2}},"categories":[85,74,5,21,116,56,119,3,67],"tags":[],"class_list":["post-774","post","type-post","status-publish","format-standard","hentry","category-agit","category-basin","category-dusunce-ozgurlugu","category-erisim-engelleme","category-konferans","category-medya","category-medya-ozgurlugu","category-sansur","category-turkiye"],"jetpack_publicize_connections":[],"jetpack_featured_media_url":"","jetpack_sharing_enabled":true,"jetpack_shortlink":"https:\/\/wp.me\/p7wjA8-cu","jetpack-related-posts":[],"_links":{"self":[{"href":"https:\/\/privacy.cyber-rights.org.tr\/index.php?rest_route=\/wp\/v2\/posts\/774","targetHints":{"allow":["GET"]}}],"collection":[{"href":"https:\/\/privacy.cyber-rights.org.tr\/index.php?rest_route=\/wp\/v2\/posts"}],"about":[{"href":"https:\/\/privacy.cyber-rights.org.tr\/index.php?rest_route=\/wp\/v2\/types\/post"}],"author":[{"embeddable":true,"href":"https:\/\/privacy.cyber-rights.org.tr\/index.php?rest_route=\/wp\/v2\/users\/1"}],"replies":[{"embeddable":true,"href":"https:\/\/privacy.cyber-rights.org.tr\/index.php?rest_route=%2Fwp%2Fv2%2Fcomments&post=774"}],"version-history":[{"count":3,"href":"https:\/\/privacy.cyber-rights.org.tr\/index.php?rest_route=\/wp\/v2\/posts\/774\/revisions"}],"predecessor-version":[{"id":777,"href":"https:\/\/privacy.cyber-rights.org.tr\/index.php?rest_route=\/wp\/v2\/posts\/774\/revisions\/777"}],"wp:attachment":[{"href":"https:\/\/privacy.cyber-rights.org.tr\/index.php?rest_route=%2Fwp%2Fv2%2Fmedia&parent=774"}],"wp:term":[{"taxonomy":"category","embeddable":true,"href":"https:\/\/privacy.cyber-rights.org.tr\/index.php?rest_route=%2Fwp%2Fv2%2Fcategories&post=774"},{"taxonomy":"post_tag","embeddable":true,"href":"https:\/\/privacy.cyber-rights.org.tr\/index.php?rest_route=%2Fwp%2Fv2%2Ftags&post=774"}],"curies":[{"name":"wp","href":"https:\/\/api.w.org\/{rel}","templated":true}]}}