{"id":790,"date":"2010-01-18T12:08:11","date_gmt":"2010-01-18T09:08:11","guid":{"rendered":"http:\/\/privacy.cyber-rights.org.tr\/?p=790"},"modified":"2010-01-18T12:08:15","modified_gmt":"2010-01-18T09:08:15","slug":"bianet-agitten-haraszti-medyayi-ceza-kanunundan-cikarin-bianet","status":"publish","type":"post","link":"https:\/\/privacy.cyber-rights.org.tr\/?p=790","title":{"rendered":"Bianet: AG\u0130T&#8217;ten Haraszti: Medyay\u0131 Ceza Kanunundan \u00c7\u0131kar\u0131n &#8211; Bianet"},"content":{"rendered":"<p><a href=\"http:\/\/www.bianet.org\/bianet\/ifade-ozgurlugu\/119445-agitten-haraszti-medyayi-ceza-kanunundan-cikarin\">Bianet: AG\u0130T&#8217;ten Haraszti: Medyay\u0131 Ceza Kanunundan \u00c7\u0131kar\u0131n &#8211; Bianet<\/a><\/p>\n<p>AG\u0130T Medya \u00d6zg\u00fcrl\u00fc\u011f\u00fc Temsilcisi Haraszti, &#8216;H\u00fck\u00fcmet, medya \u00f6zg\u00fcrl\u00fc\u011f\u00fcnde tam yasal g\u00fcvence getirmek i\u00e7in medyadan &#8216;olgun olmas\u0131n\u0131&#8217; bekliyor. Medyaya m\u00fctekabiliyet dayat\u0131lamaz&#8217; dedi. Bili\u015fim hukuk\u00e7usu Akdeniz de, &#8216;\u0130nternet Yasas\u0131 ya de\u011fi\u015ftirilmeli ya da y\u00fcr\u00fcrl\u00fckten kalkmal\u0131&#8217; dedi.<\/p>\n<p>Erol \u00d6NDERO\u011eLU &#8211; hukuk@bianet.org<br \/>\n\u0130stanbul &#8211; B\u0130A Haber Merkezi<br \/>\n14 Ocak 2010, Per\u015fembe<\/p>\n<p>\u0130stanbul Bilgi \u00dcniversitesi&#8217;nde d\u00fczenledi\u011fi &#8216;Medya \u00d6zg\u00fcrl\u00fc\u011f\u00fc&#8217; konferans\u0131na kat\u0131lan Avrupa G\u00fcvenlik ve \u0130\u015fbirli\u011fi Te\u015fkilat\u0131 (AG\u0130T) Medya \u00d6zg\u00fcrl\u00fc\u011f\u00fc Temsilcisi Miklos Haraszti, &#8216;Toplumda \u00e7o\u011fulculuk bas\u0131n \u00f6zg\u00fcrl\u00fc\u011f\u00fcn\u00fc g\u00fcvence alt\u0131na al\u0131r&#8217; dedi.<\/p>\n<p>Hukuk Fak\u00fcltesi \u0130nsan Haklar\u0131 Hukuku Uygulama ve Ara\u015ft\u0131rma Merkezi&#8217;nin giri\u015fimiyle ger\u00e7ekle\u015fen Konferans\u0131n kolayla\u015ft\u0131r\u0131c\u0131s\u0131 Bilgi \u00dcniversitesi Hukuk Fak\u00fcltesi \u00f6\u011fretim \u00fcyesi Prof. Dr. Turgut Tarhanl\u0131, AG\u0130T&#8217;in sadece ihlalleri izleyen de\u011fil \u00fclkelerin alt\u0131na imza att\u0131\u011f\u0131 taahh\u00fctler \u0131\u015f\u0131\u011f\u0131nda medya \u00f6zg\u00fcrl\u00fc\u011f\u00fcnde geli\u015ftirici standartlar\u0131n ortaya koymada da etkin bir \u00f6rg\u00fct oldu\u011funu s\u00f6yledi.<\/p>\n<div style=\"text-align:center;\"><img data-recalc-dims=\"1\" loading=\"lazy\" decoding=\"async\" src=\"https:\/\/i0.wp.com\/cyberlaw.org.uk\/wp-content\/uploads\/2010\/01\/490-250.jpg?resize=490%2C250\" alt=\"490-250.jpg\" border=\"0\" width=\"490\" height=\"250\" \/><\/div>\n<p>&#8216;H\u00fck\u00fcmet, i\u00e7erikten elini \u00e7ekmeli, n\u00f6tr kalmal\u0131&#8217;<\/p>\n<p>AG\u0130T&#8217;deki g\u00f6revini alt\u0131 y\u0131ld\u0131r s\u00fcrd\u00fcren ancak martta g\u00f6rev s\u00fcresi dolan Haraszti, &#8216;T\u00fcrkiye, askeri y\u00f6netimlerin etkin oldu\u011fu d\u00f6nemlerle k\u0131yaslanamaz bir noktada ancak tam bir \u00f6zg\u00fcrle\u015fme y\u00f6n\u00fcnde isteksizlik g\u00f6r\u00fcyorum&#8217; dedi. H\u00fck\u00fcmetin Ceza Yasas\u0131&#8217;n\u0131n (TCK) 301. maddesinin bas\u0131n \u00f6zg\u00fcrl\u00fc\u011f\u00fcyle ba\u011fda\u015fmad\u0131\u011f\u0131n\u0131 bildi\u011fi halde siyasi nedenlerle ad\u0131m atmaya yana\u015fmad\u0131\u011f\u0131n\u0131 s\u00f6yledi.<\/p>\n<p>&#8216;\u0130ster Kemalist, ister dini, isterse ulusal bir ba\u011flamda olsun h\u00fck\u00fcmet, ifade \u00f6zg\u00fcrl\u00fc\u011f\u00fcnde i\u00e7erikten elini \u00e7ekmeli. 301. madde i\u015fte bu tarafs\u0131zl\u0131\u011f\u0131 g\u00f6lgeliyor. H\u00fck\u00fcmetlerin, Ceza Yasas\u0131&#8217;ndaki sorunlar Medeni Yasayla \u00e7\u00f6z\u00fclebilecekken, ceza yasas\u0131yla \u00e7\u00f6zmede \u0131srar etmesi yanl\u0131\u015f. Bas\u0131n faaliyetlerini su\u00e7 olarak g\u00f6r\u00fclmesi kabul edilemez.<\/p>\n<p>&#8216;H\u00fck\u00fcmetin &#8216;\u00f6nce medya olgun olsun ondan sonra bas\u0131n \u00f6zg\u00fcrl\u00fc\u011f\u00fcne yasal g\u00fcvence getirelim&#8217; yakla\u015f\u0131m\u0131 yanl\u0131\u015f. Ancak tam \u00f6zg\u00fcr bir medya tam bir sorumluluk \u00fcstlenebilir. Medyaya m\u00fctekabiliyet dayat\u0131lamaz.&#8217;<\/p>\n<p>Taraf gazetesi ve Do\u011fan Grubu&#8217;na y\u00f6nelik uygulamalar\u0131 ele\u015ftiren Haraszti, Bilgi \u00dcniversitesi \u00f6\u011fretim \u00fcyesi Do\u00e7 Dr. Yaman Akdeniz&#8217;in bir AG\u0130T belgesi olarak haz\u0131rlad\u0131\u011f\u0131 &#8216;T\u00fcrkiye&#8217;de \u0130nternet Sans\u00fcr\u00fc Raporu&#8217;ndaki tavsiyelere uygun olarak T\u00fcrkiye&#8217;yi 5651 Say\u0131l\u0131 \u0130nternet Ortam\u0131nda Yap\u0131lan Yay\u0131nlar\u0131n D\u00fczenlenmesi ve Bu Yay\u0131nlar Yoluyla \u0130\u015flenen Su\u00e7larla M\u00fccadele Edilmesi Hakk\u0131nda Kanunda reform yapmaya da \u00e7a\u011f\u0131rd\u0131.<\/p>\n<p>&#8216;K\u00fclt\u00fcrel anlay\u0131\u015f, kar\u015f\u0131l\u0131kl\u0131 olmal\u0131&#8217;<\/p>\n<p>Haraszti, 56 AG\u0130T \u00fclkesinin kendilerine \u00f6zg\u00fc sorunlar\u0131 oldu\u011funa i\u015faret etti; \u0130rlanda&#8217;n\u0131n &#8216;dine sald\u0131r\u0131&#8217;y\u0131 cezaland\u0131ran d\u00fczenlemesinin y\u00fcr\u00fcrl\u00fckten kald\u0131r\u0131lmas\u0131n\u0131 talep ettiklerini aktard\u0131. Benzer \u015fekilde, Pakistan&#8217;\u0131n \u0130slam Kalk\u0131nma \u00d6rg\u00fct\u00fc (\u0130K\u00d6) kanal\u0131yla Birle\u015fmi\u015f Milletler nezdinde bu anlamda yapt\u0131\u011f\u0131 giri\u015fimlerin de \u00e7\u00f6z\u00fcm getiremeyece\u011fini bildirdi: &#8216;D\u00fc\u015f\u00fcncenin cezai ba\u011flama oturtulmas\u0131 d\u0131\u015f\u0131ndaki \u00e7abalara a\u011f\u0131rl\u0131k verilmeli.&#8217;<\/p>\n<p>Danimarka&#8217;daki karikat\u00fcr krizinin, medyan\u0131n k\u00fcreselli\u011fini ve k\u00fclt\u00fcrel alanda farkl\u0131 okur kitlelerinin varl\u0131\u011f\u0131n\u0131 hat\u0131rlatt\u0131\u011f\u0131n\u0131 kaydeden Haraszti, &#8216;Kar\u015f\u0131l\u0131kl\u0131 k\u00fclt\u00fcrel anlay\u0131\u015f ger\u00e7ekten kar\u015f\u0131l\u0131kl\u0131 olmal\u0131. Ancak Danimarka&#8217;daki gazete, M\u00fcsl\u00fcman d\u00fcnyadan gelen tepkileri de dikkate almal\u0131yd\u0131&#8217; \u015feklinde konu\u015ftu.<\/p>\n<p>Akdeniz: \u0130nternet Yasas\u0131 ya de\u011fi\u015ftirilmeli ya kald\u0131r\u0131lmal\u0131<\/p>\n<p>Raporunu \u00f6zetle de\u011ferlendiren Yaman Akdeniz ise, T\u00fcrkiye&#8217;de bir bu\u00e7uk y\u0131ld\u0131r eri\u015fime kapal\u0131 olan youtube sitesinin yetkililerinin, T\u00fcrkiye&#8217;de ofis a\u00e7maya yana\u015fmamalar\u0131n\u0131n bir nedeninin de, &#8216;her g\u00fcn mahkeme ve Telekom\u00fcnikasyon \u0130leti\u015fim Ba\u015fkanl\u0131\u011f\u0131&#8217;n\u0131n gelecek eri\u015fim engeli ve benzeri taleplerle u\u011fra\u015fmak istememeleri&#8217; oldu\u011funu s\u00f6yledi.<\/p>\n<p>T\u0130B&#8217;in 5651 Say\u0131l\u0131 Yasada belirtilen &#8216;katalog su\u00e7lar&#8217; d\u0131\u015f\u0131nda da \u00d6zg\u00fcr G\u00fcndem, Kedit\u00f6r, G\u00fcnl\u00fck gazeteleri ve Richard Dawkins&#8217;e ait siteleri Ter\u00f6rle M\u00fccadele Yasas\u0131 (TMY) ve hakarete dair d\u00fczenlemelere dayanarak eri\u015fime kapatt\u0131\u011f\u0131n\u0131 an\u0131msatan Akdeniz, &#8216;5651 Say\u0131l\u0131 Yasa ya revize edilmeli ya da y\u00fcr\u00fcrl\u00fckten kald\u0131r\u0131lmal\u0131d\u0131r&#8217; dedi. (E\u00d6)<\/p>\n","protected":false},"excerpt":{"rendered":"<p>Bianet: AG\u0130T&#8217;ten Haraszti: Medyay\u0131 Ceza Kanunundan \u00c7\u0131kar\u0131n &#8211; Bianet AG\u0130T Medya \u00d6zg\u00fcrl\u00fc\u011f\u00fc Temsilcisi Haraszti, &#8216;H\u00fck\u00fcmet, medya \u00f6zg\u00fcrl\u00fc\u011f\u00fcnde tam yasal g\u00fcvence getirmek i\u00e7in medyadan &#8216;olgun olmas\u0131n\u0131&#8217; bekliyor. Medyaya m\u00fctekabiliyet dayat\u0131lamaz&#8217; dedi. Bili\u015fim hukuk\u00e7usu Akdeniz de, &#8216;\u0130nternet Yasas\u0131 ya de\u011fi\u015ftirilmeli ya da y\u00fcr\u00fcrl\u00fckten kalkmal\u0131&#8217; dedi. Erol \u00d6NDERO\u011eLU &#8211; hukuk@bianet.org \u0130stanbul &#8211; B\u0130A Haber Merkezi 14 Ocak 2010, Per\u015fembe \u0130stanbul Bilgi \u00dcniversitesi&#8217;nde d\u00fczenledi\u011fi&#8230;<\/p>\n","protected":false},"author":1,"featured_media":0,"comment_status":"open","ping_status":"closed","sticky":false,"template":"","format":"standard","meta":{"jetpack_post_was_ever_published":false,"_jetpack_newsletter_access":"","_jetpack_dont_email_post_to_subs":false,"_jetpack_newsletter_tier_id":0,"_jetpack_memberships_contains_paywalled_content":false,"_jetpack_memberships_contains_paid_content":false,"footnotes":"","jetpack_publicize_message":"","jetpack_publicize_feature_enabled":true,"jetpack_social_post_already_shared":false,"jetpack_social_options":{"image_generator_settings":{"template":"highway","default_image_id":0,"font":"","enabled":false},"version":2}},"categories":[22,62,5,21,119,84,3,17,67,78],"tags":[],"class_list":["post-790","post","type-post","status-publish","format-standard","hentry","category-5651-nolu-kanun","category-article-301","category-dusunce-ozgurlugu","category-erisim-engelleme","category-medya-ozgurlugu","category-ocse","category-sansur","category-tib","category-turkiye","category-yaman-akdeniz"],"jetpack_publicize_connections":[],"jetpack_featured_media_url":"","jetpack_sharing_enabled":true,"jetpack_shortlink":"https:\/\/wp.me\/p7wjA8-cK","jetpack-related-posts":[],"_links":{"self":[{"href":"https:\/\/privacy.cyber-rights.org.tr\/index.php?rest_route=\/wp\/v2\/posts\/790","targetHints":{"allow":["GET"]}}],"collection":[{"href":"https:\/\/privacy.cyber-rights.org.tr\/index.php?rest_route=\/wp\/v2\/posts"}],"about":[{"href":"https:\/\/privacy.cyber-rights.org.tr\/index.php?rest_route=\/wp\/v2\/types\/post"}],"author":[{"embeddable":true,"href":"https:\/\/privacy.cyber-rights.org.tr\/index.php?rest_route=\/wp\/v2\/users\/1"}],"replies":[{"embeddable":true,"href":"https:\/\/privacy.cyber-rights.org.tr\/index.php?rest_route=%2Fwp%2Fv2%2Fcomments&post=790"}],"version-history":[{"count":1,"href":"https:\/\/privacy.cyber-rights.org.tr\/index.php?rest_route=\/wp\/v2\/posts\/790\/revisions"}],"predecessor-version":[{"id":791,"href":"https:\/\/privacy.cyber-rights.org.tr\/index.php?rest_route=\/wp\/v2\/posts\/790\/revisions\/791"}],"wp:attachment":[{"href":"https:\/\/privacy.cyber-rights.org.tr\/index.php?rest_route=%2Fwp%2Fv2%2Fmedia&parent=790"}],"wp:term":[{"taxonomy":"category","embeddable":true,"href":"https:\/\/privacy.cyber-rights.org.tr\/index.php?rest_route=%2Fwp%2Fv2%2Fcategories&post=790"},{"taxonomy":"post_tag","embeddable":true,"href":"https:\/\/privacy.cyber-rights.org.tr\/index.php?rest_route=%2Fwp%2Fv2%2Ftags&post=790"}],"curies":[{"name":"wp","href":"https:\/\/api.w.org\/{rel}","templated":true}]}}