{"id":808,"date":"2010-01-18T17:35:12","date_gmt":"2010-01-18T14:35:12","guid":{"rendered":"http:\/\/privacy.cyber-rights.org.tr\/?p=808"},"modified":"2010-01-18T17:35:17","modified_gmt":"2010-01-18T14:35:17","slug":"milliyet-agitten-turkiyeye-internet-tepkisi","status":"publish","type":"post","link":"https:\/\/privacy.cyber-rights.org.tr\/?p=808","title":{"rendered":"Milliyet: AG\u0130T&#8217;ten T\u00fcrkiye&#8217;ye internet tepkisi"},"content":{"rendered":"<p>Milliyet beni &#8220;Haraszti\u2019nin servisinde \u00e7al\u0131\u015fan uluslararas\u0131 uzman&#8221; yapm\u0131\u015f, servisinde \u00e7al\u0131\u015fm\u0131yorum! Raporu yazd\u0131\u011f\u0131m do\u011frudur \ud83d\ude42<\/p>\n<p><a href=\"http:\/\/www.milliyet.com.tr\/Milliyet.aspx?aType=SonDakika&#038;ArticleID=1187590\">AG\u0130T&#8217;ten T\u00fcrkiye&#8217;ye internet tepkisi &#8211; Milliyet \u0130nternet<\/a>: &#8220;AG\u0130T&#8217;ten T\u00fcrkiye&#8217;ye internet tepkisi<\/p>\n<p>Avrupa G\u00fcvenlik ve \u0130\u015fbirli\u011fi Te\u015fkilat\u0131 (AG\u0130T), T\u00fcrkiye\u2019de internet ortam\u0131nda i\u015flenen su\u00e7larla m\u00fccadeleyi \u00f6ng\u00f6ren yasay\u0131, &#8216;\u00e7ok k\u0131s\u0131tlay\u0131c\u0131 oldu\u011fu&#8217; gerek\u00e7esiyle ele\u015ftirdi.<\/p>\n<p>AG\u0130T bas\u0131n \u00f6zg\u00fcrl\u00fc\u011f\u00fc temsilcisi Miklos Haraszti, yay\u0131mlad\u0131\u011f\u0131 a\u00e7\u0131klamada, 5651 say\u0131l\u0131 \u0130nternet Ortam\u0131nda Yap\u0131lan Yay\u0131nlar\u0131n D\u00fczenlenmesi ve Bu Yay\u0131nlar Yoluyla \u0130\u015flenen Su\u00e7larla M\u00fccadele Edilmesi Hakk\u0131nda Kanun ile ilgili olarak, &#8216;yasan\u0131n mevcut haliyle sadece ifade \u00f6zg\u00fcrl\u00fc\u011f\u00fcn\u00fc de\u011fil, ayn\u0131 zamanda halk\u0131n bilgiye ula\u015fmas\u0131n\u0131 kat\u0131 bi\u00e7imde k\u0131s\u0131tlad\u0131\u011f\u0131n\u0131&#8217; savundu.<\/p>\n<p>Haraszti\u2019nin servisinde \u00e7al\u0131\u015fan uluslararas\u0131 uzman Yaman Akdeniz\u2019in T\u00fcrkiye\u2019de internete eri\u015fimle ilgili haz\u0131rlad\u0131\u011f\u0131 raporda, aralar\u0131nda Youtube, GeoCities ve Google sitelerinin yer ald\u0131\u011f\u0131 3 bin 700 siteye eri\u015fimin engellendi\u011fi kaydedildi.<\/p>\n<p>Raporda, bununla birlikte 5651 say\u0131l\u0131 yasan\u0131n \u00f6rne\u011fin \u00e7ocuk pornosu foto\u011fraflar\u0131 yayan siteler gibi tehlikeli siteleri cezaland\u0131ramad\u0131\u011f\u0131 g\u00f6r\u00fc\u015f\u00fcne de yer verildi.<\/p>\n<p>Haraszti, interneti bloke etmek i\u00e7in ortaya koyulan nedenlerden baz\u0131lar\u0131n\u0131n siyasi ve keyfi oldu\u011funu ve AG\u0130T\u2019in ifade \u00f6zg\u00fcrl\u00fc\u011f\u00fc alan\u0131ndaki taahh\u00fctleriyle uyu\u015fmad\u0131\u011f\u0131n\u0131 savundu.&#8221;<\/p>\n<p>(Via <a href=\"\"><\/a>.)<\/p>\n","protected":false},"excerpt":{"rendered":"<p>Milliyet beni &#8220;Haraszti\u2019nin servisinde \u00e7al\u0131\u015fan uluslararas\u0131 uzman&#8221; yapm\u0131\u015f, servisinde \u00e7al\u0131\u015fm\u0131yorum! Raporu yazd\u0131\u011f\u0131m do\u011frudur \ud83d\ude42 AG\u0130T&#8217;ten T\u00fcrkiye&#8217;ye internet tepkisi &#8211; Milliyet \u0130nternet: &#8220;AG\u0130T&#8217;ten T\u00fcrkiye&#8217;ye internet tepkisi Avrupa G\u00fcvenlik ve \u0130\u015fbirli\u011fi Te\u015fkilat\u0131 (AG\u0130T), T\u00fcrkiye\u2019de internet ortam\u0131nda i\u015flenen su\u00e7larla m\u00fccadeleyi \u00f6ng\u00f6ren yasay\u0131, &#8216;\u00e7ok k\u0131s\u0131tlay\u0131c\u0131 oldu\u011fu&#8217; gerek\u00e7esiyle ele\u015ftirdi. AG\u0130T bas\u0131n \u00f6zg\u00fcrl\u00fc\u011f\u00fc temsilcisi Miklos Haraszti, yay\u0131mlad\u0131\u011f\u0131 a\u00e7\u0131klamada, 5651 say\u0131l\u0131 \u0130nternet Ortam\u0131nda Yap\u0131lan Yay\u0131nlar\u0131n D\u00fczenlenmesi ve&#8230;<\/p>\n","protected":false},"author":1,"featured_media":0,"comment_status":"open","ping_status":"closed","sticky":false,"template":"","format":"standard","meta":{"jetpack_post_was_ever_published":false,"_jetpack_newsletter_access":"","_jetpack_dont_email_post_to_subs":false,"_jetpack_newsletter_tier_id":0,"_jetpack_memberships_contains_paywalled_content":false,"_jetpack_memberships_contains_paid_content":false,"footnotes":"","jetpack_publicize_message":"","jetpack_publicize_feature_enabled":true,"jetpack_social_post_already_shared":false,"jetpack_social_options":{"image_generator_settings":{"template":"highway","default_image_id":0,"font":"","enabled":false},"version":2}},"categories":[22,85,5,21,3,67,78],"tags":[],"class_list":["post-808","post","type-post","status-publish","format-standard","hentry","category-5651-nolu-kanun","category-agit","category-dusunce-ozgurlugu","category-erisim-engelleme","category-sansur","category-turkiye","category-yaman-akdeniz"],"jetpack_publicize_connections":[],"jetpack_featured_media_url":"","jetpack_sharing_enabled":true,"jetpack_shortlink":"https:\/\/wp.me\/p7wjA8-d2","jetpack-related-posts":[],"_links":{"self":[{"href":"https:\/\/privacy.cyber-rights.org.tr\/index.php?rest_route=\/wp\/v2\/posts\/808","targetHints":{"allow":["GET"]}}],"collection":[{"href":"https:\/\/privacy.cyber-rights.org.tr\/index.php?rest_route=\/wp\/v2\/posts"}],"about":[{"href":"https:\/\/privacy.cyber-rights.org.tr\/index.php?rest_route=\/wp\/v2\/types\/post"}],"author":[{"embeddable":true,"href":"https:\/\/privacy.cyber-rights.org.tr\/index.php?rest_route=\/wp\/v2\/users\/1"}],"replies":[{"embeddable":true,"href":"https:\/\/privacy.cyber-rights.org.tr\/index.php?rest_route=%2Fwp%2Fv2%2Fcomments&post=808"}],"version-history":[{"count":1,"href":"https:\/\/privacy.cyber-rights.org.tr\/index.php?rest_route=\/wp\/v2\/posts\/808\/revisions"}],"predecessor-version":[{"id":809,"href":"https:\/\/privacy.cyber-rights.org.tr\/index.php?rest_route=\/wp\/v2\/posts\/808\/revisions\/809"}],"wp:attachment":[{"href":"https:\/\/privacy.cyber-rights.org.tr\/index.php?rest_route=%2Fwp%2Fv2%2Fmedia&parent=808"}],"wp:term":[{"taxonomy":"category","embeddable":true,"href":"https:\/\/privacy.cyber-rights.org.tr\/index.php?rest_route=%2Fwp%2Fv2%2Fcategories&post=808"},{"taxonomy":"post_tag","embeddable":true,"href":"https:\/\/privacy.cyber-rights.org.tr\/index.php?rest_route=%2Fwp%2Fv2%2Ftags&post=808"}],"curies":[{"name":"wp","href":"https:\/\/api.w.org\/{rel}","templated":true}]}}