{"id":812,"date":"2010-01-18T17:55:25","date_gmt":"2010-01-18T14:55:25","guid":{"rendered":"http:\/\/privacy.cyber-rights.org.tr\/?p=812"},"modified":"2010-01-18T17:55:29","modified_gmt":"2010-01-18T14:55:29","slug":"turkiye%e2%80%99de-3-bin-700-internet-sitesi-engellendi-anf","status":"publish","type":"post","link":"https:\/\/privacy.cyber-rights.org.tr\/?p=812","title":{"rendered":"T\u00fcrkiye\u2019de 3 bin 700 internet sitesi engellendi | ANF"},"content":{"rendered":"<p><a href=\"http:\/\/www.firatnews.com\/index.php?rupel=nuce&#038;nuceID=20312\">T\u00fcrkiye\u2019de 3 bin 700 internet sitesi engellendi | ANF<\/a><\/p>\n<p>15:43 \/ 18 Ocak 2010<\/p>\n<p>V\u0130YANA &#8211; Avrupa G\u00fcvenlik ve \u0130\u015fbirli\u011fi Te\u015fkilat\u0131 (AG\u0130T), T\u00fcrkiye\u2019nin aralar\u0131nda 3 bin 700 internet sitesinin \u2018keyfi ve siyasi\u2019 nedenlerle engelledi\u011fini a\u00e7\u0131klad\u0131.<\/p>\n<p>AG\u0130T, T\u00fcrkiye\u2019de medya \u00f6zg\u00fcrl\u00fc\u011f\u00fc ve internette uygulanan sans\u00fcr\u00fc konu alan \u2018T\u00fcrkiye\u2019de medya \u00f6zg\u00fcrl\u00fc\u011f\u00fc ve internet sans\u00fcr\u00fc\u2019 adl\u0131 raporu yay\u0131nland\u0131. Rapora ili\u015fkin Avusturya\u2019n\u0131n ba\u015fkenti Viyana\u2019da bas\u0131n toplant\u0131s\u0131 d\u00fczenleyen AG\u0130T\u2019in medya \u00f6zg\u00fcrl\u00fc\u011f\u00fc izleme ba\u015fkan\u0131 Milos Haraszti, T\u00fcrkiye\u2019nin internet yasas\u0131n\u0131n ifade \u00f6zg\u00fcrl\u00fc\u011f\u00fcn\u00fc korumada ba\u015far\u0131s\u0131z oldu\u011funu belirterek, yasan\u0131n reform edilmesi veya kald\u0131r\u0131lmas\u0131 gerekti\u011fini s\u00f6yledi.<\/p>\n<p>Haraszti, \u2018mevcut haliyle, T\u00fcrkiye\u2019nin \u0130nternet yasas\u0131 olarak bilinen, 5651 say\u0131l\u0131 yasa, sadece ifade \u00f6zg\u00fcrl\u00fc\u011f\u00fcn\u00fc s\u0131n\u0131rlam\u0131yor, keyfi \u015fekilde vatanda\u015flar\u0131n bilgi edinmesini de engelliyor\u2019 dedi.<\/p>\n<p>Haraszti, Ankara\u2019n\u0131n internet yasas\u0131n\u0131n \u00e7ok geni\u015f ve siyasal \u00e7\u0131karlara konu oldu\u011fundan \u00f6t\u00fcr\u00fc, AB\u2019ye \u00fcye aday \u00fclke T\u00fcrkiye\u2019nin, aralar\u0131nda Youtube, Geocities ve Google\u2019un baz\u0131 sayfalar\u0131n\u0131n da bulundu\u011fu 3 bin 700 internet sitesini siyasal gerek\u00e7elerle engelledi\u011fi s\u00f6yledi.<\/p>\n<p>T\u00fcrkiye\u2019de internet sitelerine ula\u015f\u0131m\u0131n\u0131n tamamen engellenmesinin bir\u00e7ok modern sosyal payla\u015f\u0131m a\u011flar\u0131n\u0131 fel\u00e7 etti\u011fini ifade eden Haraszti, \u2018Resmi nedenlerle baz\u0131 internet sitelerinin yasaklanmas\u0131 keyfi ve siyasidir, AG\u0130T\u2019in ifade \u00f6zg\u00fcrl\u00fc\u011f\u00fc taahh\u00fctlerine ayk\u0131r\u0131d\u0131r\u2019 dedi.<\/p>\n<p>T\u00fcrk hukukunun ifade \u00f6zg\u00fcrl\u00fc\u011f\u00fcn\u00fc korumada ba\u015far\u0131s\u0131z oldu\u011funa da dikkat \u00e7eken Haraszti, baz\u0131 ceza kanunu maddelerinin, cezaevine girme riskiyle kar\u015f\u0131 kar\u015f\u0131ya kalmalar\u0131na neden olan gazetecilere y\u00f6nelik uyguland\u0131\u011f\u0131na dikkat \u00e7ekti.<\/p>\n<p>Haraszti, \u2018Bundan dolay\u0131 internet yasas\u0131nda \u2018reform veya kald\u0131rma\u2019 temel \u00f6nerimizdir\u2026 T\u00fcrk yetkililerin, T\u00fcrk vatanda\u015flar\u0131n\u0131n g\u00fcn\u00fcm\u00fczdeki k\u00fcresel bilgi toplumunun bir par\u00e7as\u0131 olmas\u0131n\u0131 \u00f6nleyen engelleri yak\u0131n zamanda kald\u0131rmalar\u0131n\u0131 umuyorum\u2019 a\u00e7\u0131klamas\u0131na bulundu.<\/p>\n<p>ANF NEWS AGENCY<\/p>\n","protected":false},"excerpt":{"rendered":"<p>T\u00fcrkiye\u2019de 3 bin 700 internet sitesi engellendi | ANF 15:43 \/ 18 Ocak 2010 V\u0130YANA &#8211; Avrupa G\u00fcvenlik ve \u0130\u015fbirli\u011fi Te\u015fkilat\u0131 (AG\u0130T), T\u00fcrkiye\u2019nin aralar\u0131nda 3 bin 700 internet sitesinin \u2018keyfi ve siyasi\u2019 nedenlerle engelledi\u011fini a\u00e7\u0131klad\u0131. AG\u0130T, T\u00fcrkiye\u2019de medya \u00f6zg\u00fcrl\u00fc\u011f\u00fc ve internette uygulanan sans\u00fcr\u00fc konu alan \u2018T\u00fcrkiye\u2019de medya \u00f6zg\u00fcrl\u00fc\u011f\u00fc ve internet sans\u00fcr\u00fc\u2019 adl\u0131 raporu yay\u0131nland\u0131. Rapora ili\u015fkin Avusturya\u2019n\u0131n ba\u015fkenti Viyana\u2019da bas\u0131n&#8230;<\/p>\n","protected":false},"author":1,"featured_media":0,"comment_status":"open","ping_status":"closed","sticky":false,"template":"","format":"standard","meta":{"jetpack_post_was_ever_published":false,"_jetpack_newsletter_access":"","_jetpack_dont_email_post_to_subs":false,"_jetpack_newsletter_tier_id":0,"_jetpack_memberships_contains_paywalled_content":false,"_jetpack_memberships_contains_paid_content":false,"footnotes":"","jetpack_publicize_message":"","jetpack_publicize_feature_enabled":true,"jetpack_social_post_already_shared":false,"jetpack_social_options":{"image_generator_settings":{"template":"highway","default_image_id":0,"font":"","enabled":false},"version":2}},"categories":[22,85,5,21,3,67],"tags":[],"class_list":["post-812","post","type-post","status-publish","format-standard","hentry","category-5651-nolu-kanun","category-agit","category-dusunce-ozgurlugu","category-erisim-engelleme","category-sansur","category-turkiye"],"jetpack_publicize_connections":[],"jetpack_featured_media_url":"","jetpack_sharing_enabled":true,"jetpack_shortlink":"https:\/\/wp.me\/p7wjA8-d6","jetpack-related-posts":[],"_links":{"self":[{"href":"https:\/\/privacy.cyber-rights.org.tr\/index.php?rest_route=\/wp\/v2\/posts\/812","targetHints":{"allow":["GET"]}}],"collection":[{"href":"https:\/\/privacy.cyber-rights.org.tr\/index.php?rest_route=\/wp\/v2\/posts"}],"about":[{"href":"https:\/\/privacy.cyber-rights.org.tr\/index.php?rest_route=\/wp\/v2\/types\/post"}],"author":[{"embeddable":true,"href":"https:\/\/privacy.cyber-rights.org.tr\/index.php?rest_route=\/wp\/v2\/users\/1"}],"replies":[{"embeddable":true,"href":"https:\/\/privacy.cyber-rights.org.tr\/index.php?rest_route=%2Fwp%2Fv2%2Fcomments&post=812"}],"version-history":[{"count":1,"href":"https:\/\/privacy.cyber-rights.org.tr\/index.php?rest_route=\/wp\/v2\/posts\/812\/revisions"}],"predecessor-version":[{"id":813,"href":"https:\/\/privacy.cyber-rights.org.tr\/index.php?rest_route=\/wp\/v2\/posts\/812\/revisions\/813"}],"wp:attachment":[{"href":"https:\/\/privacy.cyber-rights.org.tr\/index.php?rest_route=%2Fwp%2Fv2%2Fmedia&parent=812"}],"wp:term":[{"taxonomy":"category","embeddable":true,"href":"https:\/\/privacy.cyber-rights.org.tr\/index.php?rest_route=%2Fwp%2Fv2%2Fcategories&post=812"},{"taxonomy":"post_tag","embeddable":true,"href":"https:\/\/privacy.cyber-rights.org.tr\/index.php?rest_route=%2Fwp%2Fv2%2Ftags&post=812"}],"curies":[{"name":"wp","href":"https:\/\/api.w.org\/{rel}","templated":true}]}}