{"id":826,"date":"2010-01-20T18:02:06","date_gmt":"2010-01-20T15:02:06","guid":{"rendered":"http:\/\/privacy.cyber-rights.org.tr\/?p=826"},"modified":"2010-01-20T18:02:09","modified_gmt":"2010-01-20T15:02:09","slug":"turkiye-cok-agir-elestiri-milliyet-com-tr","status":"publish","type":"post","link":"https:\/\/privacy.cyber-rights.org.tr\/?p=826","title":{"rendered":"T\u00fcrkiye \u00e7ok a\u011f\u0131r ele\u015ftiri &#8211; Milliyet.com.tr"},"content":{"rendered":"<p><a href=\"http:\/\/www.milliyet.com.tr\/turkiye-cok-agir-elestiri\/ekonomi\/sondakika\/20.01.2010\/1188508\/default.htm\">T\u00fcrkiye \u00e7ok a\u011f\u0131r ele\u015ftiri &#8211; Milliyet.com.tr<\/a><\/p>\n<p>g\u00fcncellenme zaman\u0131 15.48 | 20.1.2010<br \/>\nT\u00fcrkiye \u00e7ok a\u011f\u0131r ele\u015ftiri<\/p>\n<p>AB&#8217;nin \u00f6nde gelen isminden, T\u00fcrkiye&#8217;deki internet yasaklar\u0131 hakk\u0131nda \u00e7ok a\u011f\u0131r ele\u015ftiriler geldi<\/p>\n<p>Avrupa G\u00fcvenlik ve \u0130\u015fbirli\u011fi Te\u015fkilat\u0131&#8217;n\u0131n (AG\u0130T) bas\u0131n \u00f6zg\u00fcrl\u00fc\u011f\u00fcnden sorumlu temsilcisi Miklos Haraszti, T\u00fcrkiye&#8217;de internet yasas\u0131n\u0131n ifade \u00f6zg\u00fcrl\u00fc\u011f\u00fc alan\u0131ndaki uluslararas\u0131 standartlar ve AG\u0130T&#8217;e verilen taahh\u00fctler \u00e7er\u00e7evesinde de\u011fi\u015ftirilmesi i\u00e7in \u00e7a\u011fr\u0131da bulundu.<\/p>\n<p>Haraszti, AG\u0130T taraf\u0131ndan yasalarla internette eri\u015fimin engellenmesi konusunda haz\u0131rlat\u0131lan bir rapora at\u0131fta bulunarak, &#8216;T\u00fcrkiye&#8217;de \u0130nternet yasas\u0131 olarak da bilinen 5651 say\u0131l\u0131 yasa, y\u00fcr\u00fcrl\u00fckteki haliyle ifade \u00f6zg\u00fcrl\u00fc\u011f\u00fcn\u00fc s\u0131n\u0131rlamakla kalmay\u0131p, vatanda\u015flar\u0131n bilgiye eri\u015fim hakk\u0131n\u0131 da k\u0131s\u0131tlamaktad\u0131r&#8217; dedi.<br \/>\nSanal haklar konusunda uluslararas\u0131 d\u00fczeyde tan\u0131nan bir uzman olan Yaman Akdeniz taraf\u0131ndan haz\u0131rlanan rapor 5651 say\u0131l\u0131 yasan\u0131n hukuki de\u011ferlendirmesini ve tavsiyeleri i\u00e7eriyor.<\/p>\n<p>Haraszti yapt\u0131\u011f\u0131 a\u00e7\u0131klamada, &#8216;\u015eu an itibariyle T\u00fcrkiye&#8217;de&#8230; YouTube, GeoCities ve Google siteleri de dahil olmak \u00fczere 3,700 \u0130nternet sitesine eri\u015fim engellenmi\u015ftir&#8230;. \u00c7ocuk pornografisi gibi &#8216;k\u00f6t\u00fc&#8217; kabul edilen baz\u0131 i\u00e7eriklere kar\u015f\u0131 yapt\u0131r\u0131m gerekiyorsa da, yasa bunu ger\u00e7ekle\u015ftirmekten uzakt\u0131r. Bunun yerine T\u00fcrkiye&#8217;den sitelere giri\u015fe t\u00fcm\u00fcyle yasak getirilerek bir\u00e7ok payla\u015f\u0131m sitesi veya sosyal a\u011fa eri\u015fim fel\u00e7 edilmektedir&#8217; dedi.<\/p>\n<p>&#8216;Sonu\u00e7lar kullan\u0131lan y\u00f6ntemi me\u015fru k\u0131lmamaktad\u0131r &#8230; Sitelere T\u00fcrkiye i\u00e7inden eri\u015fimi engellemek, kamunun \u0130nternetin b\u00fct\u00fcn\u00fcne ula\u015fma hakk\u0131n\u0131 zedelemektedir. Buna ek olarak sitelere eri\u015fimin engellenmesi kararlar\u0131n\u0131n baz\u0131lar\u0131, siyasi ve keyfi olmalar\u0131 nedeniyle AG\u0130T&#8217;in ifade \u00f6zg\u00fcrl\u00fc\u011f\u00fc taahh\u00fctlerine ayk\u0131r\u0131d\u0131r.&#8217;<\/p>\n<p>Yasan\u0131n de\u011fi\u015ftirilmesi veya y\u00fcr\u00fcrl\u00fckten kald\u0131r\u0131lmas\u0131 \u00e7a\u011fr\u0131s\u0131nda bulunan Haraszti &#8216;T\u00fcrk yetkililerin yak\u0131nda T\u00fcrk vatanda\u015flar\u0131n\u0131n g\u00fcncel k\u00fcresel bilgi toplumunun par\u00e7as\u0131 olmas\u0131n\u0131 engelleyen h\u00fck\u00fcmleri yak\u0131nda kald\u0131racaklar\u0131n\u0131 \u00fcmit ediyoruz&#8217; dedi.<\/p>\n<p>Harastzi, medya \u00e7al\u0131\u015fanlar\u0131na kar\u015f\u0131 uygulamalara da de\u011finerek, &#8216;&#8230;T\u00fcrk mevzuat\u0131n\u0131n h\u00e2l\u00e2 ifade \u00f6zg\u00fcrl\u00fc\u011f\u00fcn\u00fc koruyan nitelikte olmad\u0131\u011f\u0131na da dikkat \u00e7ekmek isterim. Medya \u00e7al\u0131\u015fanlar\u0131na kar\u015f\u0131 baz\u0131 ceza yasas\u0131 maddelerinin kullan\u0131lmas\u0131, gazetecilerin g\u00f6revlerini yapamamalar\u0131 tehlikesini do\u011furmaktad\u0131r&#8217; dedi. (Reuters)<\/p>\n","protected":false},"excerpt":{"rendered":"<p>T\u00fcrkiye \u00e7ok a\u011f\u0131r ele\u015ftiri &#8211; Milliyet.com.tr g\u00fcncellenme zaman\u0131 15.48 | 20.1.2010 T\u00fcrkiye \u00e7ok a\u011f\u0131r ele\u015ftiri AB&#8217;nin \u00f6nde gelen isminden, T\u00fcrkiye&#8217;deki internet yasaklar\u0131 hakk\u0131nda \u00e7ok a\u011f\u0131r ele\u015ftiriler geldi Avrupa G\u00fcvenlik ve \u0130\u015fbirli\u011fi Te\u015fkilat\u0131&#8217;n\u0131n (AG\u0130T) bas\u0131n \u00f6zg\u00fcrl\u00fc\u011f\u00fcnden sorumlu temsilcisi Miklos Haraszti, T\u00fcrkiye&#8217;de internet yasas\u0131n\u0131n ifade \u00f6zg\u00fcrl\u00fc\u011f\u00fc alan\u0131ndaki uluslararas\u0131 standartlar ve AG\u0130T&#8217;e verilen taahh\u00fctler \u00e7er\u00e7evesinde de\u011fi\u015ftirilmesi i\u00e7in \u00e7a\u011fr\u0131da bulundu. Haraszti, AG\u0130T taraf\u0131ndan yasalarla&#8230;<\/p>\n","protected":false},"author":1,"featured_media":0,"comment_status":"open","ping_status":"closed","sticky":false,"template":"","format":"standard","meta":{"jetpack_post_was_ever_published":false,"_jetpack_newsletter_access":"","_jetpack_dont_email_post_to_subs":false,"_jetpack_newsletter_tier_id":0,"_jetpack_memberships_contains_paywalled_content":false,"_jetpack_memberships_contains_paid_content":false,"footnotes":"","jetpack_publicize_message":"","jetpack_publicize_feature_enabled":true,"jetpack_social_post_already_shared":false,"jetpack_social_options":{"image_generator_settings":{"template":"highway","default_image_id":0,"font":"","enabled":false},"version":2}},"categories":[22,85,5,21,119,67,78],"tags":[],"class_list":["post-826","post","type-post","status-publish","format-standard","hentry","category-5651-nolu-kanun","category-agit","category-dusunce-ozgurlugu","category-erisim-engelleme","category-medya-ozgurlugu","category-turkiye","category-yaman-akdeniz"],"jetpack_publicize_connections":[],"jetpack_featured_media_url":"","jetpack_sharing_enabled":true,"jetpack_shortlink":"https:\/\/wp.me\/p7wjA8-dk","jetpack-related-posts":[],"_links":{"self":[{"href":"https:\/\/privacy.cyber-rights.org.tr\/index.php?rest_route=\/wp\/v2\/posts\/826","targetHints":{"allow":["GET"]}}],"collection":[{"href":"https:\/\/privacy.cyber-rights.org.tr\/index.php?rest_route=\/wp\/v2\/posts"}],"about":[{"href":"https:\/\/privacy.cyber-rights.org.tr\/index.php?rest_route=\/wp\/v2\/types\/post"}],"author":[{"embeddable":true,"href":"https:\/\/privacy.cyber-rights.org.tr\/index.php?rest_route=\/wp\/v2\/users\/1"}],"replies":[{"embeddable":true,"href":"https:\/\/privacy.cyber-rights.org.tr\/index.php?rest_route=%2Fwp%2Fv2%2Fcomments&post=826"}],"version-history":[{"count":1,"href":"https:\/\/privacy.cyber-rights.org.tr\/index.php?rest_route=\/wp\/v2\/posts\/826\/revisions"}],"predecessor-version":[{"id":827,"href":"https:\/\/privacy.cyber-rights.org.tr\/index.php?rest_route=\/wp\/v2\/posts\/826\/revisions\/827"}],"wp:attachment":[{"href":"https:\/\/privacy.cyber-rights.org.tr\/index.php?rest_route=%2Fwp%2Fv2%2Fmedia&parent=826"}],"wp:term":[{"taxonomy":"category","embeddable":true,"href":"https:\/\/privacy.cyber-rights.org.tr\/index.php?rest_route=%2Fwp%2Fv2%2Fcategories&post=826"},{"taxonomy":"post_tag","embeddable":true,"href":"https:\/\/privacy.cyber-rights.org.tr\/index.php?rest_route=%2Fwp%2Fv2%2Ftags&post=826"}],"curies":[{"name":"wp","href":"https:\/\/api.w.org\/{rel}","templated":true}]}}