{"id":842,"date":"2010-01-24T14:50:34","date_gmt":"2010-01-24T11:50:34","guid":{"rendered":"http:\/\/privacy.cyber-rights.org.tr\/?p=842"},"modified":"2010-01-24T14:50:40","modified_gmt":"2010-01-24T11:50:40","slug":"semih-idiz-akp%e2%80%99nin-basin-ozgurlugu-ayibi-buyuyor-milliyet","status":"publish","type":"post","link":"https:\/\/privacy.cyber-rights.org.tr\/?p=842","title":{"rendered":"Semih \u0130diz: AKP\u2019nin bas\u0131n \u00f6zg\u00fcrl\u00fc\u011f\u00fc ay\u0131b\u0131 b\u00fcy\u00fcyor (Milliyet)"},"content":{"rendered":"<p><a href=\"http:\/\/www.milliyet.com.tr\/Yazar.aspx?aType=YazarDetay&#038;KategoriID=4&#038;ArticleID=1189600&#038;PAGE=1\">Semih \u0130diz &#8211; AKP\u2019nin bas\u0131n \u00f6zg\u00fcrl\u00fc\u011f\u00fc ay\u0131b\u0131 b\u00fcy\u00fcyor &#8211; Milliyet.com.tr<\/a><\/p>\n<p>23 Ocak Cumartesi 2010<\/p>\n<p>Son d\u00f6nemde y\u0131ld\u0131zlar\u0131 parlayan yeni nesil gazeteciler aras\u0131nda Milliyet\u2019ten Nedim \u015eener ve Taraf\u2019tan Mehmet Baransu da var. Yazd\u0131klar\u0131 haberler fena halde \u2018z\u00fclf\u00fcy\u00e2re dokunuyor.\u2019 \u0130yi de oluyor. \u00c7\u00fcnk\u00fc ortaya \u00e7\u0131kard\u0131klar\u0131 ger\u00e7ekler, s\u00f6zde \u2018devlet akl\u0131\u2019 ile hareket eden baz\u0131 beyinlerin akla, mant\u0131\u011fa ve toplumsal geli\u015fmeye kar\u015f\u0131 direncini de sergiliyor.<\/p>\n<p>Bas\u0131n \u00f6zg\u00fcrl\u00fc\u011f\u00fcn\u00fcn hayati \u00f6nemi de b\u00f6ylece g\u00f6r\u00fcl\u00fcyor. Ba\u015fbakan Erdo\u011fan da, Baransu\u2019nun \u2018balyoz\u2019 etkisi yaratan son haberinden dolay\u0131 herhalde \u00e7ok memnundur. Fakat bu Erdo\u011fan\u2019\u0131n \u2018bas\u0131n \u00f6zg\u00fcrl\u00fc\u011f\u00fc\u2019ne inand\u0131\u011f\u0131 anlam\u0131na gelmez.<\/p>\n<p>Aksine, Erdo\u011fan\u2019\u0131n ba\u015f\u0131ndan beri, ucu kendisine veya partisine dokunan ele\u015ftirilere tahamm\u00fcl\u00fc yok. Karikat\u00fcristleri dava etmesi, gazetelerin boykot edilmesi i\u00e7in yapt\u0131\u011f\u0131 \u00e7a\u011fr\u0131lar ve Ba\u015fbakanl\u0131k\u2019ta oynanan akreditasyon oyunlar\u0131 bunu yeterince ortaya koydu.<\/p>\n<p>Erdo\u011fan\u2019\u0131n, \u2018Deniz Feneri skandal\u0131\u2019 \u00e7er\u00e7evesinde \u00f6zg\u00fcr bas\u0131na kar\u015f\u0131 kulland\u0131\u011f\u0131 sert s\u00f6ylem, ayr\u0131ca ho\u015funa gitmeyen haberleri yazan grubumuza kar\u015f\u0131 kullan\u0131lan vergi silah\u0131 da zaten uluslararas\u0131 raporlar\u0131n sabit maddeleri aras\u0131nda yer al\u0131yor art\u0131k.<\/p>\n<p>Bu arada, \u2018S\u0131n\u0131r Tan\u0131mayan Gazeteciler\u2019\u2019 adl\u0131 kurulu\u015fun haz\u0131rlad\u0131\u011f\u0131 \u20182009 Bas\u0131n \u00d6zg\u00fcrl\u00fc\u011f\u00fc Endeksi\u2019ne g\u00f6re T\u00fcrkiye 175 \u00fclke aras\u0131nda 122nci konumda bulunuyor. Bu da, a\u00e7\u0131k\u00e7as\u0131, \u2018T\u00fcrkiye\u2019de bas\u0131n \u00f6zg\u00fcrl\u00fc\u011f\u00fc yok\u2019 demektir.<\/p>\n<p>H\u00fck\u00fcmet bunu elbette ki \u015fiddetle reddediyor. Fakat bas\u0131n \u00f6zg\u00fcrl\u00fc\u011f\u00fc, herhangi bir devletin veya h\u00fck\u00fcmetin keyfi \u00f6znel kriterlerine g\u00f6re de\u011fil, nesnel kriterlere g\u00f6re \u00f6l\u00e7\u00fcl\u00fcyor. \u00d6l\u00e7\u00fcmlerin ba\u015flad\u0131\u011f\u0131 tarihten bu yana T\u00fcrkiye\u2019nin bu a\u00e7\u0131dan hep s\u0131n\u0131fta kalm\u0131\u015f olmas\u0131 ise hazindir.<\/p>\n<p>\u00d6te yandan, pembe g\u00f6zl\u00fcklerden bak\u0131p \u2018durumun giderek d\u00fczeldi\u011fine\u2019 inanan varsa, bizce r\u00fcya g\u00f6r\u00fcyor. Bir\u00e7ok ki\u015fi fark\u0131nda olmayabilir ama durum asl\u0131nda daha da k\u00f6t\u00fcle\u015fiyor.<\/p>\n<p>Bunun en bariz g\u00f6stergesi ise art\u0131k internete kar\u015f\u0131 da uygulanan sans\u00fcr politikas\u0131d\u0131r.<\/p>\n<p>T\u00fcrkiye\u2019nin \u00fcyesi bulundu\u011fu AG\u0130T \u00e7er\u00e7evesinde, internet \u00f6zg\u00fcrl\u00fc\u011f\u00fc konusunda a\u00e7\u0131klanan son rakamlar da buradaki ger\u00e7e\u011fi g\u00f6zler \u00f6n\u00fcne seriyor. \u00d6rg\u00fct ad\u0131na \u00fcye \u00fclkelerdeki bas\u0131n \u00f6zg\u00fcrl\u00fc\u011f\u00fcn\u00fc denetleyen Milos Haraszti\u2019ye g\u00f6re, T\u00fcrkiye\u2019de \u015fimdiye kadar tam 3700 internet sitesi yasaklanm\u0131\u015f bulunuyor.<\/p>\n<p>Haraszti, konuyla ilgili olarak ge\u00e7ti\u011fimiz g\u00fcnlerde yapt\u0131\u011f\u0131 a\u00e7\u0131klamada, aralar\u0131nda \u2018YouTube\u2019 ve \u2018Geocities\u2019 gibi \u00fcnl\u00fc isimlerin de bulundu\u011fu bu sitelerin baz\u0131lar\u0131n\u0131n \u2018keyfi siyasi gerek\u00e7elerle yasakland\u0131\u011f\u0131n\u0131\u2019 belirtti.<\/p>\n<p>Bu sans\u00fcrc\u00fc zihniyetin insanlar\u0131 bilgi edinme haklar\u0131ndan mahrum etti\u011fini s\u00f6yleyen Haraszti, bu durumu d\u00fczeltmesi i\u00e7in h\u00fck\u00fcmete \u00e7a\u011fr\u0131da bulundu. H\u00fck\u00fcmetin su\u00e7u savc\u0131lara y\u00fckleme \u00e7abalar\u0131n\u0131n \u00f6n\u00fcn\u00fc de b\u00f6yle kesmi\u015f oldu, \u00e7\u00fcnk\u00fc buradaki sorumluluk ger\u00e7ekten de h\u00fck\u00fcmete ait.<\/p>\n<p>Sonu\u00e7ta bas\u0131n \u00f6zg\u00fcrl\u00fc\u011f\u00fcn\u00fc her y\u00f6n\u00fcyle teminat alt\u0131na alan d\u00fczenlemeleri haz\u0131rlayacak olan h\u00fck\u00fcmettir. Fakat AKP iktidar\u0131n\u0131n bu a\u00e7\u0131dan \u00e7ok da hevesli oldu\u011fu s\u00f6ylenemez. Bu arada, \u2018Her \u00f6n\u00fcne gelene T\u00fcrkiye\u2019ye internetten hakaret etme hakk\u0131n\u0131 m\u0131 tan\u0131yaca\u011f\u0131z\u2019 anlay\u0131\u015f\u0131 h\u00fck\u00fcmette de var.<\/p>\n<p>Ancak bu zihniyet, bir \u00e7ocu\u011fun g\u00f6zlerini elleriyle kapayarak etraf\u0131na \u2018Beni g\u00f6remiyorsunuz\u2019 demesi kadar sa\u00e7ma. Sonu\u00e7ta yasaklanan \u015feyleri T\u00fcrkler d\u0131\u015f\u0131nda b\u00fct\u00fcn d\u00fcnya g\u00f6r\u00fcyor. Asl\u0131nda bunlar\u0131 T\u00fcrkiye\u2019de \u2018proxy\u2019 kullanan herkes de g\u00f6rebiliyor. \u0130\u015fi trajikomik k\u0131lan da zaten bu.<\/p>\n<p>Ba\u015fbakan Erdo\u011fan da ayn\u0131 y\u00f6ntemi kullanarak YouTube\u2019a giriyor. Bunu dolayl\u0131 olarak kendisi itiraf etti. Sans\u00fcrc\u00fc zihniyete son verdirebilecek konumdayken, YouTube yasa\u011f\u0131n\u0131 soran gazetecilerle de \u2018Ben giriyorum, siz niye giremiyorsunuz?\u2019 diye alay etmeyi tercih etti.<\/p>\n<p>\u00d6zetle, burada Aziz Nesin\u2019lik bir \u2018kara mizah\u2019 \u00f6rne\u011fi de\u011fil, Franz Kafka\u2019y\u0131 aratmayan i\u00e7 karart\u0131c\u0131 ve samimiyetten uzak bir yakla\u015f\u0131m s\u00f6z konusu. H\u00fck\u00fcmet de bunun devam etmesinden fazlas\u0131yla memnun g\u00f6r\u00fcn\u00fcyor.<\/p>\n<p>Bu arada Ba\u015fbakan Erdo\u011fan da, \u2018Yedi y\u0131l \u00f6ncesine g\u00f6re daha \u00f6zg\u00fcr\u00fcz\u2019 derken, ya i\u00e7ine d\u00fc\u015ft\u00fc\u011f\u00fc \u00e7eli\u015fkiyi g\u00f6remiyor ya da g\u00f6r\u00fcyor ama bundan herhangi bir rahats\u0131zl\u0131k duymuyor.<\/p>\n","protected":false},"excerpt":{"rendered":"<p>Semih \u0130diz &#8211; AKP\u2019nin bas\u0131n \u00f6zg\u00fcrl\u00fc\u011f\u00fc ay\u0131b\u0131 b\u00fcy\u00fcyor &#8211; Milliyet.com.tr 23 Ocak Cumartesi 2010 Son d\u00f6nemde y\u0131ld\u0131zlar\u0131 parlayan yeni nesil gazeteciler aras\u0131nda Milliyet\u2019ten Nedim \u015eener ve Taraf\u2019tan Mehmet Baransu da var. Yazd\u0131klar\u0131 haberler fena halde \u2018z\u00fclf\u00fcy\u00e2re dokunuyor.\u2019 \u0130yi de oluyor. \u00c7\u00fcnk\u00fc ortaya \u00e7\u0131kard\u0131klar\u0131 ger\u00e7ekler, s\u00f6zde \u2018devlet akl\u0131\u2019 ile hareket eden baz\u0131 beyinlerin akla, mant\u0131\u011fa ve toplumsal geli\u015fmeye kar\u015f\u0131 direncini de&#8230;<\/p>\n","protected":false},"author":1,"featured_media":0,"comment_status":"open","ping_status":"closed","sticky":false,"template":"","format":"standard","meta":{"jetpack_post_was_ever_published":false,"_jetpack_newsletter_access":"","_jetpack_dont_email_post_to_subs":false,"_jetpack_newsletter_tier_id":0,"_jetpack_memberships_contains_paywalled_content":false,"_jetpack_memberships_contains_paid_content":false,"footnotes":"","jetpack_publicize_message":"","jetpack_publicize_feature_enabled":true,"jetpack_social_post_already_shared":false,"jetpack_social_options":{"image_generator_settings":{"template":"highway","default_image_id":0,"font":"","enabled":false},"version":2}},"categories":[22,85,5,21,119,3,67,4],"tags":[],"class_list":["post-842","post","type-post","status-publish","format-standard","hentry","category-5651-nolu-kanun","category-agit","category-dusunce-ozgurlugu","category-erisim-engelleme","category-medya-ozgurlugu","category-sansur","category-turkiye","category-youtube"],"jetpack_publicize_connections":[],"jetpack_featured_media_url":"","jetpack_sharing_enabled":true,"jetpack_shortlink":"https:\/\/wp.me\/p7wjA8-dA","jetpack-related-posts":[],"_links":{"self":[{"href":"https:\/\/privacy.cyber-rights.org.tr\/index.php?rest_route=\/wp\/v2\/posts\/842","targetHints":{"allow":["GET"]}}],"collection":[{"href":"https:\/\/privacy.cyber-rights.org.tr\/index.php?rest_route=\/wp\/v2\/posts"}],"about":[{"href":"https:\/\/privacy.cyber-rights.org.tr\/index.php?rest_route=\/wp\/v2\/types\/post"}],"author":[{"embeddable":true,"href":"https:\/\/privacy.cyber-rights.org.tr\/index.php?rest_route=\/wp\/v2\/users\/1"}],"replies":[{"embeddable":true,"href":"https:\/\/privacy.cyber-rights.org.tr\/index.php?rest_route=%2Fwp%2Fv2%2Fcomments&post=842"}],"version-history":[{"count":1,"href":"https:\/\/privacy.cyber-rights.org.tr\/index.php?rest_route=\/wp\/v2\/posts\/842\/revisions"}],"predecessor-version":[{"id":843,"href":"https:\/\/privacy.cyber-rights.org.tr\/index.php?rest_route=\/wp\/v2\/posts\/842\/revisions\/843"}],"wp:attachment":[{"href":"https:\/\/privacy.cyber-rights.org.tr\/index.php?rest_route=%2Fwp%2Fv2%2Fmedia&parent=842"}],"wp:term":[{"taxonomy":"category","embeddable":true,"href":"https:\/\/privacy.cyber-rights.org.tr\/index.php?rest_route=%2Fwp%2Fv2%2Fcategories&post=842"},{"taxonomy":"post_tag","embeddable":true,"href":"https:\/\/privacy.cyber-rights.org.tr\/index.php?rest_route=%2Fwp%2Fv2%2Ftags&post=842"}],"curies":[{"name":"wp","href":"https:\/\/api.w.org\/{rel}","templated":true}]}}