{"id":852,"date":"2010-02-02T00:58:27","date_gmt":"2010-02-01T21:58:27","guid":{"rendered":"http:\/\/privacy.cyber-rights.org.tr\/?p=852"},"modified":"2010-02-02T00:58:33","modified_gmt":"2010-02-01T21:58:33","slug":"newsweek-turkiye-internette-ozgur-muyuz","status":"publish","type":"post","link":"https:\/\/privacy.cyber-rights.org.tr\/?p=852","title":{"rendered":"Newsweek T\u00fcrkiye: \u0130nternette \u00f6zg\u00fcr m\u00fcy\u00fcz?"},"content":{"rendered":"<p><a href=\"http:\/\/www.newsweekturkiye.com\/haberler\/detay\/35929\/Internette-ozgur-muyuz\">Newsweek T\u00fcrkiye: \u0130nternette \u00f6zg\u00fcr m\u00fcy\u00fcz?<\/a><\/p>\n<p>Do\u00e7. Yaman Akdeniz, 5651 no&#8217;lu \u0130nternet yasas\u0131 i\u00e7in, &#8216;Bu yasa i\u00e7erik sa\u011flay\u0131c\u0131lar i\u00e7in Demokles&#8217;in k\u0131l\u0131c\u0131 gibi&#8217; diyor.<\/p>\n<p>Mustafa Azizo\u011flu, 2010-02-01 15:03:58<\/p>\n<p><img data-recalc-dims=\"1\" loading=\"lazy\" decoding=\"async\" src=\"https:\/\/i0.wp.com\/cyberlaw.org.uk\/wp-content\/uploads\/2010\/02\/newsweek3.jpg?resize=500%2C250\" alt=\"newsweek3.jpg\" border=\"0\" width=\"500\" height=\"250\" \/><\/p>\n<p>Ge\u00e7en hafta, gercekgundem.com sitesinde bir internet kullan\u0131c\u0131s\u0131n\u0131n yapt\u0131\u011f\u0131 yorum sebebiyle, Cumhurba\u015fkanl\u0131\u011f\u0131 Hukuk B\u00fcrosu, sitenin sahibi Bar\u0131\u015f Yarkada\u015f&#8217;a ceza davas\u0131 a\u00e7t\u0131. Savc\u0131l\u0131k, yorumu yapan internet kullan\u0131c\u0131s\u0131n\u0131n Danimarka&#8217;da ya\u015famas\u0131 ve bulunamamas\u0131 nedeniyle, cezai sorumlulu\u011fun sitenin sahibine ait oldu\u011funu iddia ediyor. Yarkada\u015f ise, su\u00e7un \u015fahsili\u011fi kavram\u0131 \u00fczerinde durarak &#8216;ba\u015fkas\u0131n\u0131n i\u015fledi\u011fi bir su\u00e7tan dolay\u0131 kendisinin yarg\u0131lanmas\u0131n\u0131n abs\u00fcrdl\u00fc\u011f\u00fcn\u00fc&#8217; dile getiriyor.<\/p>\n<p>Web 2.0 olarak da adland\u0131r\u0131lan, internetin yaln\u0131z tek y\u00f6nl\u00fc de\u011fil de kullan\u0131c\u0131lar\u0131n kat\u0131l\u0131m\u0131yla \u00e7ok y\u00f6nl\u00fc bir yay\u0131nc\u0131l\u0131\u011fa d\u00f6n\u00fc\u015fmesinden bu yana ya\u015fanan kafa kar\u0131\u015f\u0131kl\u0131\u011f\u0131na konuyla ilgili \u00e7\u0131kar\u0131lacak bir yasan\u0131n \u00e7are olabilece\u011fi d\u00fc\u015f\u00fcn\u00fcl\u00fcyordu. Ancak 2007&#8217;de \u00e7\u0131kan 5651 no&#8217;lu, &#8216;\u0130nternet Ortam\u0131nda Yap\u0131lan Yay\u0131nlar\u0131n D\u00fczenlenmesi ve Bu Yay\u0131nlar Yoluyla \u0130\u015flenen Su\u00e7larla M\u00fccadele Edilmesi Kanunu&#8217; sorunu \u00e7\u00f6zmedi\u011fi gibi, iyice k\u00f6rd\u00fc\u011f\u00fcm haline getirdi.<\/p>\n<p>Yasaya g\u00f6re &#8216;\u0130nternet ortam\u0131 \u00fczerinden kullan\u0131c\u0131lara sunulan her t\u00fcrl\u00fc bilgi veya veriyi \u00fcreten, de\u011fi\u015ftiren ve sa\u011flayan ger\u00e7ek veya t\u00fczel ki\u015filer i\u00e7erik sa\u011flay\u0131c\u0131&#8217; olarak ilan ediliyor ve bu i\u00e7erikten sorumlu tutuluyor, &#8216;hizmet ve i\u00e7erikleri bar\u0131nd\u0131ran sistemleri sa\u011flayan veya i\u015fleten ger\u00e7ek veya t\u00fczel ki\u015filer ise yer sa\u011flay\u0131c\u0131&#8217; olarak adland\u0131r\u0131l\u0131yor ve i\u00e7erikten sorumlu tutulmuyor. Ama pratikte hangi sitenin &#8216;i\u00e7erik sa\u011flay\u0131c\u0131&#8217;, hangisinin &#8216;yer sa\u011flay\u0131c\u0131&#8217; oldu\u011fu yoruma a\u00e7\u0131k. \u00d6rne\u011fin Ek\u015fi S\u00f6zl\u00fck&#8217;\u00fcn avukat\u0131 Ba\u015fak Purut, &#8216;yazar, edit\u00f6r ya da muhabir \u00e7al\u0131\u015ft\u0131rmay\u0131p yaln\u0131zca kullan\u0131c\u0131lar\u0131n\u0131n yazd\u0131klar\u0131na yer verdikleri i\u00e7in kendilerinin yer sa\u011flay\u0131c\u0131 konumunda olduklar\u0131n\u0131, kendi sitelerinde bir su\u00e7 i\u015flenmi\u015fse bundan dolay\u0131 kendilerinin su\u00e7lu olmad\u0131\u011f\u0131n\u0131&#8217; s\u00f6yl\u00fcyor.<\/p>\n<p>Savc\u0131l\u0131ktan istek geldi\u011fi takdirde Ek\u015fi S\u00f6zl\u00fck ya da benzer forum siteleri o kullan\u0131c\u0131n\u0131n IP adresini de Emniyet&#8217;e teslim ediyorlar. B\u00f6ylece bulunan ki\u015fi hakk\u0131nda dava a\u00e7\u0131l\u0131yor. Ek\u015fi S\u00f6zl\u00fck yazarlar\u0131 aleyhine a\u00e7\u0131lm\u0131\u015f 28 dava ya da soru\u015fturma dosyas\u0131 bulunuyor. Bunlardan d\u00f6rd\u00fc devlete kar\u015f\u0131 i\u015flenmi\u015f su\u00e7lara ili\u015fkin.<\/p>\n<p>Benzer \u015fekilde haber siteleri de haberlerin alt\u0131nda bulunan &#8216;yorum&#8217; b\u00f6l\u00fcm\u00fcnde kullan\u0131c\u0131lar\u0131n yazd\u0131klar\u0131 yorumlar\u0131n vebalini \u00fczerine almak istemiyor.<\/p>\n<p>Bu durumda yasa kafa kar\u0131\u015f\u0131kl\u0131\u011f\u0131n\u0131 gidermedi\u011fi i\u00e7in hangi sitenin neyle su\u00e7lanaca\u011f\u0131 da savc\u0131 ve hakimlerin merhametine kalm\u0131\u015f durumda. Bu yasayla ilgili yazd\u0131\u011f\u0131 rapor, iki hafta \u00f6nce AG\u0130T taraf\u0131ndan yay\u0131nlanan \u0130stanbul Bilgi \u00dcniversitesi Hukuk Fak\u00fcltesi \u00f6\u011fretim \u00fcyesi Do\u00e7. Yaman Akdeniz, &#8216;Bu yasa i\u00e7erik sa\u011flay\u0131c\u0131lar i\u00e7in Demokles&#8217;in k\u0131l\u0131c\u0131 gibi. Bu yasa y\u00fcz\u00fcnden 3700 siteye eri\u015fim engellendi. \u0130nternette \u00f6zg\u00fcrl\u00fck konusunda \u00c7in ve \u0130ran&#8217;a yak\u0131n bir noktaday\u0131z&#8217; yorumunu yap\u0131yor.<\/p>\n<p>Ger\u00e7ek hayatta ne kadar \u00f6zg\u00fcrseniz, sanalda da o kadar \u00f6zg\u00fcrs\u00fcn\u00fcz. Siz siz olun, Taksim Meydan\u0131&#8217;nda ba\u011f\u0131rarak s\u00f6yleyemeyece\u011finiz bir \u015feyi, internet forumlar\u0131nda da yazmay\u0131n!<\/p>\n","protected":false},"excerpt":{"rendered":"<p>Newsweek T\u00fcrkiye: \u0130nternette \u00f6zg\u00fcr m\u00fcy\u00fcz? Do\u00e7. Yaman Akdeniz, 5651 no&#8217;lu \u0130nternet yasas\u0131 i\u00e7in, &#8216;Bu yasa i\u00e7erik sa\u011flay\u0131c\u0131lar i\u00e7in Demokles&#8217;in k\u0131l\u0131c\u0131 gibi&#8217; diyor. Mustafa Azizo\u011flu, 2010-02-01 15:03:58 Ge\u00e7en hafta, gercekgundem.com sitesinde bir internet kullan\u0131c\u0131s\u0131n\u0131n yapt\u0131\u011f\u0131 yorum sebebiyle, Cumhurba\u015fkanl\u0131\u011f\u0131 Hukuk B\u00fcrosu, sitenin sahibi Bar\u0131\u015f Yarkada\u015f&#8217;a ceza davas\u0131 a\u00e7t\u0131. Savc\u0131l\u0131k, yorumu yapan internet kullan\u0131c\u0131s\u0131n\u0131n Danimarka&#8217;da ya\u015famas\u0131 ve bulunamamas\u0131 nedeniyle, cezai sorumlulu\u011fun sitenin sahibine&#8230;<\/p>\n","protected":false},"author":1,"featured_media":0,"comment_status":"open","ping_status":"closed","sticky":false,"template":"","format":"standard","meta":{"jetpack_post_was_ever_published":false,"_jetpack_newsletter_access":"","_jetpack_dont_email_post_to_subs":false,"_jetpack_newsletter_tier_id":0,"_jetpack_memberships_contains_paywalled_content":false,"_jetpack_memberships_contains_paid_content":false,"footnotes":"","jetpack_publicize_message":"","jetpack_publicize_feature_enabled":true,"jetpack_social_post_already_shared":false,"jetpack_social_options":{"image_generator_settings":{"template":"highway","default_image_id":0,"font":"","enabled":false},"version":2}},"categories":[22,85,21,67,78],"tags":[],"class_list":["post-852","post","type-post","status-publish","format-standard","hentry","category-5651-nolu-kanun","category-agit","category-erisim-engelleme","category-turkiye","category-yaman-akdeniz"],"jetpack_publicize_connections":[],"jetpack_featured_media_url":"","jetpack_sharing_enabled":true,"jetpack_shortlink":"https:\/\/wp.me\/p7wjA8-dK","jetpack-related-posts":[],"_links":{"self":[{"href":"https:\/\/privacy.cyber-rights.org.tr\/index.php?rest_route=\/wp\/v2\/posts\/852","targetHints":{"allow":["GET"]}}],"collection":[{"href":"https:\/\/privacy.cyber-rights.org.tr\/index.php?rest_route=\/wp\/v2\/posts"}],"about":[{"href":"https:\/\/privacy.cyber-rights.org.tr\/index.php?rest_route=\/wp\/v2\/types\/post"}],"author":[{"embeddable":true,"href":"https:\/\/privacy.cyber-rights.org.tr\/index.php?rest_route=\/wp\/v2\/users\/1"}],"replies":[{"embeddable":true,"href":"https:\/\/privacy.cyber-rights.org.tr\/index.php?rest_route=%2Fwp%2Fv2%2Fcomments&post=852"}],"version-history":[{"count":1,"href":"https:\/\/privacy.cyber-rights.org.tr\/index.php?rest_route=\/wp\/v2\/posts\/852\/revisions"}],"predecessor-version":[{"id":853,"href":"https:\/\/privacy.cyber-rights.org.tr\/index.php?rest_route=\/wp\/v2\/posts\/852\/revisions\/853"}],"wp:attachment":[{"href":"https:\/\/privacy.cyber-rights.org.tr\/index.php?rest_route=%2Fwp%2Fv2%2Fmedia&parent=852"}],"wp:term":[{"taxonomy":"category","embeddable":true,"href":"https:\/\/privacy.cyber-rights.org.tr\/index.php?rest_route=%2Fwp%2Fv2%2Fcategories&post=852"},{"taxonomy":"post_tag","embeddable":true,"href":"https:\/\/privacy.cyber-rights.org.tr\/index.php?rest_route=%2Fwp%2Fv2%2Ftags&post=852"}],"curies":[{"name":"wp","href":"https:\/\/api.w.org\/{rel}","templated":true}]}}