{"id":866,"date":"2010-02-12T12:03:31","date_gmt":"2010-02-12T09:03:31","guid":{"rendered":"http:\/\/privacy.cyber-rights.org.tr\/?p=866"},"modified":"2010-02-12T12:03:36","modified_gmt":"2010-02-12T09:03:36","slug":"ntvmsnbc-com-agos%e2%80%99a-sanal-saldiri","status":"publish","type":"post","link":"https:\/\/privacy.cyber-rights.org.tr\/?p=866","title":{"rendered":"ntvmsnbc.com: Agos\u2019a sanal sald\u0131r\u0131"},"content":{"rendered":"<p><a href=\"http:\/\/www.ntvmsnbc.com\/id\/25056558\/\">Agos\u2019a sanal sald\u0131r\u0131 &#8211; Genel Bak\u0131\u015f- ntvmsnbc.com<\/a>: <\/p>\n<p>Genel Yay\u0131n Y\u00f6netmeni Hrant Dink\u2019in \u00f6ld\u00fcr\u00fcld\u00fc\u011f\u00fc Agos gazetesine bu kez de sanal sald\u0131r\u0131 yap\u0131ld\u0131.<\/p>\n<p>Agos Gazetesi&#8217;nin internet sayfas\u0131 hacklenerek Samast&#8217;\u0131n resmi konuldu.<br \/>\nntvmsnbc, G\u00fcncelleme: 09:51 TS\u0130 12 \u015eubat. 2010 Cuma<\/p>\n<p>\u0130STANBUL &#8211; Agos gazetesinin internet sitesi hacklendi. Siteye, Hrant Dink\u2019in katil zanl\u0131s\u0131 Og\u00fcn Samast\u2019\u0131n Samsun\u2019daki karakolda \u00e7ekilen resmi konuldu.<\/p>\n<p>Sayfada \u2018Og\u00fcn Samast\u2019a selam olsun\u2019 c\u00fcmlesiyle ba\u015flayan tehdit dolu bir mesaj yer ald\u0131.<\/p>\n<p>\u2018Ya sev ya terk et\u2019 ifadesinin yer ald\u0131\u011f\u0131 mesajda, &#8216;istedikleri gibi hareket edilmezse yeni Og\u00fcn Samast\u2019lar\u0131n yolda oldu\u011fu&#8217; iddia edildi.<br \/>\nHaberin devam\u0131 \u2193reklam<\/p>\n<p>S\u00f6z konusu mesaj &#8216;Oyun bitti&#8217; s\u00f6z\u00fcyle sona eriyor.<\/p>\n<p>Agos gazetesi Genel Yay\u0131n Y\u00f6netmeni Hrant Dink, 19 Ocak 2007\u2019de gazete binas\u0131 \u00f6n\u00fcnde u\u011frad\u0131\u011f\u0131 suikast sonucu ya\u015fam\u0131n\u0131 yitirmi\u015fti.<\/p>\n<p>G\u00dcREH: KORKMUYORUZ<br \/>\nntvmsnbc\u2019ye konu\u015fan Agos muhabiri Sarkis G\u00fcreh, olay\u0131n &#8216;can s\u0131k\u0131c\u0131&#8217; oldu\u011funu belirterek \u2018\u015eu an bir \u015fey yapm\u0131yoruz ki b\u0131rakt\u0131klar\u0131 izler kaybolmas\u0131n. \u0130nternet hizmeti ald\u0131\u011f\u0131m\u0131z \u015firketi ar\u0131yoruz, ard\u0131ndan da yasal i\u015flemleri ba\u015flatmak i\u00e7in avukatlar\u0131m\u0131zla g\u00f6r\u00fc\u015fece\u011fiz\u2019 yorumunu yapt\u0131.<\/p>\n<p>Olay\u0131n kendisini \u00fczd\u00fc\u011f\u00fcn\u00fc ifade eden G\u00fcreh, &#8216;Ama korku duymuyoruz&#8217; dedi.<\/p>\n<p>\u00c7ALI\u015eLAR: CESARET BULUYORLAR<br \/>\nKonuyla ilgili NTV\u2019ye konu\u015fan Radikal gazetesi Oral \u00c7al\u0131\u015flar ise \u015funlar\u0131 s\u00f6yledi:<\/p>\n<p>\u2018Devlet isterse bu t\u00fcr m\u00fcdahaleleri saptayabilir. Bir an \u00f6nce hukuki s\u00fcreci ba\u015flat\u0131lmas\u0131 gerekiyor. Daha \u00f6nce de kahraman gibi kar\u015f\u0131lanm\u0131\u015ft\u0131, bu ilk kez kar\u015f\u0131la\u015f\u0131lan bir olay de\u011fil.<\/p>\n<p>Devlet g\u00fc\u00e7leri yeterli duyarl\u0131l\u0131\u011f\u0131 g\u00f6stermiyor. Bu cesareti bo\u015funa bulmuyorlar, onlara bu cesareti veren g\u00fc\u00e7ler var.<\/p>\n<p>Yaz\u0131da tehdit de yer al\u0131yor. Yetkililerin hemen harekete ge\u00e7mesi gerekiyor.&#8217;<\/p>\n","protected":false},"excerpt":{"rendered":"<p>Agos\u2019a sanal sald\u0131r\u0131 &#8211; Genel Bak\u0131\u015f- ntvmsnbc.com: Genel Yay\u0131n Y\u00f6netmeni Hrant Dink\u2019in \u00f6ld\u00fcr\u00fcld\u00fc\u011f\u00fc Agos gazetesine bu kez de sanal sald\u0131r\u0131 yap\u0131ld\u0131. Agos Gazetesi&#8217;nin internet sayfas\u0131 hacklenerek Samast&#8217;\u0131n resmi konuldu. ntvmsnbc, G\u00fcncelleme: 09:51 TS\u0130 12 \u015eubat. 2010 Cuma \u0130STANBUL &#8211; Agos gazetesinin internet sitesi hacklendi. Siteye, Hrant Dink\u2019in katil zanl\u0131s\u0131 Og\u00fcn Samast\u2019\u0131n Samsun\u2019daki karakolda \u00e7ekilen resmi konuldu. Sayfada \u2018Og\u00fcn Samast\u2019a selam&#8230;<\/p>\n","protected":false},"author":1,"featured_media":0,"comment_status":"open","ping_status":"closed","sticky":false,"template":"","format":"standard","meta":{"jetpack_post_was_ever_published":false,"_jetpack_newsletter_access":"","_jetpack_dont_email_post_to_subs":false,"_jetpack_newsletter_tier_id":0,"_jetpack_memberships_contains_paywalled_content":false,"_jetpack_memberships_contains_paid_content":false,"footnotes":"","jetpack_publicize_message":"","jetpack_publicize_feature_enabled":true,"jetpack_social_post_already_shared":false,"jetpack_social_options":{"image_generator_settings":{"template":"highway","default_image_id":0,"font":"","enabled":false},"version":2}},"categories":[125,123,120,93,124,67],"tags":[],"class_list":["post-866","post","type-post","status-publish","format-standard","hentry","category-agos","category-hate-speech","category-hrant-dink","category-nefret-soylemi","category-tehdit","category-turkiye"],"jetpack_publicize_connections":[],"jetpack_featured_media_url":"","jetpack_sharing_enabled":true,"jetpack_shortlink":"https:\/\/wp.me\/p7wjA8-dY","jetpack-related-posts":[],"_links":{"self":[{"href":"https:\/\/privacy.cyber-rights.org.tr\/index.php?rest_route=\/wp\/v2\/posts\/866","targetHints":{"allow":["GET"]}}],"collection":[{"href":"https:\/\/privacy.cyber-rights.org.tr\/index.php?rest_route=\/wp\/v2\/posts"}],"about":[{"href":"https:\/\/privacy.cyber-rights.org.tr\/index.php?rest_route=\/wp\/v2\/types\/post"}],"author":[{"embeddable":true,"href":"https:\/\/privacy.cyber-rights.org.tr\/index.php?rest_route=\/wp\/v2\/users\/1"}],"replies":[{"embeddable":true,"href":"https:\/\/privacy.cyber-rights.org.tr\/index.php?rest_route=%2Fwp%2Fv2%2Fcomments&post=866"}],"version-history":[{"count":1,"href":"https:\/\/privacy.cyber-rights.org.tr\/index.php?rest_route=\/wp\/v2\/posts\/866\/revisions"}],"predecessor-version":[{"id":867,"href":"https:\/\/privacy.cyber-rights.org.tr\/index.php?rest_route=\/wp\/v2\/posts\/866\/revisions\/867"}],"wp:attachment":[{"href":"https:\/\/privacy.cyber-rights.org.tr\/index.php?rest_route=%2Fwp%2Fv2%2Fmedia&parent=866"}],"wp:term":[{"taxonomy":"category","embeddable":true,"href":"https:\/\/privacy.cyber-rights.org.tr\/index.php?rest_route=%2Fwp%2Fv2%2Fcategories&post=866"},{"taxonomy":"post_tag","embeddable":true,"href":"https:\/\/privacy.cyber-rights.org.tr\/index.php?rest_route=%2Fwp%2Fv2%2Ftags&post=866"}],"curies":[{"name":"wp","href":"https:\/\/api.w.org\/{rel}","templated":true}]}}