{"id":882,"date":"2010-02-20T13:44:01","date_gmt":"2010-02-20T10:44:01","guid":{"rendered":"http:\/\/privacy.cyber-rights.org.tr\/?p=882"},"modified":"2010-02-20T13:44:08","modified_gmt":"2010-02-20T10:44:08","slug":"radikal-sonunda-basbugu-da-dinlediler","status":"publish","type":"post","link":"https:\/\/privacy.cyber-rights.org.tr\/?p=882","title":{"rendered":"Radikal: Sonunda Ba\u015fbu\u011f&#8217;u da dinlediler"},"content":{"rendered":"<p><a href=\"http:\/\/www.radikal.com.tr\/Radikal.aspx?aType=RadikalHaberDetay&#038;ArticleID=981356&#038;Date=20.02.2010&#038;CategoryID=97\">Sonunda Ba\u015fbu\u011f&#8217;u da dinlediler \/ T\u00fcrkiye \/ Radikal \u0130nternet<\/a><\/p>\n<p>\u0130lker Ba\u015fbu\u011f da yasad\u0131\u015f\u0131 yollarla dinlenen isimler aras\u0131na kat\u0131ld\u0131.<\/p>\n<p>Radikal, 20\/02\/2010 01:12<\/p>\n<p>Genelkurmay Ba\u015fkan\u0131 Ba\u015fbu\u011f&#8217;un, &#8216;bilgi s\u0131zd\u0131rma&#8217; konusunda konu\u015furken gizlice &#8216;kayda al\u0131nd\u0131\u011f\u0131&#8217; ortaya \u00e7\u0131kt\u0131. Ba\u015fbu\u011f&#8217;un kay\u0131tlar\u0131 internete d\u00fc\u015ft\u00fc. Genelkurmay: Yurtd\u0131\u015f\u0131ndaki konu\u015fma<\/p>\n<p>\u0130STANBUL &#8211; Sonunda bu da oldu ve Genelkurmay Ba\u015fkan\u0131 \u0130lker Ba\u015fbu\u011f\u2019un bir ortamda askerlere hitaben yapt\u0131\u011f\u0131 anla\u015f\u0131lan konu\u015fmas\u0131n\u0131n ses kayd\u0131 internete d\u00fc\u015ft\u00fc. Genelkurmay Ba\u015fkanl\u0131\u011f\u0131 sesin Ba\u015fbu\u011f\u2019a ait oldu\u011funu kabul eden, ancak montaj yap\u0131ld\u0131\u011f\u0131n\u0131 ima eden bir a\u00e7\u0131klama yapt\u0131.<br \/>\nBaz\u0131 internet sitelerinde d\u00fcn \u00f6\u011flen saatlerinde \u2018T\u00fcrkiye\u2019nin g\u00fcndemini sarsacak ses\u2019, \u2018Yer yerinden oynayacak. Bu ses kayd\u0131 kime ait\u2019, \u2018Bu kay\u0131t Ba\u015fbu\u011f\u2019u g\u00f6t\u00fcr\u00fcr\u2019 ba\u015fl\u0131\u011f\u0131yla haberler yay\u0131mland\u0131. Haberlerde  kayd\u0131n ilk kez \u2018metacafe.com\u2019 adl\u0131 sitede yay\u0131mland\u0131\u011f\u0131 belirtildi ve ses kayd\u0131n\u0131n \u00e7\u00f6z\u00fcm\u00fcne yer verildi.  Radikal\u2019in \u2018yasad\u0131\u015f\u0131 telefon dinlemelerini yay\u0131mlamama\u2019 karar\u0131 nedeniyle i\u00e7eri\u011fini vermedi\u011fimiz kay\u0131tlarda Ba\u015fbu\u011f\u2019un askerlere seslendi\u011fi, askerden bilgi s\u0131zmas\u0131 konusunda konu\u015ftu\u011fu ve son geli\u015fmeleri de\u011ferlendirdi\u011fi anla\u015f\u0131l\u0131yor.<br \/>\nKonu\u015fman\u0131n nerede yap\u0131ld\u0131\u011f\u0131, nas\u0131l kaydedilip, s\u0131zd\u0131r\u0131ld\u0131\u011f\u0131 konusundaysa hen\u00fcz bir bilgi yok. Konu\u015fma s\u0131ras\u0131nda zaman zaman Ba\u015fbu\u011f\u2019un sesini bast\u0131ran sandalye g\u0131c\u0131rt\u0131lar\u0131 dikkat \u00e7ekiyor. Metinden, Ba\u015fbu\u011f\u2019un t\u00fcm konu\u015fmas\u0131n\u0131n de\u011fil \u2018se\u00e7ilen\u2019 b\u00f6l\u00fcmlerinin ay\u0131klan\u0131p s\u0131zd\u0131r\u0131ld\u0131\u011f\u0131 anla\u015f\u0131l\u0131yor.<br \/>\nBa\u015fbu\u011f d\u00fcn MGK toplant\u0131s\u0131ndan ayr\u0131ld\u0131ktan yakla\u015f\u0131k bir saat sonra, Genelkurmay Ba\u015fkanl\u0131\u011f\u0131 19.15\u2019te internet sitesi arac\u0131l\u0131\u011f\u0131yla a\u00e7\u0131klama yapt\u0131: \u2018Baz\u0131 internet sitelerinde bug\u00fcn bir ses kayd\u0131na dayal\u0131 olarak yap\u0131lan bir haber yer alm\u0131\u015ft\u0131r. Yap\u0131lan ilk incelemede, s\u00f6z konusu ses kayd\u0131n\u0131n, say\u0131n Genelkurmay Ba\u015fkan\u0131\u2019n\u0131n yurtd\u0131\u015f\u0131nda askeri personele yapm\u0131\u015f oldu\u011fu bir konu\u015fmadan yararlan\u0131larak d\u00fczenlendi\u011fi anla\u015f\u0131lm\u0131\u015ft\u0131r.\u2019<\/p>\n<p>NATO toplant\u0131s\u0131<br \/>\nS\u00f6z konusu konu\u015fman\u0131n Ba\u015fbu\u011f\u2019un 26-27 Ocak 2010 tarihlerinde, NATO \u00fcyesi \u00fclkeler Genelkurmay Ba\u015fkanlar\u0131 Askeri Daimi toplant\u0131s\u0131 i\u00e7in gitti\u011fi Bel\u00e7ika\u2019da yap\u0131ld\u0131\u011f\u0131 \u00f6\u011frenildi. Ba\u015fbu\u011f\u2019un NATO Avrupa M\u00fcttefik Kuvvetler Komutanl\u0131\u011f\u0131 Y\u00fcksek Kararg\u00e2h\u0131\u2019nda (SHAPE) g\u00f6revli T\u00fcrk subaylar ile bir araya geldi\u011fi \u00f6\u011frenildi. Br\u00fcksel\u2019deki NATO kararg\u00e2h\u0131nda iki generalin de aralar\u0131nda bulundu\u011fu yakla\u015f\u0131k 70 askeri personel g\u00f6rev yap\u0131yor. Ancak Ba\u015fbu\u011f\u2019un s\u00f6z konusu konu\u015fmay\u0131, bu personellerle yapt\u0131\u011f\u0131 toplant\u0131da de\u011fil, Br\u00fcksel\u2019deki komutanlarla ger\u00e7ekle\u015ftirdi\u011fi dar bir toplant\u0131da yapt\u0131\u011f\u0131 ifade ediliyor.<br \/>\nGenelkurmay\u2019\u0131n a\u00e7\u0131klamas\u0131ndaki \u2018konunman\u0131n Ba\u015fbu\u011f\u2019un bir konu\u015fmas\u0131ndan yararlan\u0131larak d\u00fczenlendi\u011fi\u2019 y\u00f6n\u00fcndeki ifadenin, Ba\u015fbu\u011f\u2019un konu\u015fmas\u0131n\u0131n kendi ak\u0131\u015f\u0131yla de\u011fil, baz\u0131 b\u00f6l\u00fcmlerinin bir araya getirilerek yay\u0131mlanmas\u0131ndan kaynakland\u0131\u011f\u0131 \u00f6\u011frenildi. Bu da \u2018montaj imas\u0131\u2019 olarak yorumland\u0131.<\/p>\n<p>Ba\u015fbakan da&#8230;<br \/>\nBa\u015fbakan Recep Tayyip Erdo\u011fan\u2019\u0131n da telefonlar\u0131n\u0131n alt\u0131 y\u0131l boyunca mahkeme karar\u0131 olmadan dinlenildi\u011fi ortaya \u00e7\u0131km\u0131\u015ft\u0131. \u0130nternete daha \u00f6nce Hava Kuvvetleri\u2019nde T\u00fcmgeneral Erol \u00d6zgil, Albay G\u00fcrsel Tokmako\u011flu ve sekretere ait oldu\u011fu belirtilen ses kayd\u0131n\u0131n yan\u0131 s\u0131ra, \u2018Kafes Eylem Plan\u0131\u2019yla ad\u0131 g\u00fcndeme gelen Koramiral Kadir Sa\u011fd\u0131\u00e7\u2019\u0131n da kayd\u0131 d\u00fc\u015fm\u00fc\u015ft\u00fc. Yine son olarak \u2018Balyoz Eylem Plan\u0131\u2019n\u0131n konu\u015fuldu\u011fu \u00f6ne s\u00fcr\u00fclen 5-7 Mart 2003\u2019teki seminerdeki konu\u015fmalar da ses kayd\u0131 olarak ortaya \u00e7\u0131km\u0131\u015ft\u0131. (Radikal)<\/p>\n<p>Herkes casusluk yapabilir!<br \/>\nSon y\u0131llar\u0131n en \u00e7ok konu\u015fulan ve kamuyonda tart\u0131\u015f\u0131lan konular\u0131ndan biri \u2018telefon ve ortam dinlemeleri\u2019. Her iki dinleme de ancak mahkeme karar\u0131yla m\u00fcmk\u00fcn oluyor. Bunun i\u00e7in de ki\u015fi hakk\u0131nda yasalarda belirli su\u00e7lardan soru\u015fturma y\u00fcr\u00fct\u00fcl\u00fcyor olmas\u0131 gerekiyor. Ter\u00f6r, \u00e7ete, insan ka\u00e7ak\u00e7\u0131l\u0131\u011f\u0131 gibi&#8230; Ancak Ergenekon soru\u015fturmas\u0131ndan sonra T\u00fcrkiye \u015fu ger\u00e7ekle y\u00fcz y\u00fcze geldi:<br \/>\nBir\u00e7ok ki\u015fi \u2018yasad\u0131\u015f\u0131\u2019 \u015fekilde dinlenmi\u015fti.<br \/>\nPe\u015f pe\u015fe ses kay\u0131tlar\u0131 ortaya \u00e7\u0131kt\u0131. Bunlardan bir k\u0131sm\u0131 \u2018ortam dinlemesi\u2019yle yap\u0131lm\u0131\u015ft\u0131.<br \/>\n\u2018Ortam dinlemesi\u2019 yapman\u0131n ne kadar kolay oldu\u011fu da daha \u00f6nce Radikal\u2019in yapt\u0131\u011f\u0131 bir haberde g\u00fcndeme getirilmi\u015fti. \u0130nternet \u00fczerinden \u2018uygun fiyata\u2019 casus dinleme cihazlar\u0131 ve kameralar satan bir firman\u0131n yetkilisi, i\u00e7ine sim kart yerle\u015ftirilen \u2018\u00e7oklu prizle\u2019, \u2018cep telefonlar\u0131na tak\u0131lan bir b\u00f6cekle, otomobilin gizli bir b\u00f6lmesine konulan minik bir kutuyla ortam dinlemesi yapman\u0131n m\u00fcmk\u00fcn oldu\u011funu belirtmi\u015fti.<\/p>\n","protected":false},"excerpt":{"rendered":"<p>Sonunda Ba\u015fbu\u011f&#8217;u da dinlediler \/ T\u00fcrkiye \/ Radikal \u0130nternet \u0130lker Ba\u015fbu\u011f da yasad\u0131\u015f\u0131 yollarla dinlenen isimler aras\u0131na kat\u0131ld\u0131. Radikal, 20\/02\/2010 01:12 Genelkurmay Ba\u015fkan\u0131 Ba\u015fbu\u011f&#8217;un, &#8216;bilgi s\u0131zd\u0131rma&#8217; konusunda konu\u015furken gizlice &#8216;kayda al\u0131nd\u0131\u011f\u0131&#8217; ortaya \u00e7\u0131kt\u0131. Ba\u015fbu\u011f&#8217;un kay\u0131tlar\u0131 internete d\u00fc\u015ft\u00fc. Genelkurmay: Yurtd\u0131\u015f\u0131ndaki konu\u015fma \u0130STANBUL &#8211; Sonunda bu da oldu ve Genelkurmay Ba\u015fkan\u0131 \u0130lker Ba\u015fbu\u011f\u2019un bir ortamda askerlere hitaben yapt\u0131\u011f\u0131 anla\u015f\u0131lan konu\u015fmas\u0131n\u0131n ses kayd\u0131&#8230;<\/p>\n","protected":false},"author":1,"featured_media":0,"comment_status":"open","ping_status":"closed","sticky":false,"template":"","format":"standard","meta":{"jetpack_post_was_ever_published":false,"_jetpack_newsletter_access":"","_jetpack_dont_email_post_to_subs":false,"_jetpack_newsletter_tier_id":0,"_jetpack_memberships_contains_paywalled_content":false,"_jetpack_memberships_contains_paid_content":false,"footnotes":"","jetpack_publicize_message":"","jetpack_publicize_feature_enabled":true,"jetpack_social_post_already_shared":false,"jetpack_social_options":{"image_generator_settings":{"template":"highway","default_image_id":0,"font":"","enabled":false},"version":2}},"categories":[15,66,19,10,14],"tags":[],"class_list":["post-882","post","type-post","status-publish","format-standard","hentry","category-gizli-dinleme","category-gozetim-devleti","category-izleme","category-mahremiyet","category-telekulak"],"jetpack_publicize_connections":[],"jetpack_featured_media_url":"","jetpack_sharing_enabled":true,"jetpack_shortlink":"https:\/\/wp.me\/p7wjA8-ee","jetpack-related-posts":[],"_links":{"self":[{"href":"https:\/\/privacy.cyber-rights.org.tr\/index.php?rest_route=\/wp\/v2\/posts\/882","targetHints":{"allow":["GET"]}}],"collection":[{"href":"https:\/\/privacy.cyber-rights.org.tr\/index.php?rest_route=\/wp\/v2\/posts"}],"about":[{"href":"https:\/\/privacy.cyber-rights.org.tr\/index.php?rest_route=\/wp\/v2\/types\/post"}],"author":[{"embeddable":true,"href":"https:\/\/privacy.cyber-rights.org.tr\/index.php?rest_route=\/wp\/v2\/users\/1"}],"replies":[{"embeddable":true,"href":"https:\/\/privacy.cyber-rights.org.tr\/index.php?rest_route=%2Fwp%2Fv2%2Fcomments&post=882"}],"version-history":[{"count":1,"href":"https:\/\/privacy.cyber-rights.org.tr\/index.php?rest_route=\/wp\/v2\/posts\/882\/revisions"}],"predecessor-version":[{"id":883,"href":"https:\/\/privacy.cyber-rights.org.tr\/index.php?rest_route=\/wp\/v2\/posts\/882\/revisions\/883"}],"wp:attachment":[{"href":"https:\/\/privacy.cyber-rights.org.tr\/index.php?rest_route=%2Fwp%2Fv2%2Fmedia&parent=882"}],"wp:term":[{"taxonomy":"category","embeddable":true,"href":"https:\/\/privacy.cyber-rights.org.tr\/index.php?rest_route=%2Fwp%2Fv2%2Fcategories&post=882"},{"taxonomy":"post_tag","embeddable":true,"href":"https:\/\/privacy.cyber-rights.org.tr\/index.php?rest_route=%2Fwp%2Fv2%2Ftags&post=882"}],"curies":[{"name":"wp","href":"https:\/\/api.w.org\/{rel}","templated":true}]}}