{"id":888,"date":"2010-02-20T23:35:20","date_gmt":"2010-02-20T20:35:20","guid":{"rendered":"http:\/\/privacy.cyber-rights.org.tr\/?p=888"},"modified":"2010-02-20T23:35:26","modified_gmt":"2010-02-20T20:35:26","slug":"ntv-mahkeme-karari-kalkarsa-youtube-acilir","status":"publish","type":"post","link":"https:\/\/privacy.cyber-rights.org.tr\/?p=888","title":{"rendered":"NTV: &#8220;Mahkeme karar\u0131 kalkarsa YouTube a\u00e7\u0131l\u0131r&#8221;"},"content":{"rendered":"<p>Falan filan&#8230;.<\/p>\n<p><a href=\"http:\/\/www.ntvmsnbc.com\/id\/25059764\/\">&#8220;Mahkeme karar\u0131 kalkarsa YouTube a\u00e7\u0131l\u0131r&#8221;<\/a><\/p>\n<p>Adalet Bakan\u0131 Ergin, YouTube&#8217;un Atat\u00fcrk&#8217;e hakaret nedeniyle kapat\u0131ld\u0131\u011f\u0131n\u0131, bu karar kalkarsa <\/p>\n<p>AA, G\u00fcncelleme: 14:46 TS\u0130 19 \u015eubat. 2010 Cuma<\/p>\n<p>ANKARA &#8211; Adalet Bakan\u0131 Sadullah Ergin, adli mercilerin, internet sitesi &#8221;youtube&#8221;a eri\u015fimi engelleme karar\u0131n\u0131 kald\u0131rmas\u0131 halinde, sitenin tekrar a\u00e7\u0131labilece\u011fini, bu konuda takdirin adli mercilerde oldu\u011funu bildirdi.<\/p>\n<p>Ergin, CHP Ad\u0131yaman Milletvekili \u015eevket K\u00f6se&#8217;nin, internet sitesi &#8221;youtube&#8221; a eri\u015fime ili\u015fkin soru \u00f6nergesine, yaz\u0131l\u0131 yan\u0131t verdi.<\/p>\n<p>A\u00e7\u0131k kaynaklardan yap\u0131lan inceleme sonucunda, bu internet sitesinin, bir \u00e7ok \u00fclkeyle hukuki ihtilaflar ya\u015fad\u0131\u011f\u0131n\u0131 ifade eden Ergin, &#8221;Konusu su\u00e7 olan i\u00e7erik (URL) bazl\u0131 ise, bunu ancak i\u00e7erik sa\u011flay\u0131c\u0131 veya yer sa\u011flay\u0131c\u0131n\u0131n kendisi \u00e7\u0131karabiliyor&#8221; dedi.<\/p>\n<p>Ergin, eri\u015fimin engellenmesine ra\u011fmen, i\u00e7eri\u011fin, internet sitesinde durdu\u011funu ve \u00e7e\u015fitli yol, y\u00f6ntemlerle bu yay\u0131nlara \u00f6zellikle yurt d\u0131\u015f\u0131ndan kolayl\u0131kla eri\u015filebildi\u011fini vurgulad\u0131.<\/p>\n<p>\u0130nternette bir yay\u0131na y\u00fczde 100 oran\u0131nda eri\u015fimin engellenmesinin, o i\u00e7eri\u011fin yay\u0131ndan \u00e7\u0131kar\u0131lmas\u0131yla m\u00fcmk\u00fcn olabilece\u011fine i\u015faret eden Ergin, bunun d\u0131\u015f\u0131nda yap\u0131lan her t\u00fcrl\u00fc i\u015flemin, eri\u015fimi zorla\u015ft\u0131r\u0131c\u0131 \u00f6nlemlerden ibaret oldu\u011funu kaydetti.<\/p>\n<p>Ergin, bu siteye eri\u015fimin engellenmesi karar\u0131n\u0131n; Atat\u00fcrk Aleyhine \u0130\u015flenen Su\u00e7lar Hakk\u0131nda Kanuna muhalefet nedeniyle Ankara 1. Sulh Ceza Mahkemesince 5 May\u0131s 2008&#8217;de verildi\u011fini, bu do\u011frultuda da Telekom\u00fcnikasyon \u0130leti\u015fim Ba\u015fkanl\u0131\u011f\u0131n\u0131n eri\u015fimi engelledi\u011fini an\u0131msatt\u0131.<\/p>\n<p>Bakan Ergin, adli mercilerce eri\u015fimi engelleme karar\u0131 kald\u0131r\u0131ld\u0131\u011f\u0131 takdirde, sitenin tekrar a\u00e7\u0131labilece\u011fini, bu konuda takdirin adli mercilerde oldu\u011funu bildirdi.<\/p>\n","protected":false},"excerpt":{"rendered":"<p>Falan filan&#8230;. &#8220;Mahkeme karar\u0131 kalkarsa YouTube a\u00e7\u0131l\u0131r&#8221; Adalet Bakan\u0131 Ergin, YouTube&#8217;un Atat\u00fcrk&#8217;e hakaret nedeniyle kapat\u0131ld\u0131\u011f\u0131n\u0131, bu karar kalkarsa AA, G\u00fcncelleme: 14:46 TS\u0130 19 \u015eubat. 2010 Cuma ANKARA &#8211; Adalet Bakan\u0131 Sadullah Ergin, adli mercilerin, internet sitesi &#8221;youtube&#8221;a eri\u015fimi engelleme karar\u0131n\u0131 kald\u0131rmas\u0131 halinde, sitenin tekrar a\u00e7\u0131labilece\u011fini, bu konuda takdirin adli mercilerde oldu\u011funu bildirdi. Ergin, CHP Ad\u0131yaman Milletvekili \u015eevket K\u00f6se&#8217;nin, internet sitesi&#8230;<\/p>\n","protected":false},"author":1,"featured_media":0,"comment_status":"open","ping_status":"closed","sticky":false,"template":"","format":"standard","meta":{"jetpack_post_was_ever_published":false,"_jetpack_newsletter_access":"","_jetpack_dont_email_post_to_subs":false,"_jetpack_newsletter_tier_id":0,"_jetpack_memberships_contains_paywalled_content":false,"_jetpack_memberships_contains_paid_content":false,"footnotes":"","jetpack_publicize_message":"","jetpack_publicize_feature_enabled":true,"jetpack_social_post_already_shared":false,"jetpack_social_options":{"image_generator_settings":{"template":"highway","default_image_id":0,"font":"","enabled":false},"version":2}},"categories":[22,21,3,17,67,4],"tags":[],"class_list":["post-888","post","type-post","status-publish","format-standard","hentry","category-5651-nolu-kanun","category-erisim-engelleme","category-sansur","category-tib","category-turkiye","category-youtube"],"jetpack_publicize_connections":[],"jetpack_featured_media_url":"","jetpack_sharing_enabled":true,"jetpack_shortlink":"https:\/\/wp.me\/p7wjA8-ek","jetpack-related-posts":[],"_links":{"self":[{"href":"https:\/\/privacy.cyber-rights.org.tr\/index.php?rest_route=\/wp\/v2\/posts\/888","targetHints":{"allow":["GET"]}}],"collection":[{"href":"https:\/\/privacy.cyber-rights.org.tr\/index.php?rest_route=\/wp\/v2\/posts"}],"about":[{"href":"https:\/\/privacy.cyber-rights.org.tr\/index.php?rest_route=\/wp\/v2\/types\/post"}],"author":[{"embeddable":true,"href":"https:\/\/privacy.cyber-rights.org.tr\/index.php?rest_route=\/wp\/v2\/users\/1"}],"replies":[{"embeddable":true,"href":"https:\/\/privacy.cyber-rights.org.tr\/index.php?rest_route=%2Fwp%2Fv2%2Fcomments&post=888"}],"version-history":[{"count":1,"href":"https:\/\/privacy.cyber-rights.org.tr\/index.php?rest_route=\/wp\/v2\/posts\/888\/revisions"}],"predecessor-version":[{"id":889,"href":"https:\/\/privacy.cyber-rights.org.tr\/index.php?rest_route=\/wp\/v2\/posts\/888\/revisions\/889"}],"wp:attachment":[{"href":"https:\/\/privacy.cyber-rights.org.tr\/index.php?rest_route=%2Fwp%2Fv2%2Fmedia&parent=888"}],"wp:term":[{"taxonomy":"category","embeddable":true,"href":"https:\/\/privacy.cyber-rights.org.tr\/index.php?rest_route=%2Fwp%2Fv2%2Fcategories&post=888"},{"taxonomy":"post_tag","embeddable":true,"href":"https:\/\/privacy.cyber-rights.org.tr\/index.php?rest_route=%2Fwp%2Fv2%2Ftags&post=888"}],"curies":[{"name":"wp","href":"https:\/\/api.w.org\/{rel}","templated":true}]}}