{"id":890,"date":"2010-02-24T16:03:59","date_gmt":"2010-02-24T13:03:59","guid":{"rendered":"http:\/\/privacy.cyber-rights.org.tr\/?p=890"},"modified":"2010-02-24T16:05:48","modified_gmt":"2010-02-24T13:05:48","slug":"sabah-hakaret-goruntuleri-turkiye%e2%80%99de-cikarildi","status":"publish","type":"post","link":"https:\/\/privacy.cyber-rights.org.tr\/?p=890","title":{"rendered":"Sabah: Hakaret g\u00f6r\u00fcnt\u00fcleri T\u00fcrkiye\u2019de \u00e7\u0131kar\u0131ld\u0131"},"content":{"rendered":"<p><strong>Sabah: Hakaret g\u00f6r\u00fcnt\u00fcleri T\u00fcrkiye\u2019de \u00e7\u0131kar\u0131ld\u0131, 17 \u015eubat, 2010, sayfa 21<\/strong><\/p>\n<div style=\"text-align:center;\"><img data-recalc-dims=\"1\" loading=\"lazy\" decoding=\"async\" src=\"https:\/\/i0.wp.com\/cyberlaw.org.uk\/wp-content\/uploads\/2010\/02\/youtube_hakaret_sabah.jpg?resize=500%2C300\" alt=\"youtube_hakaret_sabah.jpg\" border=\"0\" width=\"500\" height=\"300\" \/><\/div>\n<p>Yakla\u015f\u0131k 2 y\u0131ld\u0131r mahkeme karar\u0131 ile kapal\u0131 olan d\u00fcnyan\u0131n en b\u00fcy\u00fck video payla\u015f\u0131m sitesi YouTube, kapatman\u0131n nedeni olan Atat\u00fcrk\u2019e hakaret g\u00f6r\u00fcnt\u00fclerini T\u00fcrkiye veri taban\u0131ndan \u00e7\u0131kard\u0131. Yani, YouTube a\u00e7\u0131lsa bile hakaret g\u00f6r\u00fcnt\u00fclerine T\u00fcrkiye\u2019den ula\u015fmak m\u00fcmk\u00fcn de\u011fil. Ancak Ankara Cumhuriyet Savc\u0131l\u0131\u011f\u0131, i\u00e7eri\u011fin YouTube\u2019un d\u00fcnya veri taban\u0131ndan da \u00e7\u0131kar\u0131lmas\u0131n\u0131 istiyor.<\/p>\n<p>YouTube\u2019a, Atat\u00fcrk\u2019e hakaret i\u00e7eren g\u00f6r\u00fcnt\u00fc ve sesler nedeniyle 2008 y\u0131l\u0131 May\u0131s ay\u0131nda Ankara 11. Sulh Ceza Mahkemesi tara\u015f\u0131ndan s\u00fcresiz kapatma cezas\u0131 verilmi\u015fti. \u201c\u0130nternete sans\u00fcr var\u201d iddias\u0131yla T\u00fcrkiye\u2019nin imaj\u0131n\u0131 olumsuz etkileyen propagandalara neden olan yasa\u011f\u0131n kald\u0131r\u0131lmas\u0131 i\u00e7in Ula\u015ft\u0131rma Bakan\u0131 Binali Y\u0131ld\u0131r\u0131m, 3 kez YouTube y\u00f6netimi ile g\u00f6r\u00fc\u015ft\u00fc. YouTube\u2019un T\u00fcrkiye\u2019de temsilcilik a\u00e7mas\u0131n\u0131, g\u00fcvenlik ve yetki belgesi, lisans almas\u0131, vergi m\u00fckelle\u015fi olmas\u0131n\u0131 istedi. YouTube\u2019un d\u00fcnyada 20 \u00fclkeye \u00f6zg\u00fc i\u00e7erik sa\u011flad\u0131\u011f\u0131na i\u015faret eden Y\u0131ld\u0131r\u0131m, bu uygulaman\u0131n T\u00fcrkiye\u2019de de yap\u0131lmas\u0131n\u0131 istedi. Buna kar\u015f\u0131n YouTube yetkilileri, T\u00fcrkiye\u2019de temsilcilik a\u00e7may\u0131 d\u00fc\u015f\u00fcnm\u00fcyor. Sistemden mahkeme karar\u0131 veya Telekom\u00fcnikasyon \u0130leti\u015fim Ba\u015fkanl\u0131\u011f\u0131 karar\u0131 ile onlarca videoyu \u00e7\u0131karman\u0131n \u00e7\u00f6z\u00fcm olamayaca\u011f\u0131n\u0131 savunan yetkililer, bug\u00fcn T\u00fcrkiye\u2019nin istedi\u011fini yar\u0131n Pakistan ya da Tayland\u2019\u0131n isteyebilece\u011fini, bunun sonunun gelmeyece\u011fini \u00f6ne s\u00fcr\u00fcyorlar. Hamdi ATE\u015e<\/p>\n","protected":false},"excerpt":{"rendered":"<p>Sabah: Hakaret g\u00f6r\u00fcnt\u00fcleri T\u00fcrkiye\u2019de \u00e7\u0131kar\u0131ld\u0131, 17 \u015eubat, 2010, sayfa 21 Yakla\u015f\u0131k 2 y\u0131ld\u0131r mahkeme karar\u0131 ile kapal\u0131 olan d\u00fcnyan\u0131n en b\u00fcy\u00fck video payla\u015f\u0131m sitesi YouTube, kapatman\u0131n nedeni olan Atat\u00fcrk\u2019e hakaret g\u00f6r\u00fcnt\u00fclerini T\u00fcrkiye veri taban\u0131ndan \u00e7\u0131kard\u0131. Yani, YouTube a\u00e7\u0131lsa bile hakaret g\u00f6r\u00fcnt\u00fclerine T\u00fcrkiye\u2019den ula\u015fmak m\u00fcmk\u00fcn de\u011fil. Ancak Ankara Cumhuriyet Savc\u0131l\u0131\u011f\u0131, i\u00e7eri\u011fin YouTube\u2019un d\u00fcnya veri taban\u0131ndan da \u00e7\u0131kar\u0131lmas\u0131n\u0131 istiyor. YouTube\u2019a, Atat\u00fcrk\u2019e hakaret&#8230;<\/p>\n","protected":false},"author":1,"featured_media":0,"comment_status":"open","ping_status":"closed","sticky":false,"template":"","format":"standard","meta":{"jetpack_post_was_ever_published":false,"_jetpack_newsletter_access":"","_jetpack_dont_email_post_to_subs":false,"_jetpack_newsletter_tier_id":0,"_jetpack_memberships_contains_paywalled_content":false,"_jetpack_memberships_contains_paid_content":false,"footnotes":"","jetpack_publicize_message":"","jetpack_publicize_feature_enabled":true,"jetpack_social_post_already_shared":false,"jetpack_social_options":{"image_generator_settings":{"template":"highway","default_image_id":0,"font":"","enabled":false},"version":2}},"categories":[22,5,21,3,67,4],"tags":[],"class_list":["post-890","post","type-post","status-publish","format-standard","hentry","category-5651-nolu-kanun","category-dusunce-ozgurlugu","category-erisim-engelleme","category-sansur","category-turkiye","category-youtube"],"jetpack_publicize_connections":[],"jetpack_featured_media_url":"","jetpack_sharing_enabled":true,"jetpack_shortlink":"https:\/\/wp.me\/p7wjA8-em","jetpack-related-posts":[],"_links":{"self":[{"href":"https:\/\/privacy.cyber-rights.org.tr\/index.php?rest_route=\/wp\/v2\/posts\/890","targetHints":{"allow":["GET"]}}],"collection":[{"href":"https:\/\/privacy.cyber-rights.org.tr\/index.php?rest_route=\/wp\/v2\/posts"}],"about":[{"href":"https:\/\/privacy.cyber-rights.org.tr\/index.php?rest_route=\/wp\/v2\/types\/post"}],"author":[{"embeddable":true,"href":"https:\/\/privacy.cyber-rights.org.tr\/index.php?rest_route=\/wp\/v2\/users\/1"}],"replies":[{"embeddable":true,"href":"https:\/\/privacy.cyber-rights.org.tr\/index.php?rest_route=%2Fwp%2Fv2%2Fcomments&post=890"}],"version-history":[{"count":3,"href":"https:\/\/privacy.cyber-rights.org.tr\/index.php?rest_route=\/wp\/v2\/posts\/890\/revisions"}],"predecessor-version":[{"id":893,"href":"https:\/\/privacy.cyber-rights.org.tr\/index.php?rest_route=\/wp\/v2\/posts\/890\/revisions\/893"}],"wp:attachment":[{"href":"https:\/\/privacy.cyber-rights.org.tr\/index.php?rest_route=%2Fwp%2Fv2%2Fmedia&parent=890"}],"wp:term":[{"taxonomy":"category","embeddable":true,"href":"https:\/\/privacy.cyber-rights.org.tr\/index.php?rest_route=%2Fwp%2Fv2%2Fcategories&post=890"},{"taxonomy":"post_tag","embeddable":true,"href":"https:\/\/privacy.cyber-rights.org.tr\/index.php?rest_route=%2Fwp%2Fv2%2Ftags&post=890"}],"curies":[{"name":"wp","href":"https:\/\/api.w.org\/{rel}","templated":true}]}}