{"id":896,"date":"2010-03-01T11:20:49","date_gmt":"2010-03-01T08:20:49","guid":{"rendered":"http:\/\/privacy.cyber-rights.org.tr\/?p=896"},"modified":"2010-03-01T11:20:55","modified_gmt":"2010-03-01T08:20:55","slug":"trt-korsani-onlemede-ortak-mucadele","status":"publish","type":"post","link":"https:\/\/privacy.cyber-rights.org.tr\/?p=896","title":{"rendered":"TRT: Korsan\u0131 \u00d6nlemede Ortak M\u00fccadele"},"content":{"rendered":"<p><a href=\"http:\/\/www.trt.net.tr\/Haber\/HaberDetay.aspx?HaberKodu=0399b132-4d29-4a60-9f6c-7be6c1a966df\">TRT HABER &#8211; Korsan\u0131 \u00d6nlemede Ortak M\u00fccadele<\/a><\/p>\n<p>\u0130\u00e7i\u015fleri ile K\u00fclt\u00fcr ve Turizm Bakanl\u0131klar\u0131 korsanla m\u00fccadele i\u00e7in i\u015fbirli\u011fi yap\u0131yor.<\/p>\n<p>Yay\u0131na Giri\u015f: 27.02.2010 14:43:49<br \/>\nG\u00fcncelleme: 27.02.2010 14:43:49<\/p>\n<p>\u0130\u00e7i\u015fleri Bakanl\u0131\u011f\u0131 ile K\u00fclt\u00fcr ve Turizm Bakanl\u0131\u011f\u0131 aras\u0131nda korsan\u0131 \u00f6nlemede ortak m\u00fccadeleye ili\u015fkin i\u015fbirli\u011fi protokol\u00fc imzaland\u0131.<\/p>\n<p>K\u00fclt\u00fcr ve Turizm Bakanl\u0131\u011f\u0131ndan yap\u0131lan a\u00e7\u0131klamaya g\u00f6re, \u0130\u00e7i\u015fleri Bakan\u0131 Be\u015fir Atalay ile K\u00fclt\u00fcr ve Turizm Bakan\u0131 Ertu\u011frul G\u00fcnay\u2019\u0131n imzalad\u0131\u011f\u0131 protokol, fikri hak ihlalleriyle etkin m\u00fccadele amac\u0131yla haz\u0131rland\u0131.<\/p>\n<p>Protokol, iki bakanl\u0131k aras\u0131nda ortak strateji ve politikalar\u0131n geli\u015ftirilerek taraflar aras\u0131nda i\u015fbirli\u011finin olu\u015fturulmas\u0131, uygulamada birlik sa\u011flanmas\u0131 ve fikri hak ihlalleriyle etkin m\u00fccadelenin ger\u00e7ekle\u015ftirilmesini ama\u00e7l\u0131yor.<\/p>\n<p>Sertifika Denetim Komisyonlar\u0131 Kurulacak<br \/>\n\u0130\u015fbirli\u011fi protokol\u00fc, 81 ilde sertifika denetim komisyonlar\u0131 kurulmas\u0131n\u0131 \u00f6ng\u00f6r\u00fcrken, ilk denetim komisyonlar\u0131 ve sertifika denetim komisyonlar\u0131n\u0131n fikri hak ihlalleriyle m\u00fccadele ekseninde daha etkin hale getirilmesi hedefleniyor.<\/p>\n<p>Protokol, Avrupa Birli\u011fi\u2019ne \u00fcyelik s\u00fcrecinde fikri m\u00fclkiyet hukuku kapsam\u0131nda uygulamada birlik sa\u011flanmas\u0131 ve kar\u015f\u0131la\u015f\u0131lan sorunlara y\u00f6nelik \u00e7\u00f6z\u00fcm yollar\u0131n\u0131 geli\u015ftirilmesi amac\u0131yla ilgili taraflar aras\u0131nda ortak strateji ve politikalar\u0131n geli\u015ftirilmesine y\u00f6nelik hedefleri de i\u00e7eriyor.<\/p>\n<p>Komisyonlar Daha Etkin Devrede Olacak<br \/>\nBu \u00e7er\u00e7evede, il denetim komisyonlar\u0131 ve sertifika denetim komisyonlar\u0131n\u0131n fikri hak ihlalleriyle m\u00fccadele ekseninde daha etkin hale getirilmesi ve b\u00f6ylece uygulaman\u0131n iyile\u015ftirilmesini sa\u011flamak i\u00e7in Emniyet Genel M\u00fcd\u00fcrl\u00fc\u011f\u00fc ile K\u00fclt\u00fcr ve Turizm Bakanl\u0131\u011f\u0131 Telif Haklar\u0131 ve Sinema Genel M\u00fcd\u00fcrl\u00fc\u011f\u00fcnce \u00f6nem arz eden \u00f6nlemler kararla\u015ft\u0131r\u0131lacak ve bunlar hayata ge\u00e7irilecek.<\/p>\n<p>\u0130l k\u00fclt\u00fcr ve turizm m\u00fcd\u00fcrl\u00fc\u011f\u00fc personeli ile kolluk, zab\u0131ta ve ilgili alan meslek birlikleri temsilcilerinden olu\u015fan il denetim komisyonlar\u0131 81 ilde faaliyete ge\u00e7irilerek sertifika denetim komisyonu kurulacak ve faaliyetlerini il denetim komisyonu ile birlikte y\u00fcr\u00fctecek.<\/p>\n<p>\u0130l denetim komisyonu ba\u015fkan\u0131, il emniyet m\u00fcd\u00fcr yard\u0131mc\u0131s\u0131, g\u00fcvenlik \u015fube m\u00fcd\u00fcr\u00fc veya \u015fube m\u00fcd\u00fcr yard\u0131mc\u0131lar\u0131ndan, ba\u015fkan yard\u0131mc\u0131s\u0131 ise il k\u00fclt\u00fcr ve turizm m\u00fcd\u00fcrl\u00fc\u011f\u00fcnden atanacak.<\/p>\n<p>D\u00fczenli Toplant\u0131 Yap\u0131lacak<br \/>\nTaraflar aras\u0131 koordinasyonun sa\u011flanmas\u0131 ve uygulamaya ili\u015fkin sorunlar\u0131n g\u00f6r\u00fc\u015f\u00fclmesi amac\u0131yla Emniyet Genel M\u00fcd\u00fcrl\u00fc\u011f\u00fc ile Telif Haklar\u0131 ve Sinema Genel M\u00fcd\u00fcrl\u00fc\u011f\u00fc \u00fcst d\u00fczey y\u00f6neticileri ayl\u0131k periyotlarla d\u00fczenli olarak toplanacak.<\/p>\n<p>Korsan\u0131n \u00f6nlenmesi amac\u0131yla her t\u00fcrl\u00fc seminer, konferans, \u00e7al\u0131\u015ftay gibi organizasyonlar, taraflar\u0131n i\u015fbirli\u011fiyle d\u00fczenlenecek.<\/p>\n","protected":false},"excerpt":{"rendered":"<p>TRT HABER &#8211; Korsan\u0131 \u00d6nlemede Ortak M\u00fccadele \u0130\u00e7i\u015fleri ile K\u00fclt\u00fcr ve Turizm Bakanl\u0131klar\u0131 korsanla m\u00fccadele i\u00e7in i\u015fbirli\u011fi yap\u0131yor. Yay\u0131na Giri\u015f: 27.02.2010 14:43:49 G\u00fcncelleme: 27.02.2010 14:43:49 \u0130\u00e7i\u015fleri Bakanl\u0131\u011f\u0131 ile K\u00fclt\u00fcr ve Turizm Bakanl\u0131\u011f\u0131 aras\u0131nda korsan\u0131 \u00f6nlemede ortak m\u00fccadeleye ili\u015fkin i\u015fbirli\u011fi protokol\u00fc imzaland\u0131. K\u00fclt\u00fcr ve Turizm Bakanl\u0131\u011f\u0131ndan yap\u0131lan a\u00e7\u0131klamaya g\u00f6re, \u0130\u00e7i\u015fleri Bakan\u0131 Be\u015fir Atalay ile K\u00fclt\u00fcr ve Turizm Bakan\u0131 Ertu\u011frul G\u00fcnay\u2019\u0131n imzalad\u0131\u011f\u0131&#8230;<\/p>\n","protected":false},"author":1,"featured_media":0,"comment_status":"open","ping_status":"closed","sticky":false,"template":"","format":"standard","meta":{"jetpack_post_was_ever_published":false,"_jetpack_newsletter_access":"","_jetpack_dont_email_post_to_subs":false,"_jetpack_newsletter_tier_id":0,"_jetpack_memberships_contains_paywalled_content":false,"_jetpack_memberships_contains_paid_content":false,"footnotes":"","jetpack_publicize_message":"","jetpack_publicize_feature_enabled":true,"jetpack_social_post_already_shared":false,"jetpack_social_options":{"image_generator_settings":{"template":"highway","default_image_id":0,"font":"","enabled":false},"version":2}},"categories":[36,33,67],"tags":[],"class_list":["post-896","post","type-post","status-publish","format-standard","hentry","category-fikri-haklar","category-korsan","category-turkiye"],"jetpack_publicize_connections":[],"jetpack_featured_media_url":"","jetpack_sharing_enabled":true,"jetpack_shortlink":"https:\/\/wp.me\/p7wjA8-es","jetpack-related-posts":[],"_links":{"self":[{"href":"https:\/\/privacy.cyber-rights.org.tr\/index.php?rest_route=\/wp\/v2\/posts\/896","targetHints":{"allow":["GET"]}}],"collection":[{"href":"https:\/\/privacy.cyber-rights.org.tr\/index.php?rest_route=\/wp\/v2\/posts"}],"about":[{"href":"https:\/\/privacy.cyber-rights.org.tr\/index.php?rest_route=\/wp\/v2\/types\/post"}],"author":[{"embeddable":true,"href":"https:\/\/privacy.cyber-rights.org.tr\/index.php?rest_route=\/wp\/v2\/users\/1"}],"replies":[{"embeddable":true,"href":"https:\/\/privacy.cyber-rights.org.tr\/index.php?rest_route=%2Fwp%2Fv2%2Fcomments&post=896"}],"version-history":[{"count":1,"href":"https:\/\/privacy.cyber-rights.org.tr\/index.php?rest_route=\/wp\/v2\/posts\/896\/revisions"}],"predecessor-version":[{"id":897,"href":"https:\/\/privacy.cyber-rights.org.tr\/index.php?rest_route=\/wp\/v2\/posts\/896\/revisions\/897"}],"wp:attachment":[{"href":"https:\/\/privacy.cyber-rights.org.tr\/index.php?rest_route=%2Fwp%2Fv2%2Fmedia&parent=896"}],"wp:term":[{"taxonomy":"category","embeddable":true,"href":"https:\/\/privacy.cyber-rights.org.tr\/index.php?rest_route=%2Fwp%2Fv2%2Fcategories&post=896"},{"taxonomy":"post_tag","embeddable":true,"href":"https:\/\/privacy.cyber-rights.org.tr\/index.php?rest_route=%2Fwp%2Fv2%2Ftags&post=896"}],"curies":[{"name":"wp","href":"https:\/\/api.w.org\/{rel}","templated":true}]}}