{"id":902,"date":"2010-03-01T12:10:04","date_gmt":"2010-03-01T09:10:04","guid":{"rendered":"http:\/\/privacy.cyber-rights.org.tr\/?p=902"},"modified":"2010-03-01T12:10:09","modified_gmt":"2010-03-01T09:10:09","slug":"danistaydan-telekulak-yonetmeligi-ile-ilgili-mufettisler-hakim-ve-savcilari-dinletemez-karari-cikti","status":"publish","type":"post","link":"https:\/\/privacy.cyber-rights.org.tr\/?p=902","title":{"rendered":"Dan\u0131\u015ftay&#8217;dan telekulak y\u00f6netmeli\u011fi ile ilgili &#8216;M\u00fcfetti\u015fler hakim ve savc\u0131lar\u0131 dinletemez&#8221; karar\u0131 \u00e7\u0131kt\u0131."},"content":{"rendered":"<p><a href=\"http:\/\/haber.frmtr.com\/ext.php?ref=http:\/\/www.cafesiyaset.com\/haber\/20100225\/Danistaydan-kritik-dinleme-karari.php\">Forum TR Haber<\/a>: &#8220;&#8221;<\/p>\n<p>25 \u015eubat 2010 17:40<\/p>\n<p>Dan\u0131\u015ftay&#8217;dan telekulak y\u00f6netmeli\u011fi ile ilgili &#8216;M\u00fcfetti\u015fler hakim ve savc\u0131lar\u0131 dinletemez&#8221; karar\u0131 \u00e7\u0131kt\u0131.<\/p>\n<p>Eski YARSAV Ba\u015fkan\u0131 \u00d6mer Faruk Emina\u011fao\u011flu, 24 Ocak 2007 tarihli Adalet Bakanl\u0131\u011f\u0131 Tefti\u015f Kurulu y\u00f6netmeli\u011finin 98. maddesinin 1. f\u0131kras\u0131ndaki, &#8221;\u0130nceleme ve&#8221; ibaresinin, a bendindeki &#8221;inceleme ve&#8221; ibaresinin ve (\u00e7) bendindeki &#8221;haberle\u015fmenin tespiti ve dinlenmesi gibi delil toplama&#8221; ibaresinin iptali ve y\u00fcr\u00fctmesinin durdurulmas\u0131 istemiyle Dan\u0131\u015ftayda dava a\u00e7m\u0131\u015ft\u0131.<\/p>\n<p>Dan\u0131\u015ftay 5. Dairesi, Adalet Bakanl\u0131\u011f\u0131 m\u00fcfetti\u015flerinin, hakim ve savc\u0131lar hakk\u0131nda dinleme ve teknik takip yapma karar\u0131 ald\u0131rmas\u0131na olanak tan\u0131yan Adalet Bakanl\u0131\u011f\u0131 Tefti\u015f Kurulu Y\u00f6netmeli\u011finin 98. maddesinin (\u00e7) bendinin y\u00fcr\u00fctmesini oy birli\u011fiyle durdurmu\u015ftu.<\/p>\n<p>Daval\u0131 Adalet Bakanl\u0131\u011f\u0131, dairenin bu karar\u0131na itiraz etti.<\/p>\n<p>Dan\u0131\u015ftay \u0130dari Dava Daireleri Kurulu, itiraz\u0131 oy birli\u011fiyle reddetti.<\/p>\n<p>Kaynak: AA<\/p>\n","protected":false},"excerpt":{"rendered":"<p>Forum TR Haber: &#8220;&#8221; 25 \u015eubat 2010 17:40 Dan\u0131\u015ftay&#8217;dan telekulak y\u00f6netmeli\u011fi ile ilgili &#8216;M\u00fcfetti\u015fler hakim ve savc\u0131lar\u0131 dinletemez&#8221; karar\u0131 \u00e7\u0131kt\u0131. Eski YARSAV Ba\u015fkan\u0131 \u00d6mer Faruk Emina\u011fao\u011flu, 24 Ocak 2007 tarihli Adalet Bakanl\u0131\u011f\u0131 Tefti\u015f Kurulu y\u00f6netmeli\u011finin 98. maddesinin 1. f\u0131kras\u0131ndaki, &#8221;\u0130nceleme ve&#8221; ibaresinin, a bendindeki &#8221;inceleme ve&#8221; ibaresinin ve (\u00e7) bendindeki &#8221;haberle\u015fmenin tespiti ve dinlenmesi gibi delil toplama&#8221; ibaresinin iptali ve&#8230;<\/p>\n","protected":false},"author":1,"featured_media":0,"comment_status":"open","ping_status":"closed","sticky":false,"template":"","format":"standard","meta":{"jetpack_post_was_ever_published":false,"_jetpack_newsletter_access":"","_jetpack_dont_email_post_to_subs":false,"_jetpack_newsletter_tier_id":0,"_jetpack_memberships_contains_paywalled_content":false,"_jetpack_memberships_contains_paid_content":false,"footnotes":"","jetpack_publicize_message":"","jetpack_publicize_feature_enabled":true,"jetpack_social_post_already_shared":false,"jetpack_social_options":{"image_generator_settings":{"template":"highway","default_image_id":0,"font":"","enabled":false},"version":2}},"categories":[132,15,14,67],"tags":[],"class_list":["post-902","post","type-post","status-publish","format-standard","hentry","category-danistay","category-gizli-dinleme","category-telekulak","category-turkiye"],"jetpack_publicize_connections":[],"jetpack_featured_media_url":"","jetpack_sharing_enabled":true,"jetpack_shortlink":"https:\/\/wp.me\/p7wjA8-ey","jetpack-related-posts":[],"_links":{"self":[{"href":"https:\/\/privacy.cyber-rights.org.tr\/index.php?rest_route=\/wp\/v2\/posts\/902","targetHints":{"allow":["GET"]}}],"collection":[{"href":"https:\/\/privacy.cyber-rights.org.tr\/index.php?rest_route=\/wp\/v2\/posts"}],"about":[{"href":"https:\/\/privacy.cyber-rights.org.tr\/index.php?rest_route=\/wp\/v2\/types\/post"}],"author":[{"embeddable":true,"href":"https:\/\/privacy.cyber-rights.org.tr\/index.php?rest_route=\/wp\/v2\/users\/1"}],"replies":[{"embeddable":true,"href":"https:\/\/privacy.cyber-rights.org.tr\/index.php?rest_route=%2Fwp%2Fv2%2Fcomments&post=902"}],"version-history":[{"count":1,"href":"https:\/\/privacy.cyber-rights.org.tr\/index.php?rest_route=\/wp\/v2\/posts\/902\/revisions"}],"predecessor-version":[{"id":903,"href":"https:\/\/privacy.cyber-rights.org.tr\/index.php?rest_route=\/wp\/v2\/posts\/902\/revisions\/903"}],"wp:attachment":[{"href":"https:\/\/privacy.cyber-rights.org.tr\/index.php?rest_route=%2Fwp%2Fv2%2Fmedia&parent=902"}],"wp:term":[{"taxonomy":"category","embeddable":true,"href":"https:\/\/privacy.cyber-rights.org.tr\/index.php?rest_route=%2Fwp%2Fv2%2Fcategories&post=902"},{"taxonomy":"post_tag","embeddable":true,"href":"https:\/\/privacy.cyber-rights.org.tr\/index.php?rest_route=%2Fwp%2Fv2%2Ftags&post=902"}],"curies":[{"name":"wp","href":"https:\/\/api.w.org\/{rel}","templated":true}]}}