{"id":908,"date":"2010-03-04T16:42:46","date_gmt":"2010-03-04T13:42:46","guid":{"rendered":"http:\/\/privacy.cyber-rights.org.tr\/?p=908"},"modified":"2010-03-04T16:42:55","modified_gmt":"2010-03-04T13:42:55","slug":"youtubesuz-kultur-baskenti-olmaz-radikal-internet","status":"publish","type":"post","link":"https:\/\/privacy.cyber-rights.org.tr\/?p=908","title":{"rendered":"YouTube&#8217;suz k\u00fclt\u00fcr ba\u015fkenti olmaz \/ Radikal \u0130nternet"},"content":{"rendered":"<p><a href=\"http:\/\/www.radikal.com.tr\/Radikal.aspx?aType=RadikalHaberDetay&#038;Date=17.02.2010&#038;ArticleID=980733\">YouTube&#8217;suz k\u00fclt\u00fcr ba\u015fkenti olmaz \/ Yorum \/ Radikal \u0130nternet<\/a><\/p>\n<p>17\/02\/2010 01:11<\/p>\n<p>T\u00fcrkiye&#8217;nin ekonomisi b\u00fcy\u00fcrken bir internet sitesini kim takar diyebilirsiniz. Fakat tiranl\u0131k insanlar\u0131n yava\u015f yava\u015f susturulmas\u0131yla ba\u015flar. YouTube yasa\u011f\u0131n\u0131n ne k\u00fclt\u00fcrle ne de Avrupa&#8217;yla ilgisi var; \u0130stanbul&#8217;un Avrupa K\u00fclt\u00fcr Ba\u015fkenti stat\u00fcs\u00fc yasak kalkana kadar ask\u0131ya al\u0131nmal\u0131<\/p>\n<p>DAVID KEYES<\/p>\n<p>\u0130stanbul\u2019un g\u00f6be\u011findeki S\u0131raselviler Caddesi\u2019nde kald\u0131\u011f\u0131m otelin balkonundan, bu hareketli ve modern metropol\u00fcn ni\u00e7in AB\u2019ye \u00fcye olmay\u0131 hak etti\u011fini gayet iyi g\u00f6rebiliyorum. T\u00fcrkiye gururlu ve \u0131l\u0131ml\u0131 bir M\u00fcsl\u00fcman demokrasi; g\u00fc\u00e7l\u00fc bir ekonomiye sahip, Ortado\u011fu\u2019nun geri kalan\u0131ndaki umutsuzlu\u011fa ve i\u015flevsizli\u011fe \u00e7arp\u0131c\u0131 bir alternatif sunuyor.<br \/>\nDo\u011fu\u2019yla Bat\u0131, laiklikle gelenek ve dinle ho\u015fg\u00f6r\u00fc aras\u0131ndaki bu k\u00f6pr\u00fcden \u00f6yle etkilendim ki, T\u00fcrkiye\u2019nin<br \/>\nAB \u00fcyeli\u011fini destekleyen bir YouTube videosu haz\u0131rlamaya karar verdim. Daha do\u011frusu, YouTube h\u00fck\u00fcmet taraf\u0131ndan engellenmi\u015f olmasayd\u0131 \u00f6yle yapacakt\u0131m&#8230;<\/p>\n<p>T\u00fcrkiye ikili oynuyor<br \/>\nT\u00fcrklerin, en pop\u00fcler internet sitelerinden YouTube\u2019a eri\u015fimi 2008\u2019den bu yana yasak. Siteye girmeye \u00e7al\u0131\u015f\u0131\u011f\u0131mda ekran\u0131mda \u015fu mesaj \u00e7\u0131k\u0131yor: \u2018Ankara 1. Sulh Ceza Mahkemesi\u2019nin, 05.05.2008 tarih ve 2008\/402 nolu KORUMA TEDB\u0130R\u0130 kapsam\u0131nda bu internet sitesi (youtube.com) hakk\u0131nda verdi\u011fi karar Telekom\u00fcnikasyon \u0130leti\u015fim Ba\u015fkanl\u0131\u011f\u0131\u2019nca uygulanmaktad\u0131r.\u2019 T\u00fcrkiye\u2019nin en b\u00fcy\u00fck internet sa\u011flay\u0131c\u0131s\u0131 olan T\u00fcrk Telekom\u2019un genel m\u00fcd\u00fcr\u00fc, kendisinin YouTube\u2019a konulan videolar\u0131 yarg\u0131layacak konumda olmad\u0131\u011f\u0131n\u0131, sadece bir yasa\u011f\u0131 uygulamas\u0131 y\u00f6n\u00fcndeki mahkeme kararlar\u0131na uydu\u011funu s\u00f6yl\u00fcyor.<br \/>\nYouTube T\u00fcrkiye\u2019de ni\u00e7in mi yasak? \u00c7\u00fcnk\u00fc birisi cumhuriyetin kurucu atas\u0131na hakaret etme c\u00fcretini g\u00f6sterdi. 2007\u2019nin ba\u015flar\u0131nda, Yunanistan kaynakl\u0131 oldu\u011fu s\u00f6ylenen ve Mustafa Kemal Atat\u00fcrk\u2019\u00fc e\u015fcinsellikle su\u00e7layan \u00e7ok say\u0131da video siteye konuldu. Baz\u0131 videolar T\u00fcrkiye\u2019den \u2018K\u00fc\u00e7\u00fck Asya\u2019 diye s\u00f6z ediyor ve T\u00fcrk bayra\u011f\u0131na hakaret ediyordu. Ard\u0131ndan May\u0131s 2007\u2019de, h\u00fck\u00fcmetin Atat\u00fcrk\u2019e hakaret eden her siteye eri\u015fimi yasaklamas\u0131na olanak tan\u0131yan bir yasa \u00e7\u0131kar\u0131ld\u0131. Ceza Yasas\u0131\u2019n\u0131n 301. maddesi de \u2018T\u00fcrk ulusu\u2019na hakaret etme su\u00e7unu i\u015fleyenler i\u00e7in iki y\u0131la kadar hapis cezas\u0131 \u00f6ng\u00f6r\u00fcyor. \u015eu T\u00fcrkler hassas insanlar.<br \/>\nYouTube yasa\u011f\u0131n\u0131n ad\u0131n\u0131 do\u011fru koymal\u0131: Derin bir g\u00fcvensizlik hissiyat\u0131 ve insan\u0131n en temel haklar\u0131n\u0131n bast\u0131r\u0131lmas\u0131. Bug\u00fcn her internet sitesini kapatmak veya her muhalifi, b\u0131rak\u0131n cezaland\u0131rmay\u0131, tek tek tespit etmek bile imk\u00e2ns\u0131z. Bunun yerine, ba\u015fkalar\u0131na g\u00f6zda\u011f\u0131 vermek i\u00e7in belirli internet siteleri ve insanlar kullan\u0131l\u0131yor. K\u00fc\u00e7\u00fck bir restoran\u0131n sahibi olan Mehmet bana \u015f\u00f6yle diyor: \u2018Atat\u00fcrk\u2019\u00fc ele\u015ftirirseniz h\u00fck\u00fcmet sizi yerin yedi kat dibine g\u00f6mecektir. \u00c7ok g\u00fc\u00e7l\u00fcler ve insanlar aras\u0131nda korku duygusu h\u00e2kim.\u2019<br \/>\nPrinceton \u00dcniversitesi\u2019nin \u00fcnl\u00fc profes\u00f6r\u00fc Bernard Lewis, T\u00fcrkiye\u2019yle \u0130ran\u2019\u0131n yak\u0131n gelecekte yer de\u011fi\u015ftirebilece\u011fi konusunda beni tekrar tekrar uyarm\u0131\u015ft\u0131. T\u00fcrkiye\u2019nin giderek daha radikal hale geldi\u011fini, \u0130ran\u2019\u0131n da ger\u00e7ek bir demokratik devrimin e\u015fi\u011finde olabilece\u011fini s\u00f6ylemeye \u00e7al\u0131\u015f\u0131yordu. Bu teoriyi birka\u00e7 T\u00fcrk\u2019e anlatt\u0131m ve bir\u00e7o\u011fu buna kat\u0131lmad\u0131. Fakat T\u00fcrkiye\u2019nin ikili bir oyun oynad\u0131\u011f\u0131 da \u015f\u00fcphe g\u00f6t\u00fcrmez. Kendisini bir taraftan modern, geli\u015fmi\u015f, se\u00e7imler d\u00fczenleyen bir demokrasi olarak sunuyor. Di\u011fer taraftan temel internet sitelerini yasakl\u0131yor ve kurucu atas\u0131na \u2018hakaret eden\u2019 herkesi hapis cezas\u0131yla tehdit ediyor. T\u00fcrklere Romal\u0131 tarih\u00e7i Suetonius\u2019un \u015fu s\u00f6zleri hat\u0131rlat\u0131lmal\u0131: \u2018Ger\u00e7ek \u00f6zg\u00fcrl\u00fc\u011f\u00fcn tad\u0131n\u0131 \u00e7\u0131karan bir \u00fclkede, insanlar \u00f6zg\u00fcrce d\u00fc\u015f\u00fcnebilmeli ve bu d\u00fc\u015f\u00fcncelerini \u00f6zg\u00fcrce ifade edebilmeli.\u2019<br \/>\nT\u00fcrkiye\u2019nin ekonomisi b\u00fcy\u00fcrken ve kaotik bir b\u00f6lgeye istikrar getirirken, aptalca bir internet sitesini kim takar diye d\u00fc\u015f\u00fcnebilirsiniz. Yan\u0131t \u015fu ki, bu i\u015f hep b\u00f6yle ba\u015flar: \u00d6nce bir internet sitesi, sonra bir gazeteci. Tiranl\u0131k bir g\u00fcnde egemen olmaz. \u0130nsanlar\u0131n \u015fartland\u0131\u011f\u0131, sistemin par\u00e7as\u0131 haline getirildi\u011fi ve susup boyun e\u011fmeleri i\u00e7in korkutuldu\u011fu bir s\u00fcre\u00e7tir bu. Ortado\u011fu \u00fczerine haberler yapan Amerikal\u0131 bir gazeteci arkada\u015f\u0131m derin bir nefes al\u0131p, YouTube yasa\u011f\u0131 da dahil olmak \u00fczere art\u0131k burada hi\u00e7bir \u015feye \u015fa\u015f\u0131rmad\u0131\u011f\u0131n\u0131 s\u00f6yl\u00fcyor. Fakat otoriterlik \u00e7irkin ba\u015f\u0131n\u0131 ne zaman kald\u0131rsa bir kez daha \u015foke olmam\u0131z fazlas\u0131yla \u00f6nem kazan\u0131yor.<\/p>\n<p>Ayasofya\u2019daki mesaj yetmez<br \/>\nAB \u0130stanbul\u2019u bu sene \u2018Avrupa K\u00fclt\u00fcr Ba\u015fkenti\u2019 olarak se\u00e7ti ve bu durum T\u00fcrkiye\u2019ye k\u00fclt\u00fcrel geli\u015fmi\u015fli\u011fini d\u00fcnya vitrinine \u00e7\u0131karma \u015fans\u0131n\u0131 veriyor. Ayasofya\u2019n\u0131n ve T\u00fcrk Havayollar\u0131 u\u00e7aklar\u0131n\u0131n \u00fczerindeki b\u00fcy\u00fck reklamlar bu mesaj\u0131 gururla ta\u015f\u0131yor. Fakat vatanda\u015flar\u0131n\u0131z\u0131 YouTube\u2019u izlemekten al\u0131koyman\u0131n, k\u00fclt\u00fcr bir yana, Avrupal\u0131 olmakla hi\u00e7bir ilgisi yok. T\u00fcrkiye\u2019nin \u2018K\u00fclt\u00fcr Ba\u015fkenti\u2019 olarak stat\u00fcs\u00fc yasak kalkana kadar ask\u0131ya al\u0131nmal\u0131.<\/p>\n<p>Bir ulusun g\u00fcc\u00fc hakaretleri yasaklama becerisinden ziyade, muhalefete ve ele\u015ftirilere tan\u0131d\u0131\u011f\u0131 alandan kaynaklan\u0131r. (\u0130nternet sans\u00fcr\u00fcne kar\u015f\u0131 \u00e7al\u0131\u015fmalar yapan CyberDissidents.org adl\u0131 sitenin direkt\u00f6r\u00fc, 16 \u015eubat 2010)<\/p>\n","protected":false},"excerpt":{"rendered":"<p>YouTube&#8217;suz k\u00fclt\u00fcr ba\u015fkenti olmaz \/ Yorum \/ Radikal \u0130nternet 17\/02\/2010 01:11 T\u00fcrkiye&#8217;nin ekonomisi b\u00fcy\u00fcrken bir internet sitesini kim takar diyebilirsiniz. Fakat tiranl\u0131k insanlar\u0131n yava\u015f yava\u015f susturulmas\u0131yla ba\u015flar. YouTube yasa\u011f\u0131n\u0131n ne k\u00fclt\u00fcrle ne de Avrupa&#8217;yla ilgisi var; \u0130stanbul&#8217;un Avrupa K\u00fclt\u00fcr Ba\u015fkenti stat\u00fcs\u00fc yasak kalkana kadar ask\u0131ya al\u0131nmal\u0131 DAVID KEYES \u0130stanbul\u2019un g\u00f6be\u011findeki S\u0131raselviler Caddesi\u2019nde kald\u0131\u011f\u0131m otelin balkonundan, bu hareketli ve modern metropol\u00fcn&#8230;<\/p>\n","protected":false},"author":1,"featured_media":0,"comment_status":"open","ping_status":"closed","sticky":false,"template":"","format":"standard","meta":{"jetpack_post_was_ever_published":false,"_jetpack_newsletter_access":"","_jetpack_dont_email_post_to_subs":false,"_jetpack_newsletter_tier_id":0,"_jetpack_memberships_contains_paywalled_content":false,"_jetpack_memberships_contains_paid_content":false,"footnotes":"","jetpack_publicize_message":"","jetpack_publicize_feature_enabled":true,"jetpack_social_post_already_shared":false,"jetpack_social_options":{"image_generator_settings":{"template":"highway","default_image_id":0,"font":"","enabled":false},"version":2}},"categories":[22,5,21,3,67,4],"tags":[],"class_list":["post-908","post","type-post","status-publish","format-standard","hentry","category-5651-nolu-kanun","category-dusunce-ozgurlugu","category-erisim-engelleme","category-sansur","category-turkiye","category-youtube"],"jetpack_publicize_connections":[],"jetpack_featured_media_url":"","jetpack_sharing_enabled":true,"jetpack_shortlink":"https:\/\/wp.me\/p7wjA8-eE","jetpack-related-posts":[],"_links":{"self":[{"href":"https:\/\/privacy.cyber-rights.org.tr\/index.php?rest_route=\/wp\/v2\/posts\/908","targetHints":{"allow":["GET"]}}],"collection":[{"href":"https:\/\/privacy.cyber-rights.org.tr\/index.php?rest_route=\/wp\/v2\/posts"}],"about":[{"href":"https:\/\/privacy.cyber-rights.org.tr\/index.php?rest_route=\/wp\/v2\/types\/post"}],"author":[{"embeddable":true,"href":"https:\/\/privacy.cyber-rights.org.tr\/index.php?rest_route=\/wp\/v2\/users\/1"}],"replies":[{"embeddable":true,"href":"https:\/\/privacy.cyber-rights.org.tr\/index.php?rest_route=%2Fwp%2Fv2%2Fcomments&post=908"}],"version-history":[{"count":1,"href":"https:\/\/privacy.cyber-rights.org.tr\/index.php?rest_route=\/wp\/v2\/posts\/908\/revisions"}],"predecessor-version":[{"id":909,"href":"https:\/\/privacy.cyber-rights.org.tr\/index.php?rest_route=\/wp\/v2\/posts\/908\/revisions\/909"}],"wp:attachment":[{"href":"https:\/\/privacy.cyber-rights.org.tr\/index.php?rest_route=%2Fwp%2Fv2%2Fmedia&parent=908"}],"wp:term":[{"taxonomy":"category","embeddable":true,"href":"https:\/\/privacy.cyber-rights.org.tr\/index.php?rest_route=%2Fwp%2Fv2%2Fcategories&post=908"},{"taxonomy":"post_tag","embeddable":true,"href":"https:\/\/privacy.cyber-rights.org.tr\/index.php?rest_route=%2Fwp%2Fv2%2Ftags&post=908"}],"curies":[{"name":"wp","href":"https:\/\/api.w.org\/{rel}","templated":true}]}}