{"id":910,"date":"2010-03-04T19:50:01","date_gmt":"2010-03-04T16:50:01","guid":{"rendered":"http:\/\/privacy.cyber-rights.org.tr\/?p=910"},"modified":"2010-03-04T19:50:08","modified_gmt":"2010-03-04T16:50:08","slug":"bianet-site-yetkilisi-yarkadasa-okur-yorumundan-5-yil-istendi","status":"publish","type":"post","link":"https:\/\/privacy.cyber-rights.org.tr\/?p=910","title":{"rendered":"Bianet: Site Yetkilisi Yarkada\u015f&#8217;a, Okur Yorumundan 5 Y\u0131l \u0130stendi"},"content":{"rendered":"<p><a href=\"http:\/\/www.bianet.org\/bianet\/ifade-ozgurlugu\/120422-site-yetkilisi-yarkadasa-okur-yorumundan-5-yil-istendi\">Bianet :: Site Yetkilisi Yarkada\u015f&#8217;a, Okur Yorumundan 5 Y\u0131l \u0130stendi &#8211; Bianet<\/a><\/p>\n<p>Ger\u00e7ek G\u00fcndem sitesi yay\u0131n y\u00f6netmeni Bar\u0131\u015f Yarkada\u015f, bir okur yorumu nedeniyle &#8221;Cumhurba\u015fkan\u0131na hakaret&#8221;ten yarg\u0131land\u0131\u011f\u0131 davada &#8221;Sayfalar\u0131m\u0131z\u0131 Cumhurba\u015fkanl\u0131\u011fa ili\u015fkin yoruma tamamen kapatt\u0131k&#8217; dedi. RSF de davaya tepki g\u00f6sterdi.<\/p>\n<p>\u0130stanbul &#8211; B\u0130A Haber Merkezi<br \/>\n04 Mart 2010, Per\u015fembe<\/p>\n<p>Kad\u0131k\u00f6y 7. Asliye Ceza Mahkemesi, Abdullah G\u00fcl ile ilgili bir okur yorumuna yer verdi gerek\u00e7esiyle Ger\u00e7ek G\u00fcndem.com sitesi yay\u0131n y\u00f6netmeni Bar\u0131\u015f Yarkada\u015f&#8217;\u0131 Cumhurba\u015fkanl\u0131\u011f\u0131&#8217;n\u0131n \u015fikayetiyle 5 y\u0131l 4 ay hapis istemiyle yarg\u0131lamaya ba\u015flad\u0131.<\/p>\n<p>D\u00fcn (3 Mart) ba\u015flayan davada ifade veren Yarkada\u015f, &#8216;Yeni davalarla kar\u015f\u0131 kar\u015f\u0131ya kalmamak i\u00e7in Abdullah G\u00fcl haberlerini okurlar\u0131n yorumuna kapatt\u0131k. Bir anlamda oto-sans\u00fcr uyguluyoruz&#8217; dedi.<\/p>\n<p>RSF: Ele\u015ftirileri bast\u0131rma giri\u015fimi<\/p>\n<p>Merkezi Fransa&#8217;da bulunan S\u0131n\u0131r Tan\u0131mayan Gazeteciler (RSF) \u00d6rg\u00fct\u00fc, Yarkada\u015f&#8217;a dava a\u00e7mas\u0131n\u0131 &#8216;ele\u015ftirileri bast\u0131rma giri\u015fimi&#8217; olarak de\u011ferlendiren bir a\u00e7\u0131klama yay\u0131mlad\u0131.<\/p>\n<p>Ermenistan Cumhurba\u015fkan\u0131 Serj Sarkisyan&#8217;\u0131n T\u00fcrkiye&#8217;ye y\u00f6nelik s\u00f6zlerini yay\u0131mlayan siteden Yarkada\u015f, 24 Nisan 2009&#8217;da &#8216;T\u00fcrkeli27&#8217; rumuzlu bir okurun g\u00f6nderdi\u011fi ve &#8221;Sarkisyan&#8217;\u0131n T\u00fcrkiye&#8217;ye meydan okudu\u011funu, bunun da G\u00fcl&#8217;\u00fcn tavr\u0131ndan kaynakland\u0131\u011f\u0131&#8221; \u015feklindeki yoruma yer verince kendisini mahkemede buldu.<\/p>\n<p>Yarkada\u015f, \u015fimdi &#8221;Cumhurba\u015fkan\u0131&#8217;na hakaret&#8221; su\u00e7unu i\u00e7eren T\u00fcrk Ceza Yasas\u0131&#8217;n\u0131n (TCK) 299\/1, 2, 3 ve 53. maddelerinden yarg\u0131lan\u0131yor.<\/p>\n<p>&#8221;Sayfalar\u0131m\u0131z\u0131 Cumhurba\u015fkanl\u0131k haberlerine kapatt\u0131k&#8221;<\/p>\n<p>D\u00fcnk\u00fc duru\u015fmaya, Yarkada\u015f&#8217;\u0131n yan\u0131 s\u0131ra avukatlar\u0131 Avukat Nalan Gonca \u00c7elik, Metin Florinal\u0131, Erdal Do\u011fan ve Sennur Beybo\u011fa da kat\u0131ld\u0131lar; su\u00e7un \u015fahsili\u011fi ilkesine dayanarak Yarkada\u015f&#8217;\u0131n yarg\u0131lanamayaca\u011f\u0131n\u0131 savunarak gazetecinin beraatini istediler.<\/p>\n<p>Yarkada\u015f, &#8216;Cumhurba\u015fkan\u0131na hakaret kast\u0131m\u0131z ve niyetimiz yok. Zaten isnat edilen su\u00e7u da ben i\u015flemedim. Yazmad\u0131\u011f\u0131m bir yorum y\u00fcz\u00fcnden yarg\u0131lan\u0131yorum&#8217; diyerek kendisini savundu.<\/p>\n<p>&#8216;Hakaret kast\u0131m\u0131z ve niyetimizin olmad\u0131\u011f\u0131n\u0131 g\u00f6stermek i\u00e7in hi\u00e7bir hukuki zorunluluk yokken yorumu siteden kald\u0131rd\u0131k. Bu yorum yay\u0131mland\u0131\u011f\u0131 d\u00f6nemde okurlar\u0131n d\u00fc\u015f\u00fcnceleri filtre kullan\u0131lmadan sayfaya konuluyordu. Bu \u015fikayetle yeni bir yaz\u0131l\u0131mla yorumlar\u0131 denetimden ge\u00e7irmeye ba\u015flad\u0131k. Sayfalar\u0131m\u0131z\u0131 Cumhurba\u015fkanl\u0131\u011fa ili\u015fkin yoruma tamamen kapatt\u0131k.&#8217;<\/p>\n<p>Oto-sans\u00fcr diyalogu<\/p>\n<p>Hakim Tahsin Do\u011fan&#8217;\u0131n &#8216;Yorumlar i\u00e7in oto-kontrol m\u00fc uygulamaya ba\u015flad\u0131n\u0131z?&#8217; diye sormas\u0131 \u00fczerine Yarkada\u015f, &#8216;Yeni bir davayla kar\u015f\u0131 kar\u015f\u0131ya kalmamak i\u00e7in oto-sans\u00fcr uyguluyoruz&#8217; cevab\u0131n\u0131 verdi. Avukat Do\u011fan da uygulamay\u0131 &#8216;oto-sans\u00fcr&#8217; olarak niteledi.<\/p>\n<p>Hakim Do\u011fan&#8217;\u0131n, &#8216;Yorumlar\u0131 yay\u0131mlamaya \u015fimdi nas\u0131l karar veriyorsunuz?&#8217; sorusuna Yarkada\u015f, &#8216;Hakaret ve ele\u015ftiri herkesin bak\u0131\u015f\u0131na g\u00f6re de\u011fi\u015fiyor. Hukuk bilgimiz ve sezgilerimize g\u00f6re yorumlar\u0131 yay\u0131ml\u0131yoruz. Buna zaten siz karar vereceksiniz&#8217; diye yan\u0131t verdi.<\/p>\n<p>Bu okurun Bili\u015fim Su\u00e7lar\u0131yla \u015eube M\u00fcd\u00fcrl\u00fc\u011f\u00fc&#8217;nce Danimarka&#8217;da ya\u015fad\u0131\u011f\u0131n\u0131n tespit edildi\u011fini aktaran Yarkada\u015f, &#8216;Yazmad\u0131\u011f\u0131m\u0131z bir yorum y\u00fcz\u00fcnden yarg\u0131lan\u0131yoruz. D\u00fcnyan\u0131n \u00e7e\u015fitli \u00fclkelerinde de bu t\u00fcr davalar var. Ancak o \u00fclkelerde e\u011fer bir su\u00e7 varsa, su\u00e7a konu olan i\u00e7erik yay\u0131ndan kald\u0131r\u0131l\u0131yor. Biz de ayn\u0131s\u0131n\u0131 yapt\u0131k&#8217; ifadesini kulland\u0131. Yarg\u0131lamaya 9 Haziran&#8217;da devam edilecek.<\/p>\n<p>Duru\u015fmay\u0131 Ak\u015fam gazetesi yazar\u0131 Mustafa Dolu, Cumhuriyet Halk Partisi (CHP) Bas\u0131n Dan\u0131\u015fman\u0131 Veysi \u015eahin ile CHP Sayman\u0131 \u0130lhan \u00c7elik de izlediler. (E\u00d6)<\/p>\n","protected":false},"excerpt":{"rendered":"<p>Bianet :: Site Yetkilisi Yarkada\u015f&#8217;a, Okur Yorumundan 5 Y\u0131l \u0130stendi &#8211; Bianet Ger\u00e7ek G\u00fcndem sitesi yay\u0131n y\u00f6netmeni Bar\u0131\u015f Yarkada\u015f, bir okur yorumu nedeniyle &#8221;Cumhurba\u015fkan\u0131na hakaret&#8221;ten yarg\u0131land\u0131\u011f\u0131 davada &#8221;Sayfalar\u0131m\u0131z\u0131 Cumhurba\u015fkanl\u0131\u011fa ili\u015fkin yoruma tamamen kapatt\u0131k&#8217; dedi. RSF de davaya tepki g\u00f6sterdi. \u0130stanbul &#8211; B\u0130A Haber Merkezi 04 Mart 2010, Per\u015fembe Kad\u0131k\u00f6y 7. Asliye Ceza Mahkemesi, Abdullah G\u00fcl ile ilgili bir okur yorumuna&#8230;<\/p>\n","protected":false},"author":1,"featured_media":0,"comment_status":"open","ping_status":"closed","sticky":false,"template":"","format":"standard","meta":{"jetpack_post_was_ever_published":false,"_jetpack_newsletter_access":"","_jetpack_dont_email_post_to_subs":false,"_jetpack_newsletter_tier_id":0,"_jetpack_memberships_contains_paywalled_content":false,"_jetpack_memberships_contains_paid_content":false,"footnotes":"","jetpack_publicize_message":"","jetpack_publicize_feature_enabled":true,"jetpack_social_post_already_shared":false,"jetpack_social_options":{"image_generator_settings":{"template":"highway","default_image_id":0,"font":"","enabled":false},"version":2}},"categories":[134,133,28],"tags":[],"class_list":["post-910","post","type-post","status-publish","format-standard","hentry","category-cumhurbaskanligi","category-gercek-gundem","category-hakaret"],"jetpack_publicize_connections":[],"jetpack_featured_media_url":"","jetpack_sharing_enabled":true,"jetpack_shortlink":"https:\/\/wp.me\/p7wjA8-eG","jetpack-related-posts":[],"_links":{"self":[{"href":"https:\/\/privacy.cyber-rights.org.tr\/index.php?rest_route=\/wp\/v2\/posts\/910","targetHints":{"allow":["GET"]}}],"collection":[{"href":"https:\/\/privacy.cyber-rights.org.tr\/index.php?rest_route=\/wp\/v2\/posts"}],"about":[{"href":"https:\/\/privacy.cyber-rights.org.tr\/index.php?rest_route=\/wp\/v2\/types\/post"}],"author":[{"embeddable":true,"href":"https:\/\/privacy.cyber-rights.org.tr\/index.php?rest_route=\/wp\/v2\/users\/1"}],"replies":[{"embeddable":true,"href":"https:\/\/privacy.cyber-rights.org.tr\/index.php?rest_route=%2Fwp%2Fv2%2Fcomments&post=910"}],"version-history":[{"count":1,"href":"https:\/\/privacy.cyber-rights.org.tr\/index.php?rest_route=\/wp\/v2\/posts\/910\/revisions"}],"predecessor-version":[{"id":911,"href":"https:\/\/privacy.cyber-rights.org.tr\/index.php?rest_route=\/wp\/v2\/posts\/910\/revisions\/911"}],"wp:attachment":[{"href":"https:\/\/privacy.cyber-rights.org.tr\/index.php?rest_route=%2Fwp%2Fv2%2Fmedia&parent=910"}],"wp:term":[{"taxonomy":"category","embeddable":true,"href":"https:\/\/privacy.cyber-rights.org.tr\/index.php?rest_route=%2Fwp%2Fv2%2Fcategories&post=910"},{"taxonomy":"post_tag","embeddable":true,"href":"https:\/\/privacy.cyber-rights.org.tr\/index.php?rest_route=%2Fwp%2Fv2%2Ftags&post=910"}],"curies":[{"name":"wp","href":"https:\/\/api.w.org\/{rel}","templated":true}]}}